{"id":79504,"date":"2018-07-03T10:54:10","date_gmt":"2018-07-03T13:54:10","guid":{"rendered":"http:\/\/www.elsindical.com.ar\/notas\/?p=79504"},"modified":"2018-07-03T10:54:10","modified_gmt":"2018-07-03T13:54:10","slug":"mandamientos-y-notificaciones-retoma-las-medidas-de-fuerza","status":"publish","type":"post","link":"https:\/\/www.elsindical.com.ar\/notas\/mandamientos-y-notificaciones-retoma-las-medidas-de-fuerza\/","title":{"rendered":"Mandamientos y Notificaciones retoma las medidas de fuerza"},"content":{"rendered":"<p><strong><a href=\"http:\/\/www.elsindical.com.ar\/notas\/var\/www\/html\/notas\/wp-content\/uploads\/2018\/07\/MANDAMIENTOS-PARO.jpg\"><img loading=\"lazy\" decoding=\"async\" class=\"alignnone size-medium wp-image-79505\" src=\"http:\/\/www.elsindical.com.ar\/notas\/var\/www\/html\/notas\/wp-content\/uploads\/2018\/07\/MANDAMIENTOS-PARO-300x136.jpg\" alt=\"\" width=\"300\" height=\"136\" srcset=\"https:\/\/www.elsindical.com.ar\/notas\/var\/www\/html\/notas\/wp-content\/uploads\/2018\/07\/MANDAMIENTOS-PARO-300x136.jpg 300w, https:\/\/www.elsindical.com.ar\/notas\/var\/www\/html\/notas\/wp-content\/uploads\/2018\/07\/MANDAMIENTOS-PARO-500x226.jpg 500w, https:\/\/www.elsindical.com.ar\/notas\/var\/www\/html\/notas\/wp-content\/uploads\/2018\/07\/MANDAMIENTOS-PARO.jpg 630w\" sizes=\"auto, (max-width: 300px) 100vw, 300px\" \/><\/a>\u00a0 Ante la intempestiva suspensi\u00f3n de la reuni\u00f3n prevista con la Suprema Corte para el d\u00eda de ayer, lxs trabajadorxs de las oficinas de Mandamientos y Notificaciones vuelven al paro el martes 10.<\/strong><\/p>\n<p>La decisi\u00f3n de realizar una nueva medida de fuerza en el sector fue tomada por la AJB a partir de la decisi\u00f3n unilateral e intempestiva de la Suprema Corte de suspender, minutos antes de concretarse, la reuni\u00f3n con funcionarios de distintas \u00e1reas del m\u00e1ximo Tribunal donde se abordar\u00edan los diferentes reclamos llevados adelante por lxs trabajadorxs de las Oficinas de Mandamientos y Notificaciones.<\/p>\n<p>Es por eso que el gremio judicial dispuso reanudar las medidas de fuerza suspendidas mientras se avanzaba en el di\u00e1logo con el empleador, y de esta manera convocar a un paro total de actividades para el pr\u00f3ximo martes 10 de julio.<\/p>\n<p>Asimismo, se convoca a realizar asambleas entre el jueves 5 y viernes 6 de julio en los diecinueve departamentos judiciales, para analizar el estado de situaci\u00f3n y debatir los pasos a seguir.<\/p>\n<p>Cabe recordar que la AJB present\u00f3, en octubre de 2017, un petitorio suscripto por varios centenares de trabajadorxs del \u00e1rea, en el que se los que se puntualizaba el conjunto de reclamos del sector.<\/p>\n<p>En este sentido, Pablo Abramovich, secretario general de la AJB, expres\u00f3 que \u201ca partir de la lucha llevada adelante por lxs compa\u00f1erxs de Mandamientos y Notificaciones, se lograron los primeros avances en el tratamiento de algunas de esas problem\u00e1ticas. Sin embargo, la mayor\u00eda de los reclamos no han tenido respuesta alguna por parte de la Suprema Corte, y ante la suspensi\u00f3n de la reuni\u00f3n el gremio resolvi\u00f3 retomar las medidas de fuerza\u201d.<\/p>\n<p>Entre las medidas dispuestas, tambi\u00e9n se resolvi\u00f3 realizar un paro con movilizaci\u00f3n a la Suprema Corte durante la segunda semana de agosto, en fecha a definir.<\/p>\n","protected":false},"excerpt":{"rendered":"<p>\u00a0 Ante la intempestiva suspensi\u00f3n de la reuni\u00f3n prevista con la Suprema Corte para el d\u00eda de ayer, lxs trabajadorxs de las oficinas de Mandamientos y Notificaciones vuelven al paro el martes 10. La decisi\u00f3n de realizar una nueva medida de fuerza en el sector fue tomada por la AJB a partir de la decisi\u00f3n&hellip;<\/p>\n","protected":false},"author":1,"featured_media":79505,"comment_status":"open","ping_status":"open","sticky":false,"template":"","format":"standard","meta":{"footnotes":""},"categories":[16],"tags":[29167,67,901],"class_list":["post-79504","post","type-post","status-publish","format-standard","has-post-thumbnail","hentry","category-gremiales","tag-oficina-mandamientos","tag-paro","tag-suprema-corte"],"_links":{"self":[{"href":"https:\/\/www.elsindical.com.ar\/notas\/wp-json\/wp\/v2\/posts\/79504","targetHints":{"allow":["GET"]}}],"collection":[{"href":"https:\/\/www.elsindical.com.ar\/notas\/wp-json\/wp\/v2\/posts"}],"about":[{"href":"https:\/\/www.elsindical.com.ar\/notas\/wp-json\/wp\/v2\/types\/post"}],"author":[{"embeddable":true,"href":"https:\/\/www.elsindical.com.ar\/notas\/wp-json\/wp\/v2\/users\/1"}],"replies":[{"embeddable":true,"href":"https:\/\/www.elsindical.com.ar\/notas\/wp-json\/wp\/v2\/comments?post=79504"}],"version-history":[{"count":1,"href":"https:\/\/www.elsindical.com.ar\/notas\/wp-json\/wp\/v2\/posts\/79504\/revisions"}],"predecessor-version":[{"id":79506,"href":"https:\/\/www.elsindical.com.ar\/notas\/wp-json\/wp\/v2\/posts\/79504\/revisions\/79506"}],"wp:featuredmedia":[{"embeddable":true,"href":"https:\/\/www.elsindical.com.ar\/notas\/wp-json\/wp\/v2\/media\/79505"}],"wp:attachment":[{"href":"https:\/\/www.elsindical.com.ar\/notas\/wp-json\/wp\/v2\/media?parent=79504"}],"wp:term":[{"taxonomy":"category","embeddable":true,"href":"https:\/\/www.elsindical.com.ar\/notas\/wp-json\/wp\/v2\/categories?post=79504"},{"taxonomy":"post_tag","embeddable":true,"href":"https:\/\/www.elsindical.com.ar\/notas\/wp-json\/wp\/v2\/tags?post=79504"}],"curies":[{"name":"wp","href":"https:\/\/api.w.org\/{rel}","templated":true}]}}