{"id":79501,"date":"2018-07-03T10:51:15","date_gmt":"2018-07-03T13:51:15","guid":{"rendered":"http:\/\/www.elsindical.com.ar\/notas\/?p=79501"},"modified":"2018-07-03T10:51:15","modified_gmt":"2018-07-03T13:51:15","slug":"udocba-vidal-quiere-desmantelar-la-educacion-tecnica","status":"publish","type":"post","link":"https:\/\/www.elsindical.com.ar\/notas\/udocba-vidal-quiere-desmantelar-la-educacion-tecnica\/","title":{"rendered":"UDOCBA: Vidal quiere desmantelar la educaci\u00f3n t\u00e9cnica"},"content":{"rendered":"<p><a href=\"http:\/\/www.elsindical.com.ar\/notas\/var\/www\/html\/notas\/wp-content\/uploads\/2018\/07\/descarga.jpg\"><img loading=\"lazy\" decoding=\"async\" class=\"alignnone size-full wp-image-79502\" src=\"http:\/\/www.elsindical.com.ar\/notas\/var\/www\/html\/notas\/wp-content\/uploads\/2018\/07\/descarga.jpg\" alt=\"\" width=\"225\" height=\"225\" srcset=\"https:\/\/www.elsindical.com.ar\/notas\/var\/www\/html\/notas\/wp-content\/uploads\/2018\/07\/descarga.jpg 225w, https:\/\/www.elsindical.com.ar\/notas\/var\/www\/html\/notas\/wp-content\/uploads\/2018\/07\/descarga-150x150.jpg 150w, https:\/\/www.elsindical.com.ar\/notas\/var\/www\/html\/notas\/wp-content\/uploads\/2018\/07\/descarga-50x50.jpg 50w\" sizes=\"auto, (max-width: 225px) 100vw, 225px\" \/><\/a>En declaraciones radiales, el Secretario Gremial Provincial del gremio hizo<br \/>\nreferencia a las pol\u00e9micas medidas tomadas por el Gobierno de Vidal con respecto a<br \/>\nlas Escuelas T\u00e9cnicas de la provincia. \u201cEs un verdadero atropello que deja miles de<br \/>\ndocentes sin trabajo y pone en riesgo la validez nacional de los t\u00edtulos t\u00e9cnicos\u201d,<br \/>\nasegur\u00f3.<\/p>\n<p>El dirigente brind\u00f3 detalles del alcance de las medidas dispuestas: \u201cSe reducen 1476<br \/>\nM\u00f3dulos en los 7 a\u00f1os de Carrera: 324 M\u00f3dulos menos en el Ciclo B\u00e1sico, 1.152<br \/>\nM\u00f3dulos menos en Ciclo Superior. Eliminan materias como Construcci\u00f3n de la<br \/>\nCiudadan\u00eda, reconvierten F\u00edsico- Qu\u00edmica y Biolog\u00eda de 2\u00b0 a\u00f1o en una sola<br \/>\n\u2014Ciencias Naturales\u2014 con el 50% de contenidos y carga horaria\u201d.<\/p>\n<p>Salcedo denunci\u00f3 el \u201cbrutal ajuste que est\u00e1 implementando Vidal sobre la educaci\u00f3n<br \/>\nbonaerense\u201d. \u201cHablan de calidad educativa pero con las medidas que est\u00e1n tomando<br \/>\ndestruyen la Escuela P\u00fablica\u201d , se\u00f1al\u00f3.<\/p>\n<p>Secretar\u00eda de Prensa UDOCBA<\/p>\n<p>1136900385 (Adriana)<\/p>\n<p>1169378924 (Marcela) \u200b\u200b\u200b\u200b<\/p>\n","protected":false},"excerpt":{"rendered":"<p>En declaraciones radiales, el Secretario Gremial Provincial del gremio hizo referencia a las pol\u00e9micas medidas tomadas por el Gobierno de Vidal con respecto a las Escuelas T\u00e9cnicas de la provincia. \u201cEs un verdadero atropello que deja miles de docentes sin trabajo y pone en riesgo la validez nacional de los t\u00edtulos t\u00e9cnicos\u201d, asegur\u00f3. El dirigente&hellip;<\/p>\n","protected":false},"author":1,"featured_media":79502,"comment_status":"open","ping_status":"open","sticky":false,"template":"","format":"standard","meta":{"footnotes":""},"categories":[16],"tags":[29166,7265,4475],"class_list":["post-79501","post","type-post","status-publish","format-standard","has-post-thumbnail","hentry","category-gremiales","tag-educacion-tecnica","tag-maria-eugenia-vidal","tag-udocba"],"_links":{"self":[{"href":"https:\/\/www.elsindical.com.ar\/notas\/wp-json\/wp\/v2\/posts\/79501","targetHints":{"allow":["GET"]}}],"collection":[{"href":"https:\/\/www.elsindical.com.ar\/notas\/wp-json\/wp\/v2\/posts"}],"about":[{"href":"https:\/\/www.elsindical.com.ar\/notas\/wp-json\/wp\/v2\/types\/post"}],"author":[{"embeddable":true,"href":"https:\/\/www.elsindical.com.ar\/notas\/wp-json\/wp\/v2\/users\/1"}],"replies":[{"embeddable":true,"href":"https:\/\/www.elsindical.com.ar\/notas\/wp-json\/wp\/v2\/comments?post=79501"}],"version-history":[{"count":1,"href":"https:\/\/www.elsindical.com.ar\/notas\/wp-json\/wp\/v2\/posts\/79501\/revisions"}],"predecessor-version":[{"id":79503,"href":"https:\/\/www.elsindical.com.ar\/notas\/wp-json\/wp\/v2\/posts\/79501\/revisions\/79503"}],"wp:featuredmedia":[{"embeddable":true,"href":"https:\/\/www.elsindical.com.ar\/notas\/wp-json\/wp\/v2\/media\/79502"}],"wp:attachment":[{"href":"https:\/\/www.elsindical.com.ar\/notas\/wp-json\/wp\/v2\/media?parent=79501"}],"wp:term":[{"taxonomy":"category","embeddable":true,"href":"https:\/\/www.elsindical.com.ar\/notas\/wp-json\/wp\/v2\/categories?post=79501"},{"taxonomy":"post_tag","embeddable":true,"href":"https:\/\/www.elsindical.com.ar\/notas\/wp-json\/wp\/v2\/tags?post=79501"}],"curies":[{"name":"wp","href":"https:\/\/api.w.org\/{rel}","templated":true}]}}