{"id":79480,"date":"2018-07-02T16:29:51","date_gmt":"2018-07-02T19:29:51","guid":{"rendered":"http:\/\/www.elsindical.com.ar\/notas\/?p=79480"},"modified":"2018-07-02T16:29:51","modified_gmt":"2018-07-02T19:29:51","slug":"las-empresas-de-salud-evaden-mas-de-10-mil-millones-al-ano","status":"publish","type":"post","link":"https:\/\/www.elsindical.com.ar\/notas\/las-empresas-de-salud-evaden-mas-de-10-mil-millones-al-ano\/","title":{"rendered":"Las empresas de salud evaden m\u00e1s de $10 mil millones al a\u00f1o"},"content":{"rendered":"<p><strong><a href=\"http:\/\/www.elsindical.com.ar\/notas\/var\/www\/html\/notas\/wp-content\/uploads\/2018\/06\/logo-AMAP.png\"><img loading=\"lazy\" decoding=\"async\" class=\"alignnone size-medium wp-image-79247\" src=\"http:\/\/www.elsindical.com.ar\/notas\/var\/www\/html\/notas\/wp-content\/uploads\/2018\/06\/logo-AMAP-300x275.png\" alt=\"\" width=\"300\" height=\"275\" srcset=\"https:\/\/www.elsindical.com.ar\/notas\/var\/www\/html\/notas\/wp-content\/uploads\/2018\/06\/logo-AMAP-300x275.png 300w, https:\/\/www.elsindical.com.ar\/notas\/var\/www\/html\/notas\/wp-content\/uploads\/2018\/06\/logo-AMAP-328x300.png 328w, https:\/\/www.elsindical.com.ar\/notas\/var\/www\/html\/notas\/wp-content\/uploads\/2018\/06\/logo-AMAP.png 553w\" sizes=\"auto, (max-width: 300px) 100vw, 300px\" \/><\/a>LAS EMPRESAS DE SALUD EVADEN M\u00c1S DE $10 MIL MILLONES AL A\u00d1O:<\/strong><\/p>\n<p><strong>Gracias a la precarizaci\u00f3n laboral de los m\u00e9dicos.<\/strong><strong>\u00a0<\/strong><\/p>\n<p>Las cl\u00ednicas, sanatorios, hospitales de comunidad y obras sociales evaden en conjunto cerca de diez mil millones de pesos al a\u00f1o gracias a las condiciones de extrema precariedad laboral de su plantel de m\u00e9dicos, seg\u00fan los c\u00e1lculos de la Asociaci\u00f3n de M\u00e9dicos de la Actividad Privada (AMAP), gremio que agrupa a los profesionales de la salud en el sector privado a nivel nacional.<\/p>\n<p>Esta evasi\u00f3n est\u00e1 originada en que m\u00e1s del 40% de los m\u00e9dicos en Capital Federal y cerca del 98% en el interior del pa\u00eds trabajan como monotributistas. De esta forma, las empresas no pagan los aportes previsionales y de la seguridad social.<\/p>\n<p>\u201cEsta situaci\u00f3n genera la precarizaci\u00f3n del trabajo del m\u00e9dico, que se desempe\u00f1a sin contar con todos los derechos que implica una relaci\u00f3n de dependencia (aguinaldos, licencias pagas, ART, d\u00edas por capacitaci\u00f3n, etc.)\u201d, remarc\u00f3 el secretario general de AMAP y presidente de la Federaci\u00f3n M\u00e9dica de Capital Federal, H\u00e9ctor Gar\u00edn. \u201cA los m\u00e9dicos de empresas de medicina privada se les niegan los derechos b\u00e1sicos que tienen los trabajadores\u201d, puntualiz\u00f3.<\/p>\n<p>La AMAP trabaja en pos de la registraci\u00f3n de m\u00e9dicos, y ha logrado importantes avances en la Ciudad de Buenos Aires en los \u00faltimos a\u00f1os, al reducir notablemente la tasa de m\u00e9dicos que trabaja en negro. Adem\u00e1s, ha presentado anteproyectos de ley y realizado un trabajo en conjunto con la AFIP, que qued\u00f3 interrumpido en 2016.<\/p>\n<p><strong>Seg\u00fan los c\u00e1lculos de<\/strong> <strong>la<\/strong> <strong>AMAP<\/strong><\/p>\n<ul>\n<li>Hay alrededor de 100.000 m\u00e9dicos que trabajan en el sector privado en todo el pa\u00eds; de los cuales se considera que 75.000 no est\u00e1n registrados y realizan aportes como monotributistas y a las cajas de previsi\u00f3n y seguro m\u00e9dico de cada provincia donde existen.<\/li>\n<li>Si estimamos que el promedio de ingresos por trabajador es de $40.000 brutos, da un total de $2.993 millones mensuales. Al contabilizar el aguinaldo, ser\u00edan $38.903 millones al a\u00f1o.<\/li>\n<li>Los m\u00e9dicos deber\u00edan aportar como trabajadores un 11% para la jubilaci\u00f3n, un 3% de la Ley 19032 -aporte al PAMI- y un 3% a su obra social. En total un 17% que representan $452 millones mensuales o $6.613 millones anuales.<\/li>\n<li>Los empleadores deben pagar un 34% en sus aportes y contribuciones, es decir $13.226 millones anuales.<\/li>\n<li>Al sumar ambos aportes se evaden $19.840.275.000 por a\u00f1o.<\/li>\n<\/ul>\n<p><strong>Antecedentes<\/strong><\/p>\n<p>A fines de 2014 la Agencia Federal de Ingresos P\u00fablicos (AFIP) convoc\u00f3 a la AMAP y a las c\u00e1maras que nuclean a las empresas de salud para informarles que dictar\u00eda una resoluci\u00f3n para reglamentar la contrataci\u00f3n de personal m\u00e9dico en relaci\u00f3n de dependencia de acuerdo al n\u00famero de camas de las entidades sanitarias privadas. La normativa deb\u00eda llevar el nombre de <em>Indicador m\u00ednimo de trabajadores del servicio m\u00e9dico de la actividad privada de la salud<\/em>. Seg\u00fan esta norma cada 100 camas deb\u00eda haber 173 m\u00e9dicos registrados para que los servicios m\u00e9dicos pudieran funcionar correctamente.<\/p>\n<p>Durante 2015 la AMAP continu\u00f3 con sus denuncias sobre la alarmante precariedad laboral de los m\u00e9dicos y se trabaj\u00f3 junto a la AFIP para tratar de resolver el problema. Lamentablemente, la AFIP no pudo aislarse de los tiempos electorales y pospuso la implementaci\u00f3n del IMT (\u00cdndice M\u00ednimo de Trabajadores) para Cl\u00ednicas, Hospitales, Sanatorios y otros establecimientos sanitarios con el fin de no generar reacciones adversas en los empresarios.<\/p>\n<p>Este proyecto no lleg\u00f3 a aplicarse a causa de las elecciones presidenciales y el cambio de autoridades. La AMAP se entrevist\u00f3 con los nuevos responsables de la AFIP quienes no vieron posibilidades de avanzar con el asunto, pues las sanciones previstas por incumplimientos no podr\u00edan aplicarse por la Ley de Emergencia Sanitaria (Decreto 486\/2002). El trabajo no registrado es el mismo desde entonces: alrededor del 40% en la Capital Federal y entre un 95% a un 98% en el resto del pa\u00eds.<\/p>\n<p>Con contundencia, estos n\u00fameros hablan por s\u00ed solos. Es el Estado, con sus organismos de control, quien debe tomar medidas claras en contra de la evasi\u00f3n sostenida sobre la precarizaci\u00f3n laboral de los m\u00e9dicos y en pos de una mejor salud para toda la poblaci\u00f3n.<\/p>\n","protected":false},"excerpt":{"rendered":"<p>LAS EMPRESAS DE SALUD EVADEN M\u00c1S DE $10 MIL MILLONES AL A\u00d1O: Gracias a la precarizaci\u00f3n laboral de los m\u00e9dicos.\u00a0 Las cl\u00ednicas, sanatorios, hospitales de comunidad y obras sociales evaden en conjunto cerca de diez mil millones de pesos al a\u00f1o gracias a las condiciones de extrema precariedad laboral de su plantel de m\u00e9dicos, seg\u00fan&hellip;<\/p>\n","protected":false},"author":1,"featured_media":79247,"comment_status":"open","ping_status":"open","sticky":false,"template":"","format":"standard","meta":{"footnotes":""},"categories":[6],"tags":[19440,29161,2408,29162],"class_list":["post-79480","post","type-post","status-publish","format-standard","has-post-thumbnail","hentry","category-denuncias","tag-amap","tag-empresas-de-salud","tag-evasion","tag-precarizacion-laboral-de-los-medicos"],"_links":{"self":[{"href":"https:\/\/www.elsindical.com.ar\/notas\/wp-json\/wp\/v2\/posts\/79480","targetHints":{"allow":["GET"]}}],"collection":[{"href":"https:\/\/www.elsindical.com.ar\/notas\/wp-json\/wp\/v2\/posts"}],"about":[{"href":"https:\/\/www.elsindical.com.ar\/notas\/wp-json\/wp\/v2\/types\/post"}],"author":[{"embeddable":true,"href":"https:\/\/www.elsindical.com.ar\/notas\/wp-json\/wp\/v2\/users\/1"}],"replies":[{"embeddable":true,"href":"https:\/\/www.elsindical.com.ar\/notas\/wp-json\/wp\/v2\/comments?post=79480"}],"version-history":[{"count":1,"href":"https:\/\/www.elsindical.com.ar\/notas\/wp-json\/wp\/v2\/posts\/79480\/revisions"}],"predecessor-version":[{"id":79481,"href":"https:\/\/www.elsindical.com.ar\/notas\/wp-json\/wp\/v2\/posts\/79480\/revisions\/79481"}],"wp:featuredmedia":[{"embeddable":true,"href":"https:\/\/www.elsindical.com.ar\/notas\/wp-json\/wp\/v2\/media\/79247"}],"wp:attachment":[{"href":"https:\/\/www.elsindical.com.ar\/notas\/wp-json\/wp\/v2\/media?parent=79480"}],"wp:term":[{"taxonomy":"category","embeddable":true,"href":"https:\/\/www.elsindical.com.ar\/notas\/wp-json\/wp\/v2\/categories?post=79480"},{"taxonomy":"post_tag","embeddable":true,"href":"https:\/\/www.elsindical.com.ar\/notas\/wp-json\/wp\/v2\/tags?post=79480"}],"curies":[{"name":"wp","href":"https:\/\/api.w.org\/{rel}","templated":true}]}}