{"id":79431,"date":"2018-06-30T17:54:52","date_gmt":"2018-06-30T20:54:52","guid":{"rendered":"http:\/\/www.elsindical.com.ar\/notas\/?p=79431"},"modified":"2018-06-30T17:54:52","modified_gmt":"2018-06-30T20:54:52","slug":"la-proxima-semana-la-nafta-aumentara-un-5","status":"publish","type":"post","link":"https:\/\/www.elsindical.com.ar\/notas\/la-proxima-semana-la-nafta-aumentara-un-5\/","title":{"rendered":"La pr\u00f3xima semana la nafta aumentar\u00e1 un 5%"},"content":{"rendered":"<p><span class=\"text description col-xs-8 col-lg-9\"><em>\u00a0 <a href=\"http:\/\/www.elsindical.com.ar\/notas\/var\/www\/html\/notas\/wp-content\/uploads\/2018\/06\/nafta-surtidor.jpg\"><img loading=\"lazy\" decoding=\"async\" class=\"alignnone size-medium wp-image-78816\" src=\"http:\/\/www.elsindical.com.ar\/notas\/var\/www\/html\/notas\/wp-content\/uploads\/2018\/06\/nafta-surtidor-300x170.jpg\" alt=\"\" width=\"300\" height=\"170\" srcset=\"https:\/\/www.elsindical.com.ar\/notas\/var\/www\/html\/notas\/wp-content\/uploads\/2018\/06\/nafta-surtidor-300x170.jpg 300w, https:\/\/www.elsindical.com.ar\/notas\/var\/www\/html\/notas\/wp-content\/uploads\/2018\/06\/nafta-surtidor-500x283.jpg 500w, https:\/\/www.elsindical.com.ar\/notas\/var\/www\/html\/notas\/wp-content\/uploads\/2018\/06\/nafta-surtidor-220x126.jpg 220w, https:\/\/www.elsindical.com.ar\/notas\/var\/www\/html\/notas\/wp-content\/uploads\/2018\/06\/nafta-surtidor-460x260.jpg 460w, https:\/\/www.elsindical.com.ar\/notas\/var\/www\/html\/notas\/wp-content\/uploads\/2018\/06\/nafta-surtidor.jpg 630w\" sizes=\"auto, (max-width: 300px) 100vw, 300px\" \/><\/a>Pese al pacto de las petroleras y de Juan Jos\u00e9 Aranguren de aumentar los precios de los combustibles en un 3% desde julio. Desde la pr\u00f3xima semana se aumentar\u00eda a un 5% debido a la subida del d\u00f3lar.<\/em> <\/span><\/p>\n<p><strong>Los aumentos se har\u00e1n efectivos durante la semana pr\u00f3xima<\/strong> aunque no hay confirmaciones oficiales ni privadas, entre las estaciones de servicios creen que podr\u00eda ser el viernes.<\/p>\n<p><strong>Directivos de YPF estuvieron con el ministro de Energ\u00eda, Javier Iguacel, all\u00ed la petrolera manifest\u00f3 que el 3% pautado<\/strong> ya resulta insuficiente. El n\u00famero que plantearon en la empresa est\u00e1 m\u00e1s cerca del 5%, pero el ministro qued\u00f3 en contestarles en los pr\u00f3ximos d\u00edas.<\/p>\n<p>En el sector petrolero hay preocupaci\u00f3n porque se avecinan cambios en el sector. El Gobierno estudia reinstalar el \u00abbarril criollo\u00bb, que es un precio de referencia local.<\/p>\n<p><strong>La acci\u00f3n de YPF cay\u00f3 m\u00e1s de un 25% desde mediados de mayo.<\/strong> Todas las cotizaciones de las empresas energ\u00e9ticas vienen en ca\u00edda. La salida de Juan Jos\u00e9 Aranguren del ministerio de Energ\u00eda provoc\u00f3 que las empresas de ese sector teman por el futuro de los marcos regulatorios.<\/p>\n<p>Por la suba del petr\u00f3leo crudo, <strong>en la mayor\u00eda de los pa\u00edses donde hay libre mercado hay subas en los precios de los combustibles.<\/strong> Lo opuesto sucedi\u00f3 a\u00f1os atr\u00e1s, cuando el valor de referencia se debilitaba en todo el mundo y se trasladaba esa disminuci\u00f3n a los surtidores.<\/p>\n<p><strong>El presidente Mauricio Macri le encomend\u00f3 a Aranguren que el mercado local de combustibles<\/strong> tuviera la misma din\u00e1mica que la mayor\u00eda de los internacionales, de competencia entre las compa\u00f1\u00edas. Pero la inflaci\u00f3n y la devaluaci\u00f3n llevaron al Poder Ejecutivo a revisar esa decisi\u00f3n.<\/p>\n","protected":false},"excerpt":{"rendered":"<p>\u00a0 Pese al pacto de las petroleras y de Juan Jos\u00e9 Aranguren de aumentar los precios de los combustibles en un 3% desde julio. Desde la pr\u00f3xima semana se aumentar\u00eda a un 5% debido a la subida del d\u00f3lar. Los aumentos se har\u00e1n efectivos durante la semana pr\u00f3xima aunque no hay confirmaciones oficiales ni privadas,&hellip;<\/p>\n","protected":false},"author":1,"featured_media":78816,"comment_status":"open","ping_status":"open","sticky":false,"template":"","format":"standard","meta":{"footnotes":""},"categories":[9],"tags":[357,22023,76,1824,29143,621],"class_list":["post-79431","post","type-post","status-publish","format-standard","has-post-thumbnail","hentry","category-economia","tag-aumento","tag-economia","tag-mauricio-macri","tag-nafta","tag-surtidor","tag-ypf"],"_links":{"self":[{"href":"https:\/\/www.elsindical.com.ar\/notas\/wp-json\/wp\/v2\/posts\/79431","targetHints":{"allow":["GET"]}}],"collection":[{"href":"https:\/\/www.elsindical.com.ar\/notas\/wp-json\/wp\/v2\/posts"}],"about":[{"href":"https:\/\/www.elsindical.com.ar\/notas\/wp-json\/wp\/v2\/types\/post"}],"author":[{"embeddable":true,"href":"https:\/\/www.elsindical.com.ar\/notas\/wp-json\/wp\/v2\/users\/1"}],"replies":[{"embeddable":true,"href":"https:\/\/www.elsindical.com.ar\/notas\/wp-json\/wp\/v2\/comments?post=79431"}],"version-history":[{"count":1,"href":"https:\/\/www.elsindical.com.ar\/notas\/wp-json\/wp\/v2\/posts\/79431\/revisions"}],"predecessor-version":[{"id":79432,"href":"https:\/\/www.elsindical.com.ar\/notas\/wp-json\/wp\/v2\/posts\/79431\/revisions\/79432"}],"wp:featuredmedia":[{"embeddable":true,"href":"https:\/\/www.elsindical.com.ar\/notas\/wp-json\/wp\/v2\/media\/78816"}],"wp:attachment":[{"href":"https:\/\/www.elsindical.com.ar\/notas\/wp-json\/wp\/v2\/media?parent=79431"}],"wp:term":[{"taxonomy":"category","embeddable":true,"href":"https:\/\/www.elsindical.com.ar\/notas\/wp-json\/wp\/v2\/categories?post=79431"},{"taxonomy":"post_tag","embeddable":true,"href":"https:\/\/www.elsindical.com.ar\/notas\/wp-json\/wp\/v2\/tags?post=79431"}],"curies":[{"name":"wp","href":"https:\/\/api.w.org\/{rel}","templated":true}]}}