{"id":79426,"date":"2018-06-30T17:39:52","date_gmt":"2018-06-30T20:39:52","guid":{"rendered":"http:\/\/www.elsindical.com.ar\/notas\/?p=79426"},"modified":"2018-06-30T17:39:52","modified_gmt":"2018-06-30T20:39:52","slug":"chascomus-el-intendente-cerrara-el-restaurante-la-cuadra-y-dejara-a-30-personas-sin-trabajo","status":"publish","type":"post","link":"https:\/\/www.elsindical.com.ar\/notas\/chascomus-el-intendente-cerrara-el-restaurante-la-cuadra-y-dejara-a-30-personas-sin-trabajo\/","title":{"rendered":"Chascom\u00fas: El intendente cerrar\u00e1 el restaurante \u201cLa Cuadra\u201d y dejar\u00e1 a 30 personas sin trabajo"},"content":{"rendered":"<p class=\"p1 selectionShareable\"><span class=\"s1\">\u00a0 \u00a0<a href=\"http:\/\/www.elsindical.com.ar\/notas\/var\/www\/html\/notas\/wp-content\/uploads\/2018\/06\/Restaurante-La-Cuadra.jpg\"><img loading=\"lazy\" decoding=\"async\" class=\"alignnone size-medium wp-image-79429\" src=\"http:\/\/www.elsindical.com.ar\/notas\/var\/www\/html\/notas\/wp-content\/uploads\/2018\/06\/Restaurante-La-Cuadra-300x194.jpg\" alt=\"\" width=\"300\" height=\"194\" srcset=\"https:\/\/www.elsindical.com.ar\/notas\/var\/www\/html\/notas\/wp-content\/uploads\/2018\/06\/Restaurante-La-Cuadra-300x194.jpg 300w, https:\/\/www.elsindical.com.ar\/notas\/var\/www\/html\/notas\/wp-content\/uploads\/2018\/06\/Restaurante-La-Cuadra-464x300.jpg 464w, https:\/\/www.elsindical.com.ar\/notas\/var\/www\/html\/notas\/wp-content\/uploads\/2018\/06\/Restaurante-La-Cuadra.jpg 678w\" sizes=\"auto, (max-width: 300px) 100vw, 300px\" \/><\/a>Hace 10 a\u00f1os, dos estudiantes de gastronom\u00eda y emprendedores de Chascom\u00fas tuvieron un sue\u00f1o y lo llamaron \u201cLa Cuadra\u201d. Por ese entonces el edificio del turista estaba en ruinas. Hab\u00eda sufrido una devastadora inundaci\u00f3n y su estado era de total abandono. Con esfuerzo y dedicaci\u00f3n diaria, Manuel Arguello y Nicol\u00e1s Iglesias, lograron en una d\u00e9cada hacer de ese lugar un punto obligatorio para las reuniones con amigos, en familia. Despertar o atardecer en \u201cLa Cuadra\u201d, fue sin\u00f3nimo de privilegio, contemplar el sol escondi\u00e9ndose detr\u00e1s del muelle de pescadores mientras se desvanece la espuma de un caf\u00e9, una picada con cerveza entre amigos en las eternas tardes de primavera o una cena familiar\u2026..quedar\u00e1n como enormes recuerdos.<\/span><\/p>\n<p class=\"selectionShareable\">Luego de 10 a\u00f1os de invertir, luego de una d\u00e9cada de esfuerzo, de remarla ante las malas situaciones econ\u00f3micas y pol\u00edticas tur\u00edsticas que desfavorecieron el crecimiento de la ciudad el 1ro. de agosto llegar\u00e1 el final de este proyecto.<\/p>\n<p class=\"selectionShareable\"><strong>La municipalidad de Chascom\u00fas no piensa renovar la concesi\u00f3n y \u201cLa Cuadra\u201d deber\u00e1 cerrar sus puertas. Esto llevar\u00e1 a que el 1ro. de agosto 30 personas se queden sin trabajo en medio de un critica situaci\u00f3n de despidos que atraviesa la ciudad.<\/strong><\/p>\n<p class=\"selectionShareable\">No esta claro cu\u00e1les son las intenciones que el intendente de Chascom\u00fas Javier Gast\u00f3n, tiene para ponerle punto final uno de los pocos lugares que en la ciudad sobreviven a la crisis econ\u00f3mica y que le dio tantos momentos inolvidables hasta para los mismos funcionarios que hoy toman la decisi\u00f3n de terminar con este lugar.\u00a0El paseo costanero en dos a\u00f1os con esta gesti\u00f3n municipal qued\u00f3 desolado, con escasas opciones para los turistas.<\/p>\n<p class=\"selectionShareable\">El parador \u201cLas Escalinatas\u201d a\u00fan sigue desierto, es utilizado por la Secretaria de Turismo local como centro de informes, este es otro lugar privilegiado para los turistas pero atraviesa en la actualidad una segunda licitaci\u00f3n, misteriosa porque es la segunda vez en un a\u00f1o que se llama a intervenir, lleva casi un a\u00f1o y a\u00fan el municipio no a dado a conocer el ganador de la misma. Con los principales puntos de concentraci\u00f3n en la costanera cerrados, ahora se suma \u201cLa Cuadra\u201d.<\/p>\n<p><a href=\"http:\/\/www.elsindical.com.ar\/notas\/var\/www\/html\/notas\/wp-content\/uploads\/2018\/06\/Restaurante-La-Cuadra-2.jpg\"><img loading=\"lazy\" decoding=\"async\" class=\"alignnone size-medium wp-image-79428\" src=\"http:\/\/www.elsindical.com.ar\/notas\/var\/www\/html\/notas\/wp-content\/uploads\/2018\/06\/Restaurante-La-Cuadra-2-300x160.jpg\" alt=\"\" width=\"300\" height=\"160\" srcset=\"https:\/\/www.elsindical.com.ar\/notas\/var\/www\/html\/notas\/wp-content\/uploads\/2018\/06\/Restaurante-La-Cuadra-2-300x160.jpg 300w, https:\/\/www.elsindical.com.ar\/notas\/var\/www\/html\/notas\/wp-content\/uploads\/2018\/06\/Restaurante-La-Cuadra-2-768x409.jpg 768w, https:\/\/www.elsindical.com.ar\/notas\/var\/www\/html\/notas\/wp-content\/uploads\/2018\/06\/Restaurante-La-Cuadra-2-500x266.jpg 500w, https:\/\/www.elsindical.com.ar\/notas\/var\/www\/html\/notas\/wp-content\/uploads\/2018\/06\/Restaurante-La-Cuadra-2.jpg 955w\" sizes=\"auto, (max-width: 300px) 100vw, 300px\" \/><\/a> <a href=\"http:\/\/www.elsindical.com.ar\/notas\/var\/www\/html\/notas\/wp-content\/uploads\/2018\/06\/Restaurante-La-Cuadra-3.jpg\"><img loading=\"lazy\" decoding=\"async\" class=\"alignnone size-medium wp-image-79427\" src=\"http:\/\/www.elsindical.com.ar\/notas\/var\/www\/html\/notas\/wp-content\/uploads\/2018\/06\/Restaurante-La-Cuadra-3-300x291.jpg\" alt=\"\" width=\"300\" height=\"291\" srcset=\"https:\/\/www.elsindical.com.ar\/notas\/var\/www\/html\/notas\/wp-content\/uploads\/2018\/06\/Restaurante-La-Cuadra-3-300x291.jpg 300w, https:\/\/www.elsindical.com.ar\/notas\/var\/www\/html\/notas\/wp-content\/uploads\/2018\/06\/Restaurante-La-Cuadra-3-309x300.jpg 309w, https:\/\/www.elsindical.com.ar\/notas\/var\/www\/html\/notas\/wp-content\/uploads\/2018\/06\/Restaurante-La-Cuadra-3-50x50.jpg 50w, https:\/\/www.elsindical.com.ar\/notas\/var\/www\/html\/notas\/wp-content\/uploads\/2018\/06\/Restaurante-La-Cuadra-3.jpg 524w\" sizes=\"auto, (max-width: 300px) 100vw, 300px\" \/><\/a><\/p>\n<p>&nbsp;<\/p>\n<p>Fuente: Noticia Registrada<\/p>\n","protected":false},"excerpt":{"rendered":"<p>\u00a0 \u00a0Hace 10 a\u00f1os, dos estudiantes de gastronom\u00eda y emprendedores de Chascom\u00fas tuvieron un sue\u00f1o y lo llamaron \u201cLa Cuadra\u201d. Por ese entonces el edificio del turista estaba en ruinas. Hab\u00eda sufrido una devastadora inundaci\u00f3n y su estado era de total abandono. Con esfuerzo y dedicaci\u00f3n diaria, Manuel Arguello y Nicol\u00e1s Iglesias, lograron en una&hellip;<\/p>\n","protected":false},"author":1,"featured_media":79429,"comment_status":"open","ping_status":"open","sticky":false,"template":"","format":"standard","meta":{"footnotes":""},"categories":[25],"tags":[13841,1833,29142,29141],"class_list":["post-79426","post","type-post","status-publish","format-standard","has-post-thumbnail","hentry","category-sociedad","tag-chascomus","tag-intendente","tag-javier-gaston","tag-restaurante-la-cuadra"],"_links":{"self":[{"href":"https:\/\/www.elsindical.com.ar\/notas\/wp-json\/wp\/v2\/posts\/79426","targetHints":{"allow":["GET"]}}],"collection":[{"href":"https:\/\/www.elsindical.com.ar\/notas\/wp-json\/wp\/v2\/posts"}],"about":[{"href":"https:\/\/www.elsindical.com.ar\/notas\/wp-json\/wp\/v2\/types\/post"}],"author":[{"embeddable":true,"href":"https:\/\/www.elsindical.com.ar\/notas\/wp-json\/wp\/v2\/users\/1"}],"replies":[{"embeddable":true,"href":"https:\/\/www.elsindical.com.ar\/notas\/wp-json\/wp\/v2\/comments?post=79426"}],"version-history":[{"count":1,"href":"https:\/\/www.elsindical.com.ar\/notas\/wp-json\/wp\/v2\/posts\/79426\/revisions"}],"predecessor-version":[{"id":79430,"href":"https:\/\/www.elsindical.com.ar\/notas\/wp-json\/wp\/v2\/posts\/79426\/revisions\/79430"}],"wp:featuredmedia":[{"embeddable":true,"href":"https:\/\/www.elsindical.com.ar\/notas\/wp-json\/wp\/v2\/media\/79429"}],"wp:attachment":[{"href":"https:\/\/www.elsindical.com.ar\/notas\/wp-json\/wp\/v2\/media?parent=79426"}],"wp:term":[{"taxonomy":"category","embeddable":true,"href":"https:\/\/www.elsindical.com.ar\/notas\/wp-json\/wp\/v2\/categories?post=79426"},{"taxonomy":"post_tag","embeddable":true,"href":"https:\/\/www.elsindical.com.ar\/notas\/wp-json\/wp\/v2\/tags?post=79426"}],"curies":[{"name":"wp","href":"https:\/\/api.w.org\/{rel}","templated":true}]}}