{"id":79388,"date":"2018-06-29T08:33:02","date_gmt":"2018-06-29T11:33:02","guid":{"rendered":"http:\/\/www.elsindical.com.ar\/notas\/?p=79388"},"modified":"2018-06-29T08:33:02","modified_gmt":"2018-06-29T11:33:02","slug":"junin-detienen-a-falsa-medica-psiquiatrica","status":"publish","type":"post","link":"https:\/\/www.elsindical.com.ar\/notas\/junin-detienen-a-falsa-medica-psiquiatrica\/","title":{"rendered":"Jun\u00edn: Detienen a falsa m\u00e9dica psiqui\u00e1trica"},"content":{"rendered":"<p><em><a href=\"http:\/\/www.elsindical.com.ar\/notas\/var\/www\/html\/notas\/wp-content\/uploads\/2018\/06\/WhatsApp-Image-2018-06-28-at-14.10.49.jpeg\"><img loading=\"lazy\" decoding=\"async\" class=\"alignnone size-medium wp-image-79391\" src=\"http:\/\/www.elsindical.com.ar\/notas\/var\/www\/html\/notas\/wp-content\/uploads\/2018\/06\/WhatsApp-Image-2018-06-28-at-14.10.49-300x225.jpeg\" alt=\"\" width=\"300\" height=\"225\" srcset=\"https:\/\/www.elsindical.com.ar\/notas\/var\/www\/html\/notas\/wp-content\/uploads\/2018\/06\/WhatsApp-Image-2018-06-28-at-14.10.49-300x225.jpeg 300w, https:\/\/www.elsindical.com.ar\/notas\/var\/www\/html\/notas\/wp-content\/uploads\/2018\/06\/WhatsApp-Image-2018-06-28-at-14.10.49-768x576.jpeg 768w, https:\/\/www.elsindical.com.ar\/notas\/var\/www\/html\/notas\/wp-content\/uploads\/2018\/06\/WhatsApp-Image-2018-06-28-at-14.10.49-1024x768.jpeg 1024w, https:\/\/www.elsindical.com.ar\/notas\/var\/www\/html\/notas\/wp-content\/uploads\/2018\/06\/WhatsApp-Image-2018-06-28-at-14.10.49-400x300.jpeg 400w, https:\/\/www.elsindical.com.ar\/notas\/var\/www\/html\/notas\/wp-content\/uploads\/2018\/06\/WhatsApp-Image-2018-06-28-at-14.10.49.jpeg 1280w\" sizes=\"auto, (max-width: 300px) 100vw, 300px\" \/><\/a>\u00a0 Una mujer de 54 a\u00f1os que se hac\u00eda pasar por m\u00e9dica psiquiatra, fue aprehendida en las \u00faltimas horas en la localidad de Jun\u00edn luego de un operativo realizado por la Polic\u00eda de la Provincia\u00a0de Buenos Aires.<\/em><\/p>\n<p>La\u00a0\u00a0detenci\u00f3n se realiz\u00f3 en un\u00a0\u00a0domicilio ubicado en la calle Arqu\u00edmedes al 78, del mencionado distrito del noroeste provincial y estuvo a cargo de efectivos pertenecientes a la DDI local.<\/p>\n<p>Producto del allanamiento, los oficiales secuestraron vestimenta de m\u00e9dicos, sellos mec\u00e1nicos aclaratorios de la profesi\u00f3n, tel\u00e9fonos celulares y documentos de inter\u00e9s para la causa.<\/p>\n<p>Seg\u00fan se supo, la ahora detenida, oriunda de CABA, hab\u00eda presentado varios curriculums vitae en los Centros M\u00e9dicos y Cl\u00ednicas Psiqui\u00e1tricas de Jun\u00edn. No obstante, la mujer no estaba\u00a0registrada ni reconocida por ning\u00fan organismo oficial.<\/p>\n<p>Tras realizar una serie de averiguaciones, los investigadores identificaron a la falsa m\u00e9dica y constataron que adem\u00e1s, ten\u00eda pedido de captura activo en una causa caratulada \u201cDefraudaci\u00f3n\u00a0y Estafa\u201d, a requerimiento de la UFI N\u00b0 3 de Quilmes, por ejercer la medicina ilegalmente.<\/p>\n<p>\u201cNos cost\u00f3 dar con el paradero de la mujer porque se ocultaba en la casa de una se\u00f1ora mayor que le hab\u00eda dado asilo. La farsante le dijo que estaba desamparada y desanimada por la\u00a0supuesta p\u00e9rdida de un hijo\u201d, aclar\u00f3 un alto jefe policial a cargo de la investigaci\u00f3n.<\/p>\n<p>La mujer qued\u00f3 a disposici\u00f3n de la UFI N\u00b0 8 del Departamento Judicial de Jun\u00edn por \u201cFalsificaci\u00f3n o adulteraci\u00f3n de documento agravado\u201d.<\/p>\n<p><a href=\"http:\/\/www.elsindical.com.ar\/notas\/var\/www\/html\/notas\/wp-content\/uploads\/2018\/06\/WhatsApp-Image-2018-06-28-at-14.10.501.jpeg\"><img loading=\"lazy\" decoding=\"async\" class=\"alignnone size-medium wp-image-79389\" src=\"http:\/\/www.elsindical.com.ar\/notas\/var\/www\/html\/notas\/wp-content\/uploads\/2018\/06\/WhatsApp-Image-2018-06-28-at-14.10.501-300x169.jpeg\" alt=\"\" width=\"300\" height=\"169\" srcset=\"https:\/\/www.elsindical.com.ar\/notas\/var\/www\/html\/notas\/wp-content\/uploads\/2018\/06\/WhatsApp-Image-2018-06-28-at-14.10.501-300x169.jpeg 300w, https:\/\/www.elsindical.com.ar\/notas\/var\/www\/html\/notas\/wp-content\/uploads\/2018\/06\/WhatsApp-Image-2018-06-28-at-14.10.501-768x432.jpeg 768w, https:\/\/www.elsindical.com.ar\/notas\/var\/www\/html\/notas\/wp-content\/uploads\/2018\/06\/WhatsApp-Image-2018-06-28-at-14.10.501-1024x576.jpeg 1024w, https:\/\/www.elsindical.com.ar\/notas\/var\/www\/html\/notas\/wp-content\/uploads\/2018\/06\/WhatsApp-Image-2018-06-28-at-14.10.501-500x281.jpeg 500w, https:\/\/www.elsindical.com.ar\/notas\/var\/www\/html\/notas\/wp-content\/uploads\/2018\/06\/WhatsApp-Image-2018-06-28-at-14.10.501-460x260.jpeg 460w, https:\/\/www.elsindical.com.ar\/notas\/var\/www\/html\/notas\/wp-content\/uploads\/2018\/06\/WhatsApp-Image-2018-06-28-at-14.10.501.jpeg 1280w\" sizes=\"auto, (max-width: 300px) 100vw, 300px\" \/><\/a> <a href=\"http:\/\/www.elsindical.com.ar\/notas\/var\/www\/html\/notas\/wp-content\/uploads\/2018\/06\/WhatsApp-Image-2018-06-28-at-14.10.50.jpeg\"><img loading=\"lazy\" decoding=\"async\" class=\"alignnone size-medium wp-image-79390\" src=\"http:\/\/www.elsindical.com.ar\/notas\/var\/www\/html\/notas\/wp-content\/uploads\/2018\/06\/WhatsApp-Image-2018-06-28-at-14.10.50-168x300.jpeg\" alt=\"\" width=\"168\" height=\"300\" srcset=\"https:\/\/www.elsindical.com.ar\/notas\/var\/www\/html\/notas\/wp-content\/uploads\/2018\/06\/WhatsApp-Image-2018-06-28-at-14.10.50-168x300.jpeg 168w, https:\/\/www.elsindical.com.ar\/notas\/var\/www\/html\/notas\/wp-content\/uploads\/2018\/06\/WhatsApp-Image-2018-06-28-at-14.10.50-575x1024.jpeg 575w, https:\/\/www.elsindical.com.ar\/notas\/var\/www\/html\/notas\/wp-content\/uploads\/2018\/06\/WhatsApp-Image-2018-06-28-at-14.10.50.jpeg 584w\" sizes=\"auto, (max-width: 168px) 100vw, 168px\" \/><\/a><\/p>\n","protected":false},"excerpt":{"rendered":"<p>\u00a0 Una mujer de 54 a\u00f1os que se hac\u00eda pasar por m\u00e9dica psiquiatra, fue aprehendida en las \u00faltimas horas en la localidad de Jun\u00edn luego de un operativo realizado por la Polic\u00eda de la Provincia\u00a0de Buenos Aires. La\u00a0\u00a0detenci\u00f3n se realiz\u00f3 en un\u00a0\u00a0domicilio ubicado en la calle Arqu\u00edmedes al 78, del mencionado distrito del noroeste provincial&hellip;<\/p>\n","protected":false},"author":1,"featured_media":79391,"comment_status":"open","ping_status":"open","sticky":false,"template":"","format":"standard","meta":{"footnotes":""},"categories":[22],"tags":[29136,7748,1665,29135],"class_list":["post-79388","post","type-post","status-publish","format-standard","has-post-thumbnail","hentry","category-policiales","tag-falsa","tag-junin","tag-medica","tag-psiquiatra"],"_links":{"self":[{"href":"https:\/\/www.elsindical.com.ar\/notas\/wp-json\/wp\/v2\/posts\/79388","targetHints":{"allow":["GET"]}}],"collection":[{"href":"https:\/\/www.elsindical.com.ar\/notas\/wp-json\/wp\/v2\/posts"}],"about":[{"href":"https:\/\/www.elsindical.com.ar\/notas\/wp-json\/wp\/v2\/types\/post"}],"author":[{"embeddable":true,"href":"https:\/\/www.elsindical.com.ar\/notas\/wp-json\/wp\/v2\/users\/1"}],"replies":[{"embeddable":true,"href":"https:\/\/www.elsindical.com.ar\/notas\/wp-json\/wp\/v2\/comments?post=79388"}],"version-history":[{"count":1,"href":"https:\/\/www.elsindical.com.ar\/notas\/wp-json\/wp\/v2\/posts\/79388\/revisions"}],"predecessor-version":[{"id":79392,"href":"https:\/\/www.elsindical.com.ar\/notas\/wp-json\/wp\/v2\/posts\/79388\/revisions\/79392"}],"wp:featuredmedia":[{"embeddable":true,"href":"https:\/\/www.elsindical.com.ar\/notas\/wp-json\/wp\/v2\/media\/79391"}],"wp:attachment":[{"href":"https:\/\/www.elsindical.com.ar\/notas\/wp-json\/wp\/v2\/media?parent=79388"}],"wp:term":[{"taxonomy":"category","embeddable":true,"href":"https:\/\/www.elsindical.com.ar\/notas\/wp-json\/wp\/v2\/categories?post=79388"},{"taxonomy":"post_tag","embeddable":true,"href":"https:\/\/www.elsindical.com.ar\/notas\/wp-json\/wp\/v2\/tags?post=79388"}],"curies":[{"name":"wp","href":"https:\/\/api.w.org\/{rel}","templated":true}]}}