{"id":79369,"date":"2018-06-28T16:47:04","date_gmt":"2018-06-28T19:47:04","guid":{"rendered":"http:\/\/www.elsindical.com.ar\/notas\/?p=79369"},"modified":"2018-06-28T16:47:04","modified_gmt":"2018-06-28T19:47:04","slug":"repudio-generalizado-por-la-presentacion-de-la-ferrari-asignada-a-la-prefectura-nacional","status":"publish","type":"post","link":"https:\/\/www.elsindical.com.ar\/notas\/repudio-generalizado-por-la-presentacion-de-la-ferrari-asignada-a-la-prefectura-nacional\/","title":{"rendered":"Repudio generalizado por la presentaci\u00f3n de la Ferrari asignada a la Prefectura Nacional"},"content":{"rendered":"<p><a href=\"http:\/\/www.elsindical.com.ar\/notas\/var\/www\/html\/notas\/wp-content\/uploads\/2018\/06\/Ferrari-de-Prefectura.jpg\"><img loading=\"lazy\" decoding=\"async\" class=\"alignnone size-medium wp-image-79370\" src=\"http:\/\/www.elsindical.com.ar\/notas\/var\/www\/html\/notas\/wp-content\/uploads\/2018\/06\/Ferrari-de-Prefectura-300x169.jpg\" alt=\"\" width=\"300\" height=\"169\" srcset=\"https:\/\/www.elsindical.com.ar\/notas\/var\/www\/html\/notas\/wp-content\/uploads\/2018\/06\/Ferrari-de-Prefectura-300x169.jpg 300w, https:\/\/www.elsindical.com.ar\/notas\/var\/www\/html\/notas\/wp-content\/uploads\/2018\/06\/Ferrari-de-Prefectura-768x432.jpg 768w, https:\/\/www.elsindical.com.ar\/notas\/var\/www\/html\/notas\/wp-content\/uploads\/2018\/06\/Ferrari-de-Prefectura-500x281.jpg 500w, https:\/\/www.elsindical.com.ar\/notas\/var\/www\/html\/notas\/wp-content\/uploads\/2018\/06\/Ferrari-de-Prefectura-460x260.jpg 460w, https:\/\/www.elsindical.com.ar\/notas\/var\/www\/html\/notas\/wp-content\/uploads\/2018\/06\/Ferrari-de-Prefectura.jpg 770w\" sizes=\"auto, (max-width: 300px) 100vw, 300px\" \/><\/a>\u00a0En medio de una de las peores crisis econ\u00f3micas y sociales, donde los argentinos no solo reclaman por mejores salarios, sino que no cesan los reclamos por la inseguridad que d\u00eda a d\u00eda mata varios ciudadanos en robos, el Gobierno Nacional, asesorado vaya uno a saber por que \u00abiluminado\u00bb hizo una conferencia de prensa para presentar en sociedad la nueva incorporaci\u00f3n a la flota de la Prefectura Nacional de una Ferrari 458, incautada a uno de los testaferros del detenido l\u00edder de la UOCRA Pata Medina.<\/p>\n<p>Ni siquiera pudieron elaborar un comunicado de prensa que justifique un acto catalogado por la mayor\u00eda en las redes sociales como demag\u00f3gico y rid\u00edculo, ya que la unidad no servir\u00e1 para combatir el delito, sino que participar\u00e1 de eventos especiales y actos oficiales, es decir, no ser\u00e1 de utilidad para combatir el crimen.<\/p>\n<p>Al parecer, el presidente de la Naci\u00f3n Mauricio Macri, adem\u00e1s de estar muy mal asesorado en lo que a seguridad se refiere, en econom\u00eda los resultados est\u00e1n a la vista, al avalar estas acciones demuestra que le importa un pepino que la ciudadan\u00eda reclame seguridad, eso s\u00ed, \u00e9l por las dudas con una amplia seguridad, por las dudas cancela presencias.<\/p>\n<p>Los medios obsecuentes y con pauta millonaria, solo destacaron que como en Dubai, ahora la Argentina tiene un superdeportivo en una fuerza de seguridad, lo que estos bastardos de la desinformaci\u00f3n omiten mencionar es que los pa\u00edses donde existen deportivos policiales tienen \u00edndices muy bajos de delitos y un nivel econ\u00f3mico que no es el nuestro.<\/p>\n<p>Una medida inteligente y aplaudible hubiera sido el remate de la unidad y con ese dinero incorporar m\u00e1s patrullas o elementos para prevenci\u00f3n y vigilancia, es decir reforzar la seguridad en lugar de asumir un compromiso que para la Prefectura implicar\u00e1 desembolsar una suma de miles de d\u00f3lares solo en servicios necesarios para este tipo de veh\u00edculos, donde se necesita s\u00ed o s\u00ed de servicio oficial y productos importados.<\/p>\n<p>Es incomprensible que alguien como Patricia Bullrich y sus segundos contin\u00faen a cargo de un ministerio donde si sacamos los \u00absupuestos operativos\u00bb antidrogas han fracasado sin excusas, pero para que esto ocurra tiene que existir una complicidad judicial, donde a la fecha varios procedimientos donde supuestamente se secuestraron cientos de kilos de drogas, al tiempo o se los comieron roedores, se evaporaron o se transformaron en yeso.<\/p>\n<p>Conservo en mi poder la respuesta de la Casa Rosada en mi nota advirtiendo al presidente Mauricio Macri de varias irregularidades en el desempe\u00f1o del Ministerio de Seguridad de la Naci\u00f3n y de la fortuna injustificada de varios jefes de las fuerzas de seguridad con patrimonios millonarios y que provienen de familias humildes, as\u00ed que no jodan con que existe un compromiso contra la corrupci\u00f3n.<\/p>\n<p>Pero como este gobierno es un adicto al circo y el lujo, la Ferrari 458 lleg\u00f3 con un\u00a0<strong>Mercedes-Benz C63 AMG<\/strong> tambi\u00e9n se incorpor\u00f3 a la flota de Prefectura. Se trata de un modelo especialmente preparado por la divisi\u00f3n deportiva de la marca alemana, que est\u00e1 limitado en 280 km\/h de velocidad m\u00e1xima, ya que su motor<strong> V8 de 457 caballos de fuerza<\/strong> tiene poder para que viaje m\u00e1s r\u00e1pido.<\/p>\n<p>Incoherencias que no encuentran una explicaci\u00f3n para un gobierno que habla de recortes de empelados, pero que para los actos no le importa gastar miles de d\u00f3lares en veh\u00edculos para exhibir.<\/p>\n<p>Desconocer la realidad de las fuerzas de seguridad, donde se ven patrulleros sin mantenimiento b\u00e1sico, es tambi\u00e9n un acto de CORRUPCI\u00d3N.<\/p>\n<p><a href=\"http:\/\/www.elsindical.com.ar\/notas\/var\/www\/html\/notas\/wp-content\/uploads\/2018\/06\/hoihioi.jpg\"><img loading=\"lazy\" decoding=\"async\" class=\"alignnone size-medium wp-image-79371\" src=\"http:\/\/www.elsindical.com.ar\/notas\/var\/www\/html\/notas\/wp-content\/uploads\/2018\/06\/hoihioi-300x158.jpg\" alt=\"\" width=\"300\" height=\"158\" srcset=\"https:\/\/www.elsindical.com.ar\/notas\/var\/www\/html\/notas\/wp-content\/uploads\/2018\/06\/hoihioi-300x158.jpg 300w, https:\/\/www.elsindical.com.ar\/notas\/var\/www\/html\/notas\/wp-content\/uploads\/2018\/06\/hoihioi-768x405.jpg 768w, https:\/\/www.elsindical.com.ar\/notas\/var\/www\/html\/notas\/wp-content\/uploads\/2018\/06\/hoihioi-1024x540.jpg 1024w, https:\/\/www.elsindical.com.ar\/notas\/var\/www\/html\/notas\/wp-content\/uploads\/2018\/06\/hoihioi-500x263.jpg 500w, https:\/\/www.elsindical.com.ar\/notas\/var\/www\/html\/notas\/wp-content\/uploads\/2018\/06\/hoihioi.jpg 1057w\" sizes=\"auto, (max-width: 300px) 100vw, 300px\" \/><\/a><\/p>\n<p>Por Marcelo Ricardo Hawrylciw<\/p>\n<p>&nbsp;<\/p>\n","protected":false},"excerpt":{"rendered":"<p>\u00a0En medio de una de las peores crisis econ\u00f3micas y sociales, donde los argentinos no solo reclaman por mejores salarios, sino que no cesan los reclamos por la inseguridad que d\u00eda a d\u00eda mata varios ciudadanos en robos, el Gobierno Nacional, asesorado vaya uno a saber por que \u00abiluminado\u00bb hizo una conferencia de prensa para&hellip;<\/p>\n","protected":false},"author":1,"featured_media":79370,"comment_status":"open","ping_status":"open","sticky":false,"template":"","format":"standard","meta":{"footnotes":""},"categories":[10],"tags":[29127,984,76,1241,29126],"class_list":["post-79369","post","type-post","status-publish","format-standard","has-post-thumbnail","hentry","category-editorial","tag-ferrari-458","tag-inseguridad","tag-mauricio-macri","tag-patricia-bullrich","tag-prefectura-nacional"],"_links":{"self":[{"href":"https:\/\/www.elsindical.com.ar\/notas\/wp-json\/wp\/v2\/posts\/79369","targetHints":{"allow":["GET"]}}],"collection":[{"href":"https:\/\/www.elsindical.com.ar\/notas\/wp-json\/wp\/v2\/posts"}],"about":[{"href":"https:\/\/www.elsindical.com.ar\/notas\/wp-json\/wp\/v2\/types\/post"}],"author":[{"embeddable":true,"href":"https:\/\/www.elsindical.com.ar\/notas\/wp-json\/wp\/v2\/users\/1"}],"replies":[{"embeddable":true,"href":"https:\/\/www.elsindical.com.ar\/notas\/wp-json\/wp\/v2\/comments?post=79369"}],"version-history":[{"count":1,"href":"https:\/\/www.elsindical.com.ar\/notas\/wp-json\/wp\/v2\/posts\/79369\/revisions"}],"predecessor-version":[{"id":79372,"href":"https:\/\/www.elsindical.com.ar\/notas\/wp-json\/wp\/v2\/posts\/79369\/revisions\/79372"}],"wp:featuredmedia":[{"embeddable":true,"href":"https:\/\/www.elsindical.com.ar\/notas\/wp-json\/wp\/v2\/media\/79370"}],"wp:attachment":[{"href":"https:\/\/www.elsindical.com.ar\/notas\/wp-json\/wp\/v2\/media?parent=79369"}],"wp:term":[{"taxonomy":"category","embeddable":true,"href":"https:\/\/www.elsindical.com.ar\/notas\/wp-json\/wp\/v2\/categories?post=79369"},{"taxonomy":"post_tag","embeddable":true,"href":"https:\/\/www.elsindical.com.ar\/notas\/wp-json\/wp\/v2\/tags?post=79369"}],"curies":[{"name":"wp","href":"https:\/\/api.w.org\/{rel}","templated":true}]}}