{"id":79342,"date":"2018-06-27T14:14:58","date_gmt":"2018-06-27T17:14:58","guid":{"rendered":"http:\/\/www.elsindical.com.ar\/notas\/?p=79342"},"modified":"2018-06-27T14:14:58","modified_gmt":"2018-06-27T17:14:58","slug":"avellaneda-desalojo-de-espacio-publico-y-aprehendidos-en-gerli","status":"publish","type":"post","link":"https:\/\/www.elsindical.com.ar\/notas\/avellaneda-desalojo-de-espacio-publico-y-aprehendidos-en-gerli\/","title":{"rendered":"Avellaneda: Desalojo de espacio p\u00fablico y aprehendidos en Gerli"},"content":{"rendered":"<p>A continuaci\u00f3n reproducimos nota policial que involucra a una correcta decisi\u00f3n del municipio de liberar el espacio p\u00fablico, es de esperar que se cumpla el plazo otorgado a los usurpadores, aunque la medida parece descubrir que algunos tienen beneficios que otros vecinos no tienen.<\/p>\n<p><a href=\"http:\/\/distritalavellaneda.com.ar\/wp-content\/uploads\/2018\/06\/iiuy.jpg\"><img loading=\"lazy\" decoding=\"async\" class=\"alignnone size-medium wp-image-23305\" src=\"http:\/\/distritalavellaneda.com.ar\/wp-content\/uploads\/2018\/06\/iiuy-186x300.jpg\" alt=\"\" width=\"186\" height=\"300\" \/><\/a>CRIA AVELLANEDA 6TA<br \/>\nGERLI<br \/>\nFECHA 27\/06\/18<br \/>\nHORA 1100<br \/>\nEXTRACTO<br \/>\nLlevo a conocimiento del Sr Jefe que en la fecha La Sra Subsecretaria de Seguridad M\u00d3NICA GHIRELI, juntamente con Sr GIM\u00c9NEZ MARCELO Director de Obras P\u00fablicas ambos del Municipio de Avellaneda, secundados por el suscrito y gabinete de prevenci\u00f3n nos constitu\u00edmos en la calle Villegas e\/ Anatole France y Pit\u00e1goras a los fines de proceder a despejar el espacio p\u00fablico ocupado en las veredas de la calle Villegas con garajes construidos en mamposter\u00eda compactas.<\/p>\n<p>Una vez iniciadas las tareas con m\u00e1quinas municipales id\u00f3neas se hacen presentes en el lugar un grupo de vecinos quienes se oponen a quedar lleve a cabo la medida y lejos de acatar las indicaciones del personal policial comienzan a insultar al personal policial procedentes a la aprehensi\u00f3n de PEREYRA FRANCISCO ALBERTO arg inst casado 66 a\u00f1os ddo Anatole France 897 Torre C 1 PB D de Villa Argentina DNI 10.127.616\u00a0SILVETTI ALEJANDRO JES\u00daS, arg inst solt inst ddo Anatole France 897 Torre C 2do Piso indocumentado\u00a0MAIDANA JUAN ALEJANDRO arg inst solt\u00a0sin ocupaci\u00f3n ddo Anatole France 897 Torre C Dpto 2 indocumentado procediendo al traslado de los mismos al asiento de esta dependencia. Mantenida comunicaci\u00f3n con UFI Nro 3 en turno, se dispuso se labre IPP car\u00e1tulada USURPACI\u00d3N DE ESPACIO P\u00daBLICO &#8211; RESISTENCIA A LA AUTORIDAD se notifique a los mismos del contenido de los Art 60 89 y 92 del CPP y tras cumplimentar recaudos legales se otorgue libertad a tenor Art 161 del.mismo texto legal.<\/p>\n<p>Asimismo se los notifica que se les otorga como \u00faltimo plazo improrrogable d\u00eda 06\/ 07\/18 a las 12:00 hs fines procedan a desmantelar por sus propios medios las estructuras construidas y que en caso de incumplimiento se proceder\u00e1 al desmantelar con m\u00e1quinas v\u00edales.<\/p>\n<p>FDO CARLOS TORREA COMISARIO JEFE DE DEPENDENCIA<\/p>\n<p><a href=\"http:\/\/distritalavellaneda.com.ar\/wp-content\/uploads\/2018\/06\/jll.jpg\"><img loading=\"lazy\" decoding=\"async\" class=\"alignnone size-medium wp-image-23311\" src=\"http:\/\/distritalavellaneda.com.ar\/wp-content\/uploads\/2018\/06\/jll-212x300.jpg\" alt=\"\" width=\"212\" height=\"300\" \/><\/a> <a href=\"http:\/\/distritalavellaneda.com.ar\/wp-content\/uploads\/2018\/06\/fgfgh.jpg\"><img loading=\"lazy\" decoding=\"async\" class=\"alignnone size-medium wp-image-23310\" src=\"http:\/\/distritalavellaneda.com.ar\/wp-content\/uploads\/2018\/06\/fgfgh-195x300.jpg\" alt=\"\" width=\"195\" height=\"300\" \/><\/a> <a href=\"http:\/\/distritalavellaneda.com.ar\/wp-content\/uploads\/2018\/06\/gjjhg.jpg\"><img loading=\"lazy\" decoding=\"async\" class=\"alignnone size-medium wp-image-23309\" src=\"http:\/\/distritalavellaneda.com.ar\/wp-content\/uploads\/2018\/06\/gjjhg-190x300.jpg\" alt=\"\" width=\"190\" height=\"300\" \/><\/a> <a href=\"http:\/\/distritalavellaneda.com.ar\/wp-content\/uploads\/2018\/06\/gff.jpg\"><img loading=\"lazy\" decoding=\"async\" class=\"alignnone size-medium wp-image-23308\" src=\"http:\/\/distritalavellaneda.com.ar\/wp-content\/uploads\/2018\/06\/gff-203x300.jpg\" alt=\"\" width=\"203\" height=\"300\" \/><\/a> <a href=\"http:\/\/distritalavellaneda.com.ar\/wp-content\/uploads\/2018\/06\/dfhff.jpg\"><img loading=\"lazy\" decoding=\"async\" class=\"alignnone size-medium wp-image-23307\" src=\"http:\/\/distritalavellaneda.com.ar\/wp-content\/uploads\/2018\/06\/dfhff-214x300.jpg\" alt=\"\" width=\"214\" height=\"300\" \/><\/a> <a href=\"http:\/\/distritalavellaneda.com.ar\/wp-content\/uploads\/2018\/06\/gjyy.jpg\"><img loading=\"lazy\" decoding=\"async\" class=\"alignnone size-medium wp-image-23306\" src=\"http:\/\/distritalavellaneda.com.ar\/wp-content\/uploads\/2018\/06\/gjyy-181x300.jpg\" alt=\"\" width=\"181\" height=\"300\" \/><\/a> <a href=\"http:\/\/distritalavellaneda.com.ar\/wp-content\/uploads\/2018\/06\/oiuo.jpg\"><img loading=\"lazy\" decoding=\"async\" class=\"alignnone size-medium wp-image-23304\" src=\"http:\/\/distritalavellaneda.com.ar\/wp-content\/uploads\/2018\/06\/oiuo-235x300.jpg\" alt=\"\" width=\"235\" height=\"300\" \/><\/a> <a href=\"http:\/\/distritalavellaneda.com.ar\/wp-content\/uploads\/2018\/06\/kyiuyu.jpg\"><img loading=\"lazy\" decoding=\"async\" class=\"alignnone size-medium wp-image-23303\" src=\"http:\/\/distritalavellaneda.com.ar\/wp-content\/uploads\/2018\/06\/kyiuyu-242x300.jpg\" alt=\"\" width=\"242\" height=\"300\" \/><\/a> <a href=\"http:\/\/distritalavellaneda.com.ar\/wp-content\/uploads\/2018\/06\/yuyii.jpg\"><img loading=\"lazy\" decoding=\"async\" class=\"alignnone size-medium wp-image-23302\" src=\"http:\/\/distritalavellaneda.com.ar\/wp-content\/uploads\/2018\/06\/yuyii-206x300.jpg\" alt=\"\" width=\"206\" height=\"300\" \/><\/a> <a href=\"http:\/\/distritalavellaneda.com.ar\/wp-content\/uploads\/2018\/06\/ouo.jpg\"><img loading=\"lazy\" decoding=\"async\" class=\"alignnone size-medium wp-image-23301\" src=\"http:\/\/distritalavellaneda.com.ar\/wp-content\/uploads\/2018\/06\/ouo-219x300.jpg\" alt=\"\" width=\"219\" height=\"300\" \/><\/a> <a href=\"http:\/\/distritalavellaneda.com.ar\/wp-content\/uploads\/2018\/06\/uppiu.jpg\"><img loading=\"lazy\" decoding=\"async\" class=\"alignnone size-medium wp-image-23300\" src=\"http:\/\/distritalavellaneda.com.ar\/wp-content\/uploads\/2018\/06\/uppiu-300x215.jpg\" alt=\"\" width=\"300\" height=\"215\" \/><\/a><\/p>\n<p><strong>Fuente: <a href=\"https:\/\/departamentalavellanedalanuslomas.blogspot.com\/\">Jefatura Departamental Avellaneda-Lan\u00fas-Lomas<\/a><\/strong><\/p>\n","protected":false},"excerpt":{"rendered":"<p>A continuaci\u00f3n reproducimos nota policial que involucra a una correcta decisi\u00f3n del municipio de liberar el espacio p\u00fablico, es de esperar que se cumpla el plazo otorgado a los usurpadores, aunque la medida parece descubrir que algunos tienen beneficios que otros vecinos no tienen. CRIA AVELLANEDA 6TA GERLI FECHA 27\/06\/18 HORA 1100 EXTRACTO Llevo a&hellip;<\/p>\n","protected":false},"author":1,"featured_media":79344,"comment_status":"open","ping_status":"open","sticky":false,"template":"","format":"standard","meta":{"footnotes":""},"categories":[22],"tags":[461,22301,29121,1662,23294],"class_list":["post-79342","post","type-post","status-publish","format-standard","has-post-thumbnail","hentry","category-policiales","tag-avellaneda","tag-comisario-mayor-javier-carlos-villar","tag-desalojo-espacio-publico","tag-gerli","tag-jefatura-departamental-avellaneda-lanus-lomas"],"_links":{"self":[{"href":"https:\/\/www.elsindical.com.ar\/notas\/wp-json\/wp\/v2\/posts\/79342","targetHints":{"allow":["GET"]}}],"collection":[{"href":"https:\/\/www.elsindical.com.ar\/notas\/wp-json\/wp\/v2\/posts"}],"about":[{"href":"https:\/\/www.elsindical.com.ar\/notas\/wp-json\/wp\/v2\/types\/post"}],"author":[{"embeddable":true,"href":"https:\/\/www.elsindical.com.ar\/notas\/wp-json\/wp\/v2\/users\/1"}],"replies":[{"embeddable":true,"href":"https:\/\/www.elsindical.com.ar\/notas\/wp-json\/wp\/v2\/comments?post=79342"}],"version-history":[{"count":1,"href":"https:\/\/www.elsindical.com.ar\/notas\/wp-json\/wp\/v2\/posts\/79342\/revisions"}],"predecessor-version":[{"id":79345,"href":"https:\/\/www.elsindical.com.ar\/notas\/wp-json\/wp\/v2\/posts\/79342\/revisions\/79345"}],"wp:featuredmedia":[{"embeddable":true,"href":"https:\/\/www.elsindical.com.ar\/notas\/wp-json\/wp\/v2\/media\/79344"}],"wp:attachment":[{"href":"https:\/\/www.elsindical.com.ar\/notas\/wp-json\/wp\/v2\/media?parent=79342"}],"wp:term":[{"taxonomy":"category","embeddable":true,"href":"https:\/\/www.elsindical.com.ar\/notas\/wp-json\/wp\/v2\/categories?post=79342"},{"taxonomy":"post_tag","embeddable":true,"href":"https:\/\/www.elsindical.com.ar\/notas\/wp-json\/wp\/v2\/tags?post=79342"}],"curies":[{"name":"wp","href":"https:\/\/api.w.org\/{rel}","templated":true}]}}