{"id":79339,"date":"2018-06-27T11:44:10","date_gmt":"2018-06-27T14:44:10","guid":{"rendered":"http:\/\/www.elsindical.com.ar\/notas\/?p=79339"},"modified":"2018-06-27T11:44:10","modified_gmt":"2018-06-27T14:44:10","slug":"en-el-gobierno-se-resignan-las-paritarias-del-15-ya-no-existen","status":"publish","type":"post","link":"https:\/\/www.elsindical.com.ar\/notas\/en-el-gobierno-se-resignan-las-paritarias-del-15-ya-no-existen\/","title":{"rendered":"En el Gobierno se resignan: \u201cLas paritarias del 15% ya no existen\u201d"},"content":{"rendered":"<p><em>\u00a0<a href=\"http:\/\/www.elsindical.com.ar\/notas\/var\/www\/html\/notas\/wp-content\/uploads\/2018\/06\/Dante-Sica.jpg\"><img loading=\"lazy\" decoding=\"async\" class=\"alignnone size-medium wp-image-79340\" src=\"http:\/\/www.elsindical.com.ar\/notas\/var\/www\/html\/notas\/wp-content\/uploads\/2018\/06\/Dante-Sica-300x165.jpg\" alt=\"\" width=\"300\" height=\"165\" srcset=\"https:\/\/www.elsindical.com.ar\/notas\/var\/www\/html\/notas\/wp-content\/uploads\/2018\/06\/Dante-Sica-300x165.jpg 300w, https:\/\/www.elsindical.com.ar\/notas\/var\/www\/html\/notas\/wp-content\/uploads\/2018\/06\/Dante-Sica-768x422.jpg 768w, https:\/\/www.elsindical.com.ar\/notas\/var\/www\/html\/notas\/wp-content\/uploads\/2018\/06\/Dante-Sica-1024x563.jpg 1024w, https:\/\/www.elsindical.com.ar\/notas\/var\/www\/html\/notas\/wp-content\/uploads\/2018\/06\/Dante-Sica-500x275.jpg 500w, https:\/\/www.elsindical.com.ar\/notas\/var\/www\/html\/notas\/wp-content\/uploads\/2018\/06\/Dante-Sica.jpg 1200w\" sizes=\"auto, (max-width: 300px) 100vw, 300px\" \/><\/a> \u00a0Sica admiti\u00f3 que habr\u00e1 actualizaci\u00f3n de las paritarias en un encuentro con empresarios del sector comercial. Las paritarias pactadas al 15 por ciento ya no existen, reconocieron.<\/em><\/p>\n<div class=\"cuerponota mb50\">\n<p>Mientras en todo el pa\u00eds se desarrollaba el tercer paro contra Mauricio Macri, el flamente ministro de la Producci\u00f3n, Dante Sica, desayun\u00f3 con la C\u00e1mara Argentina de Comercio (CAC) y almorz\u00f3 con la Uni\u00f3n Industrial Argentina (UIA). Tras esos encuentros trascendi\u00f3 que el gobierno reconoci\u00f3 que los salarios quedaron desactualizados y se comprometi\u00f3 a financiar el consumo.<\/p>\n<p>Sica recibi\u00f3 al presidente de la C\u00e1mara Argentina de Comercio y Servicios (CAC), Jorge Luis Di Fiori, con quien coincidi\u00f3 en la \u201cimportancia de establecer una agenda de trabajo conjunta para fortalecer la competitividad del sector\u201d.<\/p>\n<p>Los principales temas de esta primera reuni\u00f3n con la CAC desde que Sica asumi\u00f3 como ministro, fueron \u201cel fortalecimiento de las pymes, la formalizaci\u00f3n y facilitaci\u00f3n del comercio, el desarrollo de los medios electr\u00f3nicos de pago y la continuidad de los programas como Ahora 12, que dan opciones al consumidor a la vez que fomentan el consumo y la producci\u00f3n nacional\u201d.<\/p>\n<p>El funcionario describi\u00f3 un panorama sombr\u00edo para la econom\u00eda de los pr\u00f3ximos seis meses, pero afirm\u00f3 que su gesti\u00f3n se focalizar\u00e1 en el corto plazo y anunci\u00f3 medidas paliativas. Al respecto, se supo que se trabaja para que se renueve y quiz\u00e1s amplifique el programa Ahora 12. Tambi\u00e9n se confirm\u00f3 que \u201clas paritarias van a tener que ser actualizadas\u201d.<\/p>\n<p>A pesar de un escenario complicado para los pr\u00f3ximos meses, trascendi\u00f3 que los empresarios se fueron del Ministerio de Producci\u00f3n con una buena sensaci\u00f3n. Luego de tenerlo como asesor econ\u00f3mico durante a\u00f1os, los empresarios comenzaron a develar al Dante Sica ministro. La primera impresi\u00f3n de los hombres de negocios sobre el flamante titular de Producci\u00f3n es de cercan\u00eda. \u201cSentimos que hablamos el mismo idioma\u201d, describi\u00f3 un empresario al diario La Naci\u00f3n.<\/p>\n<p>En el Ministerio de Sica se trabaja para que se renueven los programas Ahora 12, y el anuncio podr\u00eda hacerse antes del fin de semana. \u201cEstamos negociando\u201d, confirmaron en Comercio. Adem\u00e1s habr\u00e1 financiamiento a tasas subsidiadas para el capital de trabajo. Sica ya trabaja con el Banco Central y el Banco Naci\u00f3n.<\/p>\n<p>El ministro de Producci\u00f3n anticip\u00f3 tambi\u00e9n a los empresarios de las dos entidades que las paritarias pactadas al 15 por ciento ya no existen, aunque, en rigor, Macri ya las hab\u00eda desanudado cuando impuls\u00f3 un decreto la semana pasada para sumar otro 5 por ciento a lo ya convenido. \u201cLas paritarias van a tener que ser actualizadas\u201d, confirm\u00f3 uno de los directivos de una de las entidades que visitaron hoy al ministro.<\/p>\n<p>Sica no es un hombre desconectado del mundo sindical. Incluso la semana pasada recibi\u00f3 al Secretariado de la Uni\u00f3n Obrera Metal\u00fargica (UOM), con Antonio Cal\u00f3 a la cabeza. El panorama econ\u00f3mico, los salarios, y la situaci\u00f3n del empleo, fueron los t\u00f3picos.<\/p>\n<p>M\u00e1s all\u00e1 de tapar los baches de la actividad en el corto plazo, el funcionario anticip\u00f3 a los empresarios que podr\u00eda sumar una mesa de competitividad de la exportaci\u00f3n para mejorar el trabajo m\u00e1s estructural focalizado en la competitividad y la desburocratizaci\u00f3n.<\/p>\n<p>\u201cCon Dante tenemos una relaci\u00f3n de m\u00e1s de 10 a\u00f1os. Es una persona muy respetada en el ambiente\u201d, afirm\u00f3 , Mario Grinman, secretario de la C\u00e1mara Argentina de Comercio y Servicios (CAC).<\/p>\n<p>Pasado el mediod\u00eda Sica y Mart\u00edn Etchegoyen (ex director de la UIA y actual coordinador de las mesas sectoriales), recibieron a varios hombres de la UIA. Por la entidad fabril, fueron Miguel Acevedo (AGD y presidente de la UIA), Daniel Funes de Rioja (Copal), Luis Betnazza (Techint), Cristiano Rattazzi (FCA), Adri\u00e1n Kaufmann (Arcor), Eduardo Nougu\u00e9s (Ledesma) y Alberto Alvarez Saavedra (Gador). Adem\u00e1s estuvieron presentes Miguel Angel Rodr\u00edguez (vicepresidente Pymi) y Alberto Sellaro (calzado), dos hombres de los sectores m\u00e1s afectados.<\/p>\n<p>\u201cFue una muy buena charla\u201d, afirm\u00f3 Miguel Acevedo y destac\u00f3: \u201cTiene una visi\u00f3n m\u00e1s industrialista\u201d, matiz\u00f3 el director de AGD en comparaci\u00f3n con la anterior gesti\u00f3n de Francisco Cabrera.<\/p>\n<p>\u201cLe comentamos lo que est\u00e1bamos viendo en la econom\u00eda, hablamos sobre las variables de la actividad y el tipo de cambio. Sica nos plate\u00f3 que quiere tener una relaci\u00f3n muy aceitada entre la UIA y el Ministerio\u201d, agreg\u00f3 Acevedo.<\/p>\n<p>Mientas almorzaban, el funcionario les dijo a los empresarios que tiene claro que se vienen meses complicados y que buscar\u00e1 medidas para \u201cpaliar\u201d ese escenario.<\/p>\n<\/div>\n","protected":false},"excerpt":{"rendered":"<p>\u00a0 \u00a0Sica admiti\u00f3 que habr\u00e1 actualizaci\u00f3n de las paritarias en un encuentro con empresarios del sector comercial. Las paritarias pactadas al 15 por ciento ya no existen, reconocieron. Mientras en todo el pa\u00eds se desarrollaba el tercer paro contra Mauricio Macri, el flamente ministro de la Producci\u00f3n, Dante Sica, desayun\u00f3 con la C\u00e1mara Argentina de&hellip;<\/p>\n","protected":false},"author":1,"featured_media":79340,"comment_status":"open","ping_status":"open","sticky":false,"template":"","format":"standard","meta":{"footnotes":""},"categories":[13],"tags":[16495,29079,76,2107,4674],"class_list":["post-79339","post","type-post","status-publish","format-standard","has-post-thumbnail","hentry","category-politica","tag-cac","tag-dante-sica","tag-mauricio-macri","tag-paritarias","tag-uia"],"_links":{"self":[{"href":"https:\/\/www.elsindical.com.ar\/notas\/wp-json\/wp\/v2\/posts\/79339","targetHints":{"allow":["GET"]}}],"collection":[{"href":"https:\/\/www.elsindical.com.ar\/notas\/wp-json\/wp\/v2\/posts"}],"about":[{"href":"https:\/\/www.elsindical.com.ar\/notas\/wp-json\/wp\/v2\/types\/post"}],"author":[{"embeddable":true,"href":"https:\/\/www.elsindical.com.ar\/notas\/wp-json\/wp\/v2\/users\/1"}],"replies":[{"embeddable":true,"href":"https:\/\/www.elsindical.com.ar\/notas\/wp-json\/wp\/v2\/comments?post=79339"}],"version-history":[{"count":1,"href":"https:\/\/www.elsindical.com.ar\/notas\/wp-json\/wp\/v2\/posts\/79339\/revisions"}],"predecessor-version":[{"id":79341,"href":"https:\/\/www.elsindical.com.ar\/notas\/wp-json\/wp\/v2\/posts\/79339\/revisions\/79341"}],"wp:featuredmedia":[{"embeddable":true,"href":"https:\/\/www.elsindical.com.ar\/notas\/wp-json\/wp\/v2\/media\/79340"}],"wp:attachment":[{"href":"https:\/\/www.elsindical.com.ar\/notas\/wp-json\/wp\/v2\/media?parent=79339"}],"wp:term":[{"taxonomy":"category","embeddable":true,"href":"https:\/\/www.elsindical.com.ar\/notas\/wp-json\/wp\/v2\/categories?post=79339"},{"taxonomy":"post_tag","embeddable":true,"href":"https:\/\/www.elsindical.com.ar\/notas\/wp-json\/wp\/v2\/tags?post=79339"}],"curies":[{"name":"wp","href":"https:\/\/api.w.org\/{rel}","templated":true}]}}