{"id":79327,"date":"2018-06-26T22:36:38","date_gmt":"2018-06-27T01:36:38","guid":{"rendered":"http:\/\/www.elsindical.com.ar\/notas\/?p=79327"},"modified":"2018-06-26T22:36:38","modified_gmt":"2018-06-27T01:36:38","slug":"llavallol-allanamiento-a-planta-verificadora-y-17-detenidos","status":"publish","type":"post","link":"https:\/\/www.elsindical.com.ar\/notas\/llavallol-allanamiento-a-planta-verificadora-y-17-detenidos\/","title":{"rendered":"Llavallol: Allanamiento a planta verificadora y 17 detenidos"},"content":{"rendered":"<p><em>\u00a0 <a href=\"http:\/\/www.elsindical.com.ar\/notas\/var\/www\/html\/notas\/wp-content\/uploads\/2018\/06\/allanamiento-VTV-Llavallol.jpg\"><img loading=\"lazy\" decoding=\"async\" class=\"alignnone size-medium wp-image-79328\" src=\"http:\/\/www.elsindical.com.ar\/notas\/var\/www\/html\/notas\/wp-content\/uploads\/2018\/06\/allanamiento-VTV-Llavallol-300x141.jpg\" alt=\"\" width=\"300\" height=\"141\" srcset=\"https:\/\/www.elsindical.com.ar\/notas\/var\/www\/html\/notas\/wp-content\/uploads\/2018\/06\/allanamiento-VTV-Llavallol-300x141.jpg 300w, https:\/\/www.elsindical.com.ar\/notas\/var\/www\/html\/notas\/wp-content\/uploads\/2018\/06\/allanamiento-VTV-Llavallol-500x234.jpg 500w, https:\/\/www.elsindical.com.ar\/notas\/var\/www\/html\/notas\/wp-content\/uploads\/2018\/06\/allanamiento-VTV-Llavallol.jpg 640w\" sizes=\"auto, (max-width: 300px) 100vw, 300px\" \/><\/a>La investigaci\u00f3n, a cargo de la Unidad Funcional de Instrucci\u00f3n 8 y el Juzgado de Garant\u00edas 3 del Departamento Judicial de Lomas de Zamora, comenz\u00f3 en diciembre del a\u00f1o pasado. Son 17 las personas detenidas.<\/em><\/p>\n<p>Cay\u00f3 una banda que entregaba obleas de Verificaci\u00f3n T\u00e9cnica Vehicular (VTV) originales a autos que no estaban aptos. Son 17 los detenidos. Uno de los allanamientos fue en la sede de Llavallol.<\/p>\n<p>La investigaci\u00f3n, a cargo de la Unidad Funcional de Instrucci\u00f3n (UFI) 8 \u2013a cargo de Pablo Rossi- y el Juzgado de Garant\u00edas 3 del Departamento de Lomas de Zamora, comenz\u00f3 en diciembre pasado cuando efectivos detectaron en redes sociales que se ofrec\u00edan obleas de la VTV \u201ccon o sin presentaci\u00f3n en la planta\u201d.<\/p>\n<p>Identificaron a un hombre que \u201cposee gran cantidad de clientes minoristas y mayoristas a los que provee del material en cuesti\u00f3n, entre los cuales se individualizo a un gran comprador mayorista que era due\u00f1o de un estudio jur\u00eddico en la zona de Lomas de Zamora, quien compraba alrededor de 30 obleas con formulario por semana\u201d, indic\u00f3 la Polic\u00eda.<\/p>\n<p>\u201cConforme el avance de la investigaci\u00f3n, se gener\u00f3 una fractura entre el proveedor y sus clientes y el estudio, por lo que los clientes gestionaron el mismo tr\u00e1mite que ven\u00edan realizando pero con gente de adentro de la planta verificadora de Llavallol\u201d, se\u00f1al\u00f3 la fuerza.<\/p>\n<p>Se realizaron 19 allanamientos, tambi\u00e9n en la VTV de Llavallol, en el marco de la causa caratulada como \u201cAsociaci\u00f3n il\u00edcita en concurso real con falsedad ideol\u00f3gica\u201d. Son 17 los detenidos.<\/p>\n","protected":false},"excerpt":{"rendered":"<p>\u00a0 La investigaci\u00f3n, a cargo de la Unidad Funcional de Instrucci\u00f3n 8 y el Juzgado de Garant\u00edas 3 del Departamento Judicial de Lomas de Zamora, comenz\u00f3 en diciembre del a\u00f1o pasado. Son 17 las personas detenidas. Cay\u00f3 una banda que entregaba obleas de Verificaci\u00f3n T\u00e9cnica Vehicular (VTV) originales a autos que no estaban aptos. Son&hellip;<\/p>\n","protected":false},"author":1,"featured_media":79328,"comment_status":"open","ping_status":"open","sticky":false,"template":"","format":"standard","meta":{"footnotes":""},"categories":[22],"tags":[742,21017,8574,21849],"class_list":["post-79327","post","type-post","status-publish","format-standard","has-post-thumbnail","hentry","category-policiales","tag-detenidos","tag-llavallol","tag-ufi-8","tag-vtv"],"_links":{"self":[{"href":"https:\/\/www.elsindical.com.ar\/notas\/wp-json\/wp\/v2\/posts\/79327","targetHints":{"allow":["GET"]}}],"collection":[{"href":"https:\/\/www.elsindical.com.ar\/notas\/wp-json\/wp\/v2\/posts"}],"about":[{"href":"https:\/\/www.elsindical.com.ar\/notas\/wp-json\/wp\/v2\/types\/post"}],"author":[{"embeddable":true,"href":"https:\/\/www.elsindical.com.ar\/notas\/wp-json\/wp\/v2\/users\/1"}],"replies":[{"embeddable":true,"href":"https:\/\/www.elsindical.com.ar\/notas\/wp-json\/wp\/v2\/comments?post=79327"}],"version-history":[{"count":1,"href":"https:\/\/www.elsindical.com.ar\/notas\/wp-json\/wp\/v2\/posts\/79327\/revisions"}],"predecessor-version":[{"id":79329,"href":"https:\/\/www.elsindical.com.ar\/notas\/wp-json\/wp\/v2\/posts\/79327\/revisions\/79329"}],"wp:featuredmedia":[{"embeddable":true,"href":"https:\/\/www.elsindical.com.ar\/notas\/wp-json\/wp\/v2\/media\/79328"}],"wp:attachment":[{"href":"https:\/\/www.elsindical.com.ar\/notas\/wp-json\/wp\/v2\/media?parent=79327"}],"wp:term":[{"taxonomy":"category","embeddable":true,"href":"https:\/\/www.elsindical.com.ar\/notas\/wp-json\/wp\/v2\/categories?post=79327"},{"taxonomy":"post_tag","embeddable":true,"href":"https:\/\/www.elsindical.com.ar\/notas\/wp-json\/wp\/v2\/tags?post=79327"}],"curies":[{"name":"wp","href":"https:\/\/api.w.org\/{rel}","templated":true}]}}