{"id":793,"date":"2009-10-02T12:53:26","date_gmt":"2009-10-02T15:53:26","guid":{"rendered":"http:\/\/www.elsindical.com.ar\/notas\/?p=793"},"modified":"2009-10-02T12:53:26","modified_gmt":"2009-10-02T15:53:26","slug":"corrientes-hallan-muerto-a-empresario-periodistico-luego-de-que-denunciara-a-un-politico","status":"publish","type":"post","link":"https:\/\/www.elsindical.com.ar\/notas\/corrientes-hallan-muerto-a-empresario-periodistico-luego-de-que-denunciara-a-un-politico\/","title":{"rendered":"Corrientes: Hallan muerto a empresario period\u00edstico luego de que denunciara a un pol\u00edtico"},"content":{"rendered":"<p style=\"text-align: justify;\"><em><img loading=\"lazy\" decoding=\"async\" class=\"alignleft size-full wp-image-794\" title=\"Hern\u00e1n-Gonz\u00e1lez-Moreno\" src=\"http:\/\/www.elsindical.com.ar\/notas\/var\/www\/html\/notas\/wp-content\/uploads\/2009\/10\/Hern\u00e1n-Gonz\u00e1lez-Moreno.jpg\" alt=\"Hern\u00e1n-Gonz\u00e1lez-Moreno\" width=\"283\" height=\"228\" \/>Un joven empresario period\u00edstico vinculado al gobernador Arturo Colombi y que hab\u00eda denunciado por presunto enriquecimiento il\u00edcito a Ricardo Colombi apareci\u00f3 muerto esta madrugada, en un hecho que conmocion\u00f3 a Corrientes, a pocas horas de la segunda vuelta electoral en la provincia.<\/em><\/p>\n<p>El cuerpo del empresario period\u00edstico Hern\u00e1n Gonz\u00e1lez Moreno fue encontrado en su autom\u00f3vil Toyota Camry estacionado en una estancia de la localidad de Goya.<\/p>\n<p>Junto al cuerpo fue hallada un arma Colt 45 que presuntamente el empresario habr\u00eda utilizado para poner fin a su vida, si bien a\u00fan no se hab\u00edan dado a conocer datos oficiales sobre las investigaciones en marcha.<\/p>\n<p>Gonz\u00e1lez Moreno, de 28 a\u00f1os, era el responsable de un sitio web de noticias vinculado al oficialismo correntino y a su vez era investigado por la Justicia en una causa por el manejo de la pauta publicitaria oficial.<\/p>\n<p>En tanto, el sitio web del que era due\u00f1o el empresario inform\u00f3 que Gonz\u00e1lez Moreno \u00abse suicid\u00f3\u00bb y que lo hizo por \u00abamenazas\u00bb que recibi\u00f3 en las \u00faltimas horas.<\/p>\n<p>El empresario hab\u00eda irrumpido en el \u00faltimo tramo de la campa\u00f1a electoral cuando, representado por el abogado medi\u00e1tico Mariano C\u00faneo Libarona, denunci\u00f3 a Ricardo Colombi -primo y rival pol\u00edtico del actual mandatario provincial- al sostener que \u00abmientras era gobernador se compr\u00f3 una casa de un mill\u00f3n de pesos a trav\u00e9s de un testaferro\u00bb.<\/p>\n<p>Gonz\u00e1lez Moreno era amigo del gobernador Arturo Colombi y beneficiario de la pauta oficial como empresario period\u00edstico.<\/p>\n<p>En los hechos, la denuncia del fallecido empresario buscaba contrarrestar el hecho de que el secretario privado del gobernador, Diego Mosquera, est\u00e1 preso acusado de enriquecimiento il\u00edcito desde hace m\u00e1s de un mes.<\/p>\n<p>Tras la denuncia, la sede de la Agencia Corrientes, que administraba un sitio web de enfoque oficialista, fue allanada el pasado lunes por parte del fiscal Gustavo Robineau y una veintena de efectivos de Delitos Complejos de la Polic\u00eda de Corrientes.<\/p>\n<p>El operativo se desarroll\u00f3 como parte de una causa en la que se buscan determinar posibles irregularidades en el manejo de la pauta publicitaria oficial.<\/p>\n<p>Tras hallarse el cuerpo sin vida del empresario, el sitio web que dirig\u00eda difundi\u00f3 que en las \u00faltimas horas Gonz\u00e1lez Moreno habr\u00eda recibido amenazas.<\/p>\n<p>\u00abMe quebraron, se metieron con mis cachorros\u00bb, habr\u00eda dicho el empresario a sus allegados, en referencia a amenazas en las que habr\u00edan involucrado a sus dos peque\u00f1os hijos, el mayor de ellos de s\u00f3lo cuatro a\u00f1os.<\/p>\n<p>Seg\u00fan el sitio www.agenciacorrientes.com, Gonz\u00e1lez Moreno hab\u00eda recibido \u00abnumerosas amenazas contra la vida de sus hijos mediante mensajes de texto, fotograf\u00edas y otras comunicaciones de desconocidos que le habr\u00edan exigido su propia muerte o el desistimiento de la presentaci\u00f3n contra el aspirante a la Gobernaci\u00f3n\u00bb.<\/p>\n<p>\u00abMe quebraron, me amenazan con matar a mis hijos si no me mato yo antes, y me voy a pegar un tiro para salvarlos\u00bb, habr\u00eda dicho el empresario, seg\u00fan se indica en el sitio web.<\/p>\n<p>Seg\u00fan la versi\u00f3n, \u00abcon esas palabras desesperadas Gonz\u00e1lez Moreno se despidi\u00f3 de al menos seis amigos de su entorno m\u00e1s cercano, incluido el gobernador Colombi y el director de Informaci\u00f3n P\u00fablica de la provincia, Jos\u00e9 Luis Zampa\u00bb.<\/p>\n<p>Hasta el lugar donde fue hallado el cuerpo de Gonz\u00e1lez Moreno se dirigi\u00f3 Zampa con la intenci\u00f3n de \u00abevitar el tr\u00e1gico desenlace\u00bb, se indic\u00f3.<\/p>\n<p>\u00abLo encontramos acurrucado en la butaca del conductor de su Toyota Camry, estaba a su lado la pistola Colt 45 con la que se dispar\u00f3 una bala despu\u00e9s de bajar todos los cristales del veh\u00edculo; a su lado estaban los celulares con los que se hab\u00eda comunicado con nosotros para anoticiarnos de su decisi\u00f3n\u00bb, relat\u00f3 Zampa en declaraciones period\u00edsticas.<\/p>\n<p>De acuerdo con la versi\u00f3n period\u00edstica, \u00abel empresario dijo en sus comunicaciones con sus \u00edntimos haber recibido alrededor de un mensaje amenazador cada media hora en los que se inclu\u00edan fotos de sus hijos ingresando al jard\u00edn de infantes el mismo d\u00eda del env\u00edo y otros recados electr\u00f3nicos tan actuales como escalofriantes: mostraban a sus ni\u00f1os mientras viajaban, en horas de la tarde de ayer, a la ciudad de Buenos Aires\u00bb.<\/p>\n<p>\u00abLos siguieron a mis cachorros todo el viaje, mil kil\u00f3metros, para matarlos; se metieron con mis cachorros y me quebraron; me exigen que me mate o que desista de la denuncia contra Ricardo, pero yo tengo c\u00f3digos y no voy a desdecirme\u00bb, habr\u00eda relatado Gonz\u00e1lez Moreno.<\/p>\n<p>Seg\u00fan la misma versi\u00f3n, a varios de sus amigos les pidi\u00f3: \u00abpor favor hagan lo que tengan que hacer pero no dejen que Ricardo llegue al poder de nuevo; Ricardo Colombi me quebr\u00f3, rompi\u00f3 los c\u00f3digos m\u00e1s sagrados, yo no voy a dejar que se metan con mis cachorros\u00bb.<\/p>\n","protected":false},"excerpt":{"rendered":"<p>Un joven empresario period\u00edstico vinculado al gobernador Arturo Colombi y que hab\u00eda denunciado por presunto enriquecimiento il\u00edcito a Ricardo Colombi apareci\u00f3 muerto esta madrugada, en un hecho que conmocion\u00f3 a Corrientes, a pocas horas de la segunda vuelta electoral en la provincia. El cuerpo del empresario period\u00edstico Hern\u00e1n Gonz\u00e1lez Moreno fue encontrado en su autom\u00f3vil&hellip;<\/p>\n","protected":false},"author":1,"featured_media":0,"comment_status":"open","ping_status":"open","sticky":false,"template":"","format":"standard","meta":{"footnotes":""},"categories":[22],"tags":[464,281,466,463,465],"class_list":["post-793","post","type-post","status-publish","format-standard","hentry","category-policiales","tag-colombini","tag-corrientes","tag-hernan-gonzalez-moreno","tag-periodistico","tag-politico"],"_links":{"self":[{"href":"https:\/\/www.elsindical.com.ar\/notas\/wp-json\/wp\/v2\/posts\/793","targetHints":{"allow":["GET"]}}],"collection":[{"href":"https:\/\/www.elsindical.com.ar\/notas\/wp-json\/wp\/v2\/posts"}],"about":[{"href":"https:\/\/www.elsindical.com.ar\/notas\/wp-json\/wp\/v2\/types\/post"}],"author":[{"embeddable":true,"href":"https:\/\/www.elsindical.com.ar\/notas\/wp-json\/wp\/v2\/users\/1"}],"replies":[{"embeddable":true,"href":"https:\/\/www.elsindical.com.ar\/notas\/wp-json\/wp\/v2\/comments?post=793"}],"version-history":[{"count":2,"href":"https:\/\/www.elsindical.com.ar\/notas\/wp-json\/wp\/v2\/posts\/793\/revisions"}],"predecessor-version":[{"id":796,"href":"https:\/\/www.elsindical.com.ar\/notas\/wp-json\/wp\/v2\/posts\/793\/revisions\/796"}],"wp:attachment":[{"href":"https:\/\/www.elsindical.com.ar\/notas\/wp-json\/wp\/v2\/media?parent=793"}],"wp:term":[{"taxonomy":"category","embeddable":true,"href":"https:\/\/www.elsindical.com.ar\/notas\/wp-json\/wp\/v2\/categories?post=793"},{"taxonomy":"post_tag","embeddable":true,"href":"https:\/\/www.elsindical.com.ar\/notas\/wp-json\/wp\/v2\/tags?post=793"}],"curies":[{"name":"wp","href":"https:\/\/api.w.org\/{rel}","templated":true}]}}