{"id":7929,"date":"2010-07-18T13:23:11","date_gmt":"2010-07-18T16:23:11","guid":{"rendered":"http:\/\/www.elsindical.com.ar\/notas\/?p=7929"},"modified":"2010-07-18T13:23:11","modified_gmt":"2010-07-18T16:23:11","slug":"reveco-retuvo-su-corona-superando-ampliamente-a-su-rival","status":"publish","type":"post","link":"https:\/\/www.elsindical.com.ar\/notas\/reveco-retuvo-su-corona-superando-ampliamente-a-su-rival\/","title":{"rendered":"Reveco retuvo su corona superando ampliamente a su rival"},"content":{"rendered":"<p style=\"text-align: justify;\"><em><a href=\"http:\/\/www.elsindical.com.ar\/notas\/var\/www\/html\/notas\/wp-content\/uploads\/2010\/07\/Juan-Carlos-Reveco.jpg\"><img loading=\"lazy\" decoding=\"async\" class=\"alignleft size-medium wp-image-7930\" title=\"Juan-Carlos-Reveco\" src=\"http:\/\/www.elsindical.com.ar\/notas\/var\/www\/html\/notas\/wp-content\/uploads\/2010\/07\/Juan-Carlos-Reveco-300x225.jpg\" alt=\"\" width=\"300\" height=\"225\" srcset=\"https:\/\/www.elsindical.com.ar\/notas\/var\/www\/html\/notas\/wp-content\/uploads\/2010\/07\/Juan-Carlos-Reveco-300x225.jpg 300w, https:\/\/www.elsindical.com.ar\/notas\/var\/www\/html\/notas\/wp-content\/uploads\/2010\/07\/Juan-Carlos-Reveco.jpg 312w\" sizes=\"auto, (max-width: 300px) 100vw, 300px\" \/><\/a>Mostrando una gran supremac\u00eda durante los cinco asaltos que dur\u00f3 el combate, Juan Carlos Reveco retuvo en la segunda defensa el t\u00edtulo interino minimosca de la Asociaci\u00f3n Mundial de Boxeo (AMB) ante el mexicano Armando Torres.<\/em><\/p>\n<p style=\"text-align: justify;\">La mano final fue un gancho de izquierda a la altura del ment\u00f3n, a 28 segundos del cierre del quinto round, que decret\u00f3 el knocaut en la pelea que finaliz\u00f3 los primeros minutos de hoy en la localidad mendocina de Las Heras.<\/p>\n<p style=\"text-align: justify;\">En los dos primeros rounds, Revec\u00f3 domin\u00f3 la pelea. Tom\u00f3 la iniciativa y con esa zurda picante lastimaba de a poco e iba desgastando a Torres. Se llev\u00f3 los dos per\u00edodos, pero la mejor parte la brindar\u00eda a partir del tercero.<\/p>\n<p style=\"text-align: justify;\">El gran desnivel Reveco lo provoc\u00f3 con un gancho de zurda que abri\u00f3 el camino para que lastime una derecha arriba. Ese \u00faltimo golpe lo derrib\u00f3 alretador a 55 segundos del cierre.<\/p>\n<p style=\"text-align: justify;\">El tono de la pelea lo segu\u00eda marcando el campe\u00f3n defensor. Torres se mostraba inconexo con sus golpes y Reveco pas\u00f3 a la acci\u00f3n. En el cuarto lastim\u00f3 bastante con su 1-2 y en el quinto no quiso esperar m\u00e1s. A un minuto del cierre un golpe zurdo certero lo hizo besar la lona a Torres.<\/p>\n<p style=\"text-align: justify;\">Segundos despu\u00e9s una apertura con su pu\u00f1o menos h\u00e1bil, permiti\u00f3 un gancho zurdo al ment\u00f3n que sinti\u00f3, por lo que el entrenador del mexicano tir\u00f3 la toalla, que el \u00e1rbitro Jorge Basile vio unos segundos despu\u00e9s. Al finalizar la pelea, el mendocino oriundo de Malarg\u00fce destac\u00f3 en medio de la alegr\u00eda de su rinc\u00f3n, tras el contundente triunfo: \u201cMe pone muy contento haber retenido el t\u00edtulo. No pude trabajar bien abajo, me sent\u00ed inc\u00f3modo&#8230; vi que me respond\u00eda y entonces ah\u00ed empec\u00e9 a cambiar, hasta que le agarr\u00e9 el tiempo a partir del tercer round. Nosotros somos un grupo de trabajo muy unido junto a Pablo Chac\u00f3n y Ricardo Bracamonte. Queremos superarnos d\u00eda a d\u00eda y para eso trabajamos muy duro. Esperemos que se puedan lograr m\u00e1s cosas\u201d.<\/p>\n<p style=\"text-align: justify;\">De Pascual P\u00e9rez a Juan Carlos Reveco, pasando por los inolvidables Nicolino Locche, Hugo Pascual Corro y Pablo Chac\u00f3n. Las cl\u00e1sica escuelamendocina, esa que se gan\u00f3 el reconocimiento en el mundo del boxeo con el \u201carte de la defensa\u201d como principal estandarte, buscaba su renacimiento de la mano de j\u00f3venes esperanzas que de a poco aparecen en el horizonte, con un estilo m\u00e1s agresivo que sus antecesores. Y ah\u00ed dijo presente Reveco, demostrando que puede ser tan grande como lo fueron ellos.<\/p>\n","protected":false},"excerpt":{"rendered":"<p>Mostrando una gran supremac\u00eda durante los cinco asaltos que dur\u00f3 el combate, Juan Carlos Reveco retuvo en la segunda defensa el t\u00edtulo interino minimosca de la Asociaci\u00f3n Mundial de Boxeo (AMB) ante el mexicano Armando Torres. La mano final fue un gancho de izquierda a la altura del ment\u00f3n, a 28 segundos del cierre del&hellip;<\/p>\n","protected":false},"author":1,"featured_media":0,"comment_status":"open","ping_status":"open","sticky":false,"template":"","format":"standard","meta":{"footnotes":""},"categories":[7],"tags":[2363,3908,2066,3907,571],"class_list":["post-7929","post","type-post","status-publish","format-standard","hentry","category-deportes","tag-amb","tag-armando-torres","tag-boxeo","tag-juan-carlos-reveco","tag-mendoza"],"_links":{"self":[{"href":"https:\/\/www.elsindical.com.ar\/notas\/wp-json\/wp\/v2\/posts\/7929","targetHints":{"allow":["GET"]}}],"collection":[{"href":"https:\/\/www.elsindical.com.ar\/notas\/wp-json\/wp\/v2\/posts"}],"about":[{"href":"https:\/\/www.elsindical.com.ar\/notas\/wp-json\/wp\/v2\/types\/post"}],"author":[{"embeddable":true,"href":"https:\/\/www.elsindical.com.ar\/notas\/wp-json\/wp\/v2\/users\/1"}],"replies":[{"embeddable":true,"href":"https:\/\/www.elsindical.com.ar\/notas\/wp-json\/wp\/v2\/comments?post=7929"}],"version-history":[{"count":1,"href":"https:\/\/www.elsindical.com.ar\/notas\/wp-json\/wp\/v2\/posts\/7929\/revisions"}],"predecessor-version":[{"id":7931,"href":"https:\/\/www.elsindical.com.ar\/notas\/wp-json\/wp\/v2\/posts\/7929\/revisions\/7931"}],"wp:attachment":[{"href":"https:\/\/www.elsindical.com.ar\/notas\/wp-json\/wp\/v2\/media?parent=7929"}],"wp:term":[{"taxonomy":"category","embeddable":true,"href":"https:\/\/www.elsindical.com.ar\/notas\/wp-json\/wp\/v2\/categories?post=7929"},{"taxonomy":"post_tag","embeddable":true,"href":"https:\/\/www.elsindical.com.ar\/notas\/wp-json\/wp\/v2\/tags?post=7929"}],"curies":[{"name":"wp","href":"https:\/\/api.w.org\/{rel}","templated":true}]}}