{"id":79258,"date":"2018-06-23T15:20:59","date_gmt":"2018-06-23T18:20:59","guid":{"rendered":"http:\/\/www.elsindical.com.ar\/notas\/?p=79258"},"modified":"2018-06-23T15:20:59","modified_gmt":"2018-06-23T18:20:59","slug":"carrefour-anuncio-cierre-de-tres-sucursales-suma-5-desde-el-acuerdo-con-el-gobierno","status":"publish","type":"post","link":"https:\/\/www.elsindical.com.ar\/notas\/carrefour-anuncio-cierre-de-tres-sucursales-suma-5-desde-el-acuerdo-con-el-gobierno\/","title":{"rendered":"Carrefour anunci\u00f3 cierre de tres sucursales: suma 5 desde el acuerdo con el Gobierno"},"content":{"rendered":"<p><em><span class=\"text description col-xs-8 col-lg-9\"><a href=\"http:\/\/www.elsindical.com.ar\/notas\/var\/www\/html\/notas\/wp-content\/uploads\/2011\/05\/Carrefour-Vicente-L\u00f3pez.jpg\"><img loading=\"lazy\" decoding=\"async\" class=\"alignnone size-medium wp-image-14494\" src=\"http:\/\/www.elsindical.com.ar\/notas\/var\/www\/html\/notas\/wp-content\/uploads\/2011\/05\/Carrefour-Vicente-L\u00f3pez-300x177.jpg\" alt=\"\" width=\"300\" height=\"177\" srcset=\"https:\/\/www.elsindical.com.ar\/notas\/var\/www\/html\/notas\/wp-content\/uploads\/2011\/05\/Carrefour-Vicente-L\u00f3pez-300x177.jpg 300w, https:\/\/www.elsindical.com.ar\/notas\/var\/www\/html\/notas\/wp-content\/uploads\/2011\/05\/Carrefour-Vicente-L\u00f3pez.jpg 413w\" sizes=\"auto, (max-width: 300px) 100vw, 300px\" \/><\/a>\u00a0 Sucursales del supermercado de origen franc\u00e9s anunci\u00f3 tres nuevos cierres con ciento de empleados que se quedar\u00e1n sin trabajo. Son las sedes de Quilmes, Villa del Parque y Congreso.<\/span><\/em><\/p>\n<p>El Supermercado<strong> Carrefour <\/strong>anunci\u00f3 el cierre de tres nuevas sucursales (<strong>Quilmes, Congreso y Villa del Parque<\/strong>)<\/p>\n<p>Los cientos de empleados fueron notificados de esta decisi\u00f3n por representantes de la empresa, que les ofreci\u00f3 a los trabajadores dos opciones: retiro voluntario con el 150% de la indemnizaci\u00f3n o el traslado a otra sucursal de la firma, ubicada en la regi\u00f3n.<\/p>\n<p>El cierre del local de Quilmes Centro es parte del acuerdo que la compa\u00f1\u00eda francesa refrend\u00f3 a finales de abril con el gobierno de Mauricio Macri y el Sindicato de Comercio a instancias del Ministerio de Trabajo.<\/p>\n<p>El plan incluye la reducci\u00f3n del n\u00famero de tiendas y la posibilidad de relocalizar al personal que rechace los retiros.<\/p>\n<p>La empresa emplea en forma directa a 190.000 personas en Argentina y le da trabajo en forma indirecta a otras 7.000 en sus m\u00e1s de 590 tiendas.<\/p>\n","protected":false},"excerpt":{"rendered":"<p>\u00a0 Sucursales del supermercado de origen franc\u00e9s anunci\u00f3 tres nuevos cierres con ciento de empleados que se quedar\u00e1n sin trabajo. Son las sedes de Quilmes, Villa del Parque y Congreso. El Supermercado Carrefour anunci\u00f3 el cierre de tres nuevas sucursales (Quilmes, Congreso y Villa del Parque) Los cientos de empleados fueron notificados de esta decisi\u00f3n&hellip;<\/p>\n","protected":false},"author":1,"featured_media":14494,"comment_status":"open","ping_status":"open","sticky":false,"template":"","format":"standard","meta":{"footnotes":""},"categories":[9],"tags":[3960,29104,53,22023,761],"class_list":["post-79258","post","type-post","status-publish","format-standard","has-post-thumbnail","hentry","category-economia","tag-carrefour","tag-cierre-de-sucursales","tag-despidos","tag-economia","tag-gobierno-nacional"],"_links":{"self":[{"href":"https:\/\/www.elsindical.com.ar\/notas\/wp-json\/wp\/v2\/posts\/79258","targetHints":{"allow":["GET"]}}],"collection":[{"href":"https:\/\/www.elsindical.com.ar\/notas\/wp-json\/wp\/v2\/posts"}],"about":[{"href":"https:\/\/www.elsindical.com.ar\/notas\/wp-json\/wp\/v2\/types\/post"}],"author":[{"embeddable":true,"href":"https:\/\/www.elsindical.com.ar\/notas\/wp-json\/wp\/v2\/users\/1"}],"replies":[{"embeddable":true,"href":"https:\/\/www.elsindical.com.ar\/notas\/wp-json\/wp\/v2\/comments?post=79258"}],"version-history":[{"count":1,"href":"https:\/\/www.elsindical.com.ar\/notas\/wp-json\/wp\/v2\/posts\/79258\/revisions"}],"predecessor-version":[{"id":79259,"href":"https:\/\/www.elsindical.com.ar\/notas\/wp-json\/wp\/v2\/posts\/79258\/revisions\/79259"}],"wp:featuredmedia":[{"embeddable":true,"href":"https:\/\/www.elsindical.com.ar\/notas\/wp-json\/wp\/v2\/media\/14494"}],"wp:attachment":[{"href":"https:\/\/www.elsindical.com.ar\/notas\/wp-json\/wp\/v2\/media?parent=79258"}],"wp:term":[{"taxonomy":"category","embeddable":true,"href":"https:\/\/www.elsindical.com.ar\/notas\/wp-json\/wp\/v2\/categories?post=79258"},{"taxonomy":"post_tag","embeddable":true,"href":"https:\/\/www.elsindical.com.ar\/notas\/wp-json\/wp\/v2\/tags?post=79258"}],"curies":[{"name":"wp","href":"https:\/\/api.w.org\/{rel}","templated":true}]}}