{"id":79097,"date":"2018-06-15T15:24:53","date_gmt":"2018-06-15T18:24:53","guid":{"rendered":"http:\/\/www.elsindical.com.ar\/notas\/?p=79097"},"modified":"2018-06-15T15:24:53","modified_gmt":"2018-06-15T18:24:53","slug":"el-gobierno-piensa-en-la-venta-del-fgs-para-cumplir-con-el-fmi","status":"publish","type":"post","link":"https:\/\/www.elsindical.com.ar\/notas\/el-gobierno-piensa-en-la-venta-del-fgs-para-cumplir-con-el-fmi\/","title":{"rendered":"El Gobierno piensa en la venta del FGS para cumplir con el FMI"},"content":{"rendered":"<p><a href=\"http:\/\/www.elsindical.com.ar\/notas\/var\/www\/html\/notas\/wp-content\/uploads\/2018\/06\/participaci\u00f3n-empresas-FGS.jpg\"><img loading=\"lazy\" decoding=\"async\" class=\"alignnone size-medium wp-image-79098\" src=\"http:\/\/www.elsindical.com.ar\/notas\/var\/www\/html\/notas\/wp-content\/uploads\/2018\/06\/participaci\u00f3n-empresas-FGS-300x244.jpg\" alt=\"\" width=\"300\" height=\"244\" srcset=\"https:\/\/www.elsindical.com.ar\/notas\/var\/www\/html\/notas\/wp-content\/uploads\/2018\/06\/participaci\u00f3n-empresas-FGS-300x244.jpg 300w, https:\/\/www.elsindical.com.ar\/notas\/var\/www\/html\/notas\/wp-content\/uploads\/2018\/06\/participaci\u00f3n-empresas-FGS-368x300.jpg 368w, https:\/\/www.elsindical.com.ar\/notas\/var\/www\/html\/notas\/wp-content\/uploads\/2018\/06\/participaci\u00f3n-empresas-FGS.jpg 713w\" sizes=\"auto, (max-width: 300px) 100vw, 300px\" \/><\/a>LOS ACCIONISTAS DE LAS EMPRESAS TENDR\u00c1N LA PRIORIDAD DE RECOMPRA<\/p>\n<p>Los fondos se usar\u00e1n para cubrir los gastos de la reparaci\u00f3n hist\u00f3rica. Se har\u00e1 paulatinamente y por decreto, midiendo las acciones en el mercado.<\/p>\n<p><span style=\"color: #000000;\">El Gobierno se comprometi<\/span>\u00f3 ante el Fondo Monetario Internacional (FMI) a financiar parte del gasto previsional, incluyendo la \u00abreparaci\u00f3n hist\u00f3rica\u00bb, con la \u00abamortizaci\u00f3n de activos de los fondos de pensi\u00f3n que se encuentren actualmente en posesi\u00f3n del Gobierno\u00bb. La mayor caja disponible para esta f\u00f3rmula es el Fondo de Garant\u00eda de Sustentabilidad (FGS) en poder de la ANSES, formado esencialmente con las acciones que ingresaron al Estado durante el Gobierno de Cristina de Kirchner a partir de la reestatizaci\u00f3n de las AFJP. Si bien no hay un n\u00famero actualizado de lo que la administraci\u00f3n p\u00fablica podr\u00eda obtener, fuentes oficiales especulaban con que el n\u00famero final podr\u00eda llegar a los u$s2.000 millones.<\/p>\n<p>La estrategia primaria que tiene en mente el Gobierno es la de ofrecer primero las acciones a los propios due\u00f1os de las compa\u00f1\u00edas en operaciones de \u00abrecompra\u00bb. Las mismas fuentes hablan del serio inter\u00e9s de varias de las empresas de volver a tener bajo dominio propio estas acciones (en el total del paquete o en parte de \u00e9l) y terminar con la convivencia con funcionarios p\u00fablicos en sus directorios. Algunas de las empresas en cuesti\u00f3n, la mayor\u00eda de ellas bancos y compa\u00f1\u00edas de infraestructura, siempre les dejaron en claro que la intenci\u00f3n era avanzar en la recompra y dejar atr\u00e1s la experiencia inaugurada en los tiempos del kirchnerismo.<\/p>\n<p>Desde el macrismo la idea se mantiene viva desde antes de la asunci\u00f3n de diciembre de 2019, pero estuvo anestesiada porque se descartaba que tendr\u00eda problemas pol\u00edticos para poder ejecutarse. El acuerdo firmado con el FMI, y la necesidad de encontrar fuentes de financiamiento m\u00faltiples y creativa hizo que el proyecto reviviera. Y dentro del cap\u00edtulo de los fondos necesarios para poder cubrir las siempre desequilibradas cajas previsionales, comenzando por la continuidad del plan de reparaci\u00f3n hist\u00f3rica lanzado por el macrismo al comienzo de su gesti\u00f3n, y que en los \u00faltimos 48 meses fue financiado por los frutos del blanqueo impositivo que aport\u00f3 m\u00e1s de 100.000 millones de d\u00f3lares. Ese dinero sirvi\u00f3 para cubrir los costos del plan hasta fines de este a\u00f1o, pero desde enero de 2019 deber\u00e1n buscarse otros financiamientos. Y en la \u00abCarta de Intenci\u00f3n\u00bb ante el FMI, el Gobierno se comprometi\u00f3 a comenzar a trabajar con la colocaci\u00f3n en el mercado del FGS. Desde el Ejecutivo se promete que las ventas de las acciones no se concretar\u00edan de manera masiva, sino paulatina y analizando oportunidades a partir de los precios de mercado. Y -afirman- con total transparencia.<\/p>\n<p>Por el sector privado se afirma que hay, desde siempre, seis ofertas concretas de grandes empresas que operan en el pa\u00eds que quieren recomprar las acciones que en alg\u00fan momento estaban en manos de las AFJP y desde la nacionalizaci\u00f3n del r\u00e9gimen privado de jubilaciones pasaron a ser parte del FGS: un banco, una empresa de alimentos de capitales argentinos, una gran proveedora para la industria petrolera y la construcci\u00f3n, una desarrolladora inmobiliaria para p\u00fablico ABC1, un gran grupo de medios de comunicaci\u00f3n y una constructora cercana al poder. Estas seis empresas, entre otras, ya les comunicaron por varias v\u00edas a muchos altos referentes del Gobierno, incluyendo a Mauricio Macri, la intenci\u00f3n de \u00abrecomprar\u00bb las acciones de esas mismas compa\u00f1\u00edas.<\/p>\n<p>El organismo que maneja Emilio Basavilbaso ejerce la administraci\u00f3n de parte de las acciones de unas 46 compa\u00f1\u00edas a trav\u00e9s del Fondo de Garant\u00eda de Sustentabilidad (FGS), luego de la nacionalizaci\u00f3n de las AFJP en 2008. En abril, este diario hab\u00eda adelantado que el plan del Ejecutivo es desprenderse de todo o parte de este paquete para derivar el dinero a cerrar la deuda previsional.<\/p>\n<p>El argumento de estas compa\u00f1\u00edas interesadas en la recompra es el siguiente: \u00abNosotros nunca quisimos que el Estado sea nuestro socio. Abrimos el capital a administradoras privadas porque era el financiamiento m\u00e1s conveniente en su momento y porque eran parte del sistema financiero. Nos encontramos luego con representantes del Estado en nuestras asambleas, lo que nunca fue productivo. Ahora queremos recuperar esas acciones, pagando un buen precio por ellas\u00bb, seg\u00fan le cont\u00f3 a este diario un alto representante de una de las compa\u00f1\u00edas interesadas en recomprar esas acciones.<\/p>\n<p>&nbsp;<\/p>\n<p><strong>Fuente: \u00c1mbito<\/strong><\/p>\n","protected":false},"excerpt":{"rendered":"<p>LOS ACCIONISTAS DE LAS EMPRESAS TENDR\u00c1N LA PRIORIDAD DE RECOMPRA Los fondos se usar\u00e1n para cubrir los gastos de la reparaci\u00f3n hist\u00f3rica. Se har\u00e1 paulatinamente y por decreto, midiendo las acciones en el mercado. El Gobierno se comprometi\u00f3 ante el Fondo Monetario Internacional (FMI) a financiar parte del gasto previsional, incluyendo la \u00abreparaci\u00f3n hist\u00f3rica\u00bb, con&hellip;<\/p>\n","protected":false},"author":1,"featured_media":79098,"comment_status":"open","ping_status":"open","sticky":false,"template":"","format":"standard","meta":{"footnotes":""},"categories":[9],"tags":[80,24817,6925,761],"class_list":["post-79097","post","type-post","status-publish","format-standard","has-post-thumbnail","hentry","category-economia","tag-anses","tag-fgs","tag-fmi","tag-gobierno-nacional"],"_links":{"self":[{"href":"https:\/\/www.elsindical.com.ar\/notas\/wp-json\/wp\/v2\/posts\/79097","targetHints":{"allow":["GET"]}}],"collection":[{"href":"https:\/\/www.elsindical.com.ar\/notas\/wp-json\/wp\/v2\/posts"}],"about":[{"href":"https:\/\/www.elsindical.com.ar\/notas\/wp-json\/wp\/v2\/types\/post"}],"author":[{"embeddable":true,"href":"https:\/\/www.elsindical.com.ar\/notas\/wp-json\/wp\/v2\/users\/1"}],"replies":[{"embeddable":true,"href":"https:\/\/www.elsindical.com.ar\/notas\/wp-json\/wp\/v2\/comments?post=79097"}],"version-history":[{"count":1,"href":"https:\/\/www.elsindical.com.ar\/notas\/wp-json\/wp\/v2\/posts\/79097\/revisions"}],"predecessor-version":[{"id":79099,"href":"https:\/\/www.elsindical.com.ar\/notas\/wp-json\/wp\/v2\/posts\/79097\/revisions\/79099"}],"wp:featuredmedia":[{"embeddable":true,"href":"https:\/\/www.elsindical.com.ar\/notas\/wp-json\/wp\/v2\/media\/79098"}],"wp:attachment":[{"href":"https:\/\/www.elsindical.com.ar\/notas\/wp-json\/wp\/v2\/media?parent=79097"}],"wp:term":[{"taxonomy":"category","embeddable":true,"href":"https:\/\/www.elsindical.com.ar\/notas\/wp-json\/wp\/v2\/categories?post=79097"},{"taxonomy":"post_tag","embeddable":true,"href":"https:\/\/www.elsindical.com.ar\/notas\/wp-json\/wp\/v2\/tags?post=79097"}],"curies":[{"name":"wp","href":"https:\/\/api.w.org\/{rel}","templated":true}]}}