{"id":79094,"date":"2018-06-15T15:14:59","date_gmt":"2018-06-15T18:14:59","guid":{"rendered":"http:\/\/www.elsindical.com.ar\/notas\/?p=79094"},"modified":"2018-06-15T15:14:59","modified_gmt":"2018-06-15T18:14:59","slug":"el-gobierno-le-promete-al-fmi-seguir-bajando-jubilaciones-y-mas-despidos","status":"publish","type":"post","link":"https:\/\/www.elsindical.com.ar\/notas\/el-gobierno-le-promete-al-fmi-seguir-bajando-jubilaciones-y-mas-despidos\/","title":{"rendered":"El Gobierno le promete al FMI seguir bajando jubilaciones y m\u00e1s despidos"},"content":{"rendered":"<p><em><a href=\"http:\/\/www.elsindical.com.ar\/notas\/var\/www\/html\/notas\/wp-content\/uploads\/2018\/06\/Macri-y-FMI.jpg\"><img loading=\"lazy\" decoding=\"async\" class=\"alignnone size-medium wp-image-79095\" src=\"http:\/\/www.elsindical.com.ar\/notas\/var\/www\/html\/notas\/wp-content\/uploads\/2018\/06\/Macri-y-FMI-300x158.jpg\" alt=\"\" width=\"300\" height=\"158\" srcset=\"https:\/\/www.elsindical.com.ar\/notas\/var\/www\/html\/notas\/wp-content\/uploads\/2018\/06\/Macri-y-FMI-300x158.jpg 300w, https:\/\/www.elsindical.com.ar\/notas\/var\/www\/html\/notas\/wp-content\/uploads\/2018\/06\/Macri-y-FMI-500x264.jpg 500w, https:\/\/www.elsindical.com.ar\/notas\/var\/www\/html\/notas\/wp-content\/uploads\/2018\/06\/Macri-y-FMI.jpg 644w\" sizes=\"auto, (max-width: 300px) 100vw, 300px\" \/><\/a>\u00a0 \u00a0El Gobierno dio a conocer el entendimiento al que lleg\u00f3 con el FMI y se vislumbra m\u00e1s rebajas jubilatorias y m\u00e1s despidos en el Estado. Adem\u00e1s le abre la puerta a la venta de los fondos de la Anses.<\/em><\/p>\n<p>El Gobierno difundi\u00f3 ayer la carta de intenci\u00f3n y el programa econ\u00f3mico en el que se basa el acuerdo entre la Argentina y el FMI, por un monto de US$50.000 millones a lo largo de 36 meses.<\/p>\n<p>Lo hizo mediante la difusi\u00f3n del Memor\u00e1ndum de Pol\u00edticas Econ\u00f3micas y Financieras (MPEF) y Memor\u00e1ndum de Entendimiento T\u00e9cnico (MET), las bases del pacto con el organismo.<\/p>\n<p>All\u00ed el Gobierno asegura que trabajar\u00e1 para introducir mejoras en el sistema de pensiones que lo hagan \u201cfinancieramente sostenible y m\u00e1s justo\u201d. En definitiva, bajar jubilaciones en l\u00ednea con el proyecto que aprob\u00f3 el a\u00f1o pasado.<\/p>\n<p>El texto no detalla si con esto se refiere a la modificaci\u00f3n del sistema de jubilaciones especiales que el Gobierno ya hab\u00eda esbozado o si esto supone una reforma m\u00e1s profunda del sistema general, en la l\u00ednea de la extensi\u00f3n voluntaria de la edad jubilatoria que se implement\u00f3 en la reforma previsional del a\u00f1o pasado.<\/p>\n<p>Adem\u00e1s, el documento abre la puerta para vender las acciones que est\u00e1n en manos del Fondos de Garant\u00eda de Sustentabilidad (FGS) del ANSES para pagar la reparaci\u00f3n hist\u00f3rica. \u201cVamos a amortizar activos de los fondos de pensi\u00f3n\u201d, detalla el texto.<\/p>\n<p>Tambi\u00e9n se acord\u00f3 revisar la contabilizaci\u00f3n de los activos de FGS, lo que podr\u00eda devenir en un a modificaci\u00f3n del sistema de pensiones para que sea \u201cconsistente\u201d.<\/p>\n<p>En cuanto al empleo p\u00fablico, congelan las vacantes por dos a\u00f1os y \u201cse eliminar\u00e1n \u201clas posiciones redundantes\u201d. Se trata de un eufemismo para referirse a m\u00e1s reducci\u00f3n de personal del Estado.<\/p>\n","protected":false},"excerpt":{"rendered":"<p>\u00a0 \u00a0El Gobierno dio a conocer el entendimiento al que lleg\u00f3 con el FMI y se vislumbra m\u00e1s rebajas jubilatorias y m\u00e1s despidos en el Estado. Adem\u00e1s le abre la puerta a la venta de los fondos de la Anses. El Gobierno difundi\u00f3 ayer la carta de intenci\u00f3n y el programa econ\u00f3mico en el que&hellip;<\/p>\n","protected":false},"author":1,"featured_media":79095,"comment_status":"open","ping_status":"open","sticky":false,"template":"","format":"standard","meta":{"footnotes":""},"categories":[13],"tags":[80,6925,4005,29076],"class_list":["post-79094","post","type-post","status-publish","format-standard","has-post-thumbnail","hentry","category-politica","tag-anses","tag-fmi","tag-jubilaciones","tag-met"],"_links":{"self":[{"href":"https:\/\/www.elsindical.com.ar\/notas\/wp-json\/wp\/v2\/posts\/79094","targetHints":{"allow":["GET"]}}],"collection":[{"href":"https:\/\/www.elsindical.com.ar\/notas\/wp-json\/wp\/v2\/posts"}],"about":[{"href":"https:\/\/www.elsindical.com.ar\/notas\/wp-json\/wp\/v2\/types\/post"}],"author":[{"embeddable":true,"href":"https:\/\/www.elsindical.com.ar\/notas\/wp-json\/wp\/v2\/users\/1"}],"replies":[{"embeddable":true,"href":"https:\/\/www.elsindical.com.ar\/notas\/wp-json\/wp\/v2\/comments?post=79094"}],"version-history":[{"count":1,"href":"https:\/\/www.elsindical.com.ar\/notas\/wp-json\/wp\/v2\/posts\/79094\/revisions"}],"predecessor-version":[{"id":79096,"href":"https:\/\/www.elsindical.com.ar\/notas\/wp-json\/wp\/v2\/posts\/79094\/revisions\/79096"}],"wp:featuredmedia":[{"embeddable":true,"href":"https:\/\/www.elsindical.com.ar\/notas\/wp-json\/wp\/v2\/media\/79095"}],"wp:attachment":[{"href":"https:\/\/www.elsindical.com.ar\/notas\/wp-json\/wp\/v2\/media?parent=79094"}],"wp:term":[{"taxonomy":"category","embeddable":true,"href":"https:\/\/www.elsindical.com.ar\/notas\/wp-json\/wp\/v2\/categories?post=79094"},{"taxonomy":"post_tag","embeddable":true,"href":"https:\/\/www.elsindical.com.ar\/notas\/wp-json\/wp\/v2\/tags?post=79094"}],"curies":[{"name":"wp","href":"https:\/\/api.w.org\/{rel}","templated":true}]}}