{"id":79070,"date":"2018-06-15T00:12:54","date_gmt":"2018-06-15T03:12:54","guid":{"rendered":"http:\/\/www.elsindical.com.ar\/notas\/?p=79070"},"modified":"2018-06-15T00:12:54","modified_gmt":"2018-06-15T03:12:54","slug":"la-carta-de-renuncia-de-sturzenegger","status":"publish","type":"post","link":"https:\/\/www.elsindical.com.ar\/notas\/la-carta-de-renuncia-de-sturzenegger\/","title":{"rendered":"La carta de renuncia de Sturzenegger"},"content":{"rendered":"<p><em><a href=\"http:\/\/www.elsindical.com.ar\/notas\/var\/www\/html\/notas\/wp-content\/uploads\/2018\/06\/Caputo-y-Sturzenegger.jpg\"><img loading=\"lazy\" decoding=\"async\" class=\"alignnone size-medium wp-image-79071\" src=\"http:\/\/www.elsindical.com.ar\/notas\/var\/www\/html\/notas\/wp-content\/uploads\/2018\/06\/Caputo-y-Sturzenegger-300x169.jpg\" alt=\"\" width=\"300\" height=\"169\" srcset=\"https:\/\/www.elsindical.com.ar\/notas\/var\/www\/html\/notas\/wp-content\/uploads\/2018\/06\/Caputo-y-Sturzenegger-300x169.jpg 300w, https:\/\/www.elsindical.com.ar\/notas\/var\/www\/html\/notas\/wp-content\/uploads\/2018\/06\/Caputo-y-Sturzenegger-768x432.jpg 768w, https:\/\/www.elsindical.com.ar\/notas\/var\/www\/html\/notas\/wp-content\/uploads\/2018\/06\/Caputo-y-Sturzenegger-500x281.jpg 500w, https:\/\/www.elsindical.com.ar\/notas\/var\/www\/html\/notas\/wp-content\/uploads\/2018\/06\/Caputo-y-Sturzenegger-460x260.jpg 460w, https:\/\/www.elsindical.com.ar\/notas\/var\/www\/html\/notas\/wp-content\/uploads\/2018\/06\/Caputo-y-Sturzenegger.jpg 970w\" sizes=\"auto, (max-width: 300px) 100vw, 300px\" \/><\/a>\u00a0 El ahora ex presidente del Banco Central public\u00f3 un comunicado en Twitter explicando los motivos de su alejamiento al organismo financiero.<\/em><\/p>\n<p>El ministro de Finanzas, Luis Caputo, fue designado como nuevo presidente del Banco Central (BCRA) tras la renuncia del economista Federico Sturzenegger, mientras el gobierno dispuso la reunificaci\u00f3n de los ministerios del \u00e1rea econ\u00f3mica, con lo cual Hacienda pasar\u00e1 a dirigir tambi\u00e9n el \u00e1rea financiera.<\/p>\n<p>As\u00ed lo revel\u00f3 esta noche la Presidencia en un comunicado en el que indic\u00f3 que el presidente Mauricio Macri acept\u00f3 la renuncia que Sturzenegger le present\u00f3 tras lo cual mantuvo una reuni\u00f3n con los ministros de Hacienda, Nicol\u00e1s Dujovne y Caputo en la residencia de Olivos.<\/p>\n<p>Macri le agradeci\u00f3 a Sturzenegger \u201cel trabajo realizado durante su gesti\u00f3n al frente del BCRA\u201d, a\u00f1adi\u00f3 el comunicado oficial.<\/p>\n<p>A su vez, Sturzenegger public\u00f3 el texto de la \u201ccarta de renuncia\u201d que le present\u00f3 al Presidente donde resalt\u00f3 que \u201cha sido un honor poder servir desde este lugar\u201d y agradeci\u00f3 a su \u201cequipo y a todo el BCRA por el esfuerzo de estos a\u00f1os\u201d.<\/p>\n<p><a href=\"http:\/\/www.elsindical.com.ar\/notas\/var\/www\/html\/notas\/wp-content\/uploads\/2018\/06\/carta-renuncia-de-Sturzenegger.jpg\"><img loading=\"lazy\" decoding=\"async\" class=\"alignnone size-medium wp-image-79072\" src=\"http:\/\/www.elsindical.com.ar\/notas\/var\/www\/html\/notas\/wp-content\/uploads\/2018\/06\/carta-renuncia-de-Sturzenegger-210x300.jpg\" alt=\"\" width=\"210\" height=\"300\" srcset=\"https:\/\/www.elsindical.com.ar\/notas\/var\/www\/html\/notas\/wp-content\/uploads\/2018\/06\/carta-renuncia-de-Sturzenegger-210x300.jpg 210w, https:\/\/www.elsindical.com.ar\/notas\/var\/www\/html\/notas\/wp-content\/uploads\/2018\/06\/carta-renuncia-de-Sturzenegger-768x1097.jpg 768w, https:\/\/www.elsindical.com.ar\/notas\/var\/www\/html\/notas\/wp-content\/uploads\/2018\/06\/carta-renuncia-de-Sturzenegger-717x1024.jpg 717w, https:\/\/www.elsindical.com.ar\/notas\/var\/www\/html\/notas\/wp-content\/uploads\/2018\/06\/carta-renuncia-de-Sturzenegger.jpg 896w\" sizes=\"auto, (max-width: 210px) 100vw, 210px\" \/><\/a><\/p>\n","protected":false},"excerpt":{"rendered":"<p>\u00a0 El ahora ex presidente del Banco Central public\u00f3 un comunicado en Twitter explicando los motivos de su alejamiento al organismo financiero. El ministro de Finanzas, Luis Caputo, fue designado como nuevo presidente del Banco Central (BCRA) tras la renuncia del economista Federico Sturzenegger, mientras el gobierno dispuso la reunificaci\u00f3n de los ministerios del \u00e1rea&hellip;<\/p>\n","protected":false},"author":1,"featured_media":79071,"comment_status":"open","ping_status":"open","sticky":false,"template":"","format":"standard","meta":{"footnotes":""},"categories":[13],"tags":[1539,1489,24384,24979],"class_list":["post-79070","post","type-post","status-publish","format-standard","has-post-thumbnail","hentry","category-politica","tag-banco-central","tag-bcra","tag-dr-adolfo-federico-sturzenegger","tag-luis-caputo"],"_links":{"self":[{"href":"https:\/\/www.elsindical.com.ar\/notas\/wp-json\/wp\/v2\/posts\/79070","targetHints":{"allow":["GET"]}}],"collection":[{"href":"https:\/\/www.elsindical.com.ar\/notas\/wp-json\/wp\/v2\/posts"}],"about":[{"href":"https:\/\/www.elsindical.com.ar\/notas\/wp-json\/wp\/v2\/types\/post"}],"author":[{"embeddable":true,"href":"https:\/\/www.elsindical.com.ar\/notas\/wp-json\/wp\/v2\/users\/1"}],"replies":[{"embeddable":true,"href":"https:\/\/www.elsindical.com.ar\/notas\/wp-json\/wp\/v2\/comments?post=79070"}],"version-history":[{"count":1,"href":"https:\/\/www.elsindical.com.ar\/notas\/wp-json\/wp\/v2\/posts\/79070\/revisions"}],"predecessor-version":[{"id":79073,"href":"https:\/\/www.elsindical.com.ar\/notas\/wp-json\/wp\/v2\/posts\/79070\/revisions\/79073"}],"wp:featuredmedia":[{"embeddable":true,"href":"https:\/\/www.elsindical.com.ar\/notas\/wp-json\/wp\/v2\/media\/79071"}],"wp:attachment":[{"href":"https:\/\/www.elsindical.com.ar\/notas\/wp-json\/wp\/v2\/media?parent=79070"}],"wp:term":[{"taxonomy":"category","embeddable":true,"href":"https:\/\/www.elsindical.com.ar\/notas\/wp-json\/wp\/v2\/categories?post=79070"},{"taxonomy":"post_tag","embeddable":true,"href":"https:\/\/www.elsindical.com.ar\/notas\/wp-json\/wp\/v2\/tags?post=79070"}],"curies":[{"name":"wp","href":"https:\/\/api.w.org\/{rel}","templated":true}]}}