{"id":79057,"date":"2018-06-14T12:59:12","date_gmt":"2018-06-14T15:59:12","guid":{"rendered":"http:\/\/www.elsindical.com.ar\/notas\/?p=79057"},"modified":"2018-06-14T12:59:12","modified_gmt":"2018-06-14T15:59:12","slug":"avellaneda-allanamientos-y-aprehensiones-en-dock-sud-por-venta-de-drogas","status":"publish","type":"post","link":"https:\/\/www.elsindical.com.ar\/notas\/avellaneda-allanamientos-y-aprehensiones-en-dock-sud-por-venta-de-drogas\/","title":{"rendered":"Avellaneda: Allanamientos y aprehensiones en Dock Sud por venta de drogas"},"content":{"rendered":"<p><a href=\"http:\/\/distritalavellaneda.com.ar\/wp-content\/uploads\/2018\/06\/yfuf.jpg\"><img loading=\"lazy\" decoding=\"async\" class=\"alignnone size-medium wp-image-22601\" src=\"http:\/\/distritalavellaneda.com.ar\/wp-content\/uploads\/2018\/06\/yfuf-300x203.jpg\" alt=\"\" width=\"300\" height=\"203\" \/><\/a>CRIA AVELLANEDA 3ra.<\/p>\n<p>JUNIO 13 DE 2018<\/p>\n<p>HORA: 19:00 HORAS HASTA SU FINALIZACI\u00d3N<\/p>\n<p>UFI N\u00ba 04 J. GARANTIAS N\u00ba 09 DESCENTRALIZADA AVELLANEDA<\/p>\n<p>ALLANAMIENTOS COMERCIALIZACI\u00d3N DE ESTUPEFACIENTES<\/p>\n<p>Fecha y hora personal de este elemento procedi\u00f3 a cumplimentar 04 ordenes de allanamiento en I.P.P. N\u00ba 07-02-008192-18 caratulada \u00abCOMERCIALIZACI\u00d3N DE ESTUPEFACIENTES\u00bb, con intervenci\u00f3n de la UFI 04 J. Garantias 09 descentralizados \u00a0de Avellaneda, arrojando el siguiente resultado.<\/p>\n<p>OBJETIVO 1) PASAJE ALBERTI DONDE FINALIZA SE DEBE GIRAR A LA DERECHA ENTRE EL FINAL DE LAS VIVIENDAS Y EL DESCAMPADO PARA LUEGO PASAR UNA ARBOLADA LLEGANDO A DICHA VIVIENDA\u00a0 de este medio. Se procedi\u00f3 a la aprehensi\u00f3n de FR\u00cdAS RODOLFO ALFREDO, argentino, de 49 a\u00f1os de edad, desocupado, instruido, pensionado, ddo. en el lugar, DNI N\u00ba 20.599.881, por RESISTENCIA A LA AUTORIDAD.<\/p>\n<p>OBJETIVO 2) LAS HERAS N\u00ba 530 ENTRE VIEYTES Y ALBERTI CASA 03\u00a0 de este medio se procedi\u00f3\u00a0a la aprehensi\u00f3n de GODOY NORMA BEATRIZ, argentina, de 57 a\u00f1os de edad, instruida, ama de casa, dda. en el lugar, soltera, DNI N\u00ba 14.119.251, GONZ\u00c1LEZ ALDO AN\u00cdBAL, argentina, de 62 a\u00f1os de edad, instruido, alba\u00f1il, analfabeto, ddo. en el lugar, DNI N\u00ba 11.954.588, por COMERCILIZACI\u00d3N DE ESTUPEFACIENTES incautando en el lugar 59 envoltorios de nyl\u00f3n de color negro conteniendo un total de 55.4 gramos de marihuana y 38 envoltorios de nyl\u00f3n transparente conteniendo un total de 11,4 gramos de clorhidrato de coca\u00edna y 06 celulares de distintas mascas y modelos .<\/p>\n<p>OBJETIVO 03) LAS HERAS N\u00ba 530 ENTRE VIEYTES Y ALBERTI CASA 02 de este medio se procedi\u00f3 a la aprehensi\u00f3n de BARRIOS ALEX MAXIMILIANO DAVID, argentino, de 18 a\u00f1os de edad, instruido, soltero, desocupado, ddo. en el lugar, DNI no recuerda y de Chamorro Claudia por COMERCIALIZACI\u00d3N DE ESTUPEFACIENTES, OLMEDO MAURICIO DANIEL, argentino, de 25 a\u00f1os de edad, soltero, instruido, empleado, ddo. Campana N\u00ba 1802 de este medio, DNI N\u00ba 37.392.456, por INF .LEY 23737 TENENCIA PARA CONSUMO y KEILA ARACELI M., argentina, de 15 a\u00f1os de edad, instruida, ama de casa, dda. en el lugar, DNI no recuerda, por AVERIGUACI\u00d3N DE IL\u00cdCITO, incautando en el lugar 19 envoltorios de nyl\u00f3n 6,5 gramos de clorhidrato de coca\u00edna, un envoltorio de nyl\u00f3n conteniendo 0,8 gramos de clorhidrato de coca\u00edna, 06 proyectiles intactos cal. 09 m.m.. y 05 celulares de distintas marcas y modelos<\/p>\n<p>OBJETIVO 04)\u00a0 ALBERTI PASILLO SIN SALIDA ENTRE RIVAS Y EL DESCAMPADO QUE CONDUCIR\u00cdA HACIA LA AV. CARLOS PELLEGRINI este medio se procedi\u00f3 a la aprehensi\u00f3n de GARC\u00cdA MARTA ISABEL, argentina, de 58 a\u00f1os de edad, viuda, jubilada, instruida, dda. en el lugar, DNI N\u00ba 16.024.778 y\u00a0 CASTA\u00d1EDCA\u00a0 LUIS OSCAR, argentino, de 21 a\u00f1os de edad, instrudido, soltero, desocupado, ddo. en el lugar, DNI N\u00ba 39.924.374, por COMERCIALIZACI\u00d3N DE ESTUPEFACIENTES &#8211; TENENCIA ILEGAL DE ARMA DE USO CIVIL, incautando en el lugar una pistola Marca Gunther cal. 22 PAT Nro. 108685, 26 envoltorios de nyl\u00f3n conteniendo un total de 41,2 gramos de picadura de marihuana, 01 envoltorio de nyl\u00f3n color negro conteniendo un total de 7,3 gramos de picadura de marihuana, 17 envoltorios de nyl\u00f3n transparente conteniendo un total de 8,6 gramos de clorhidrato de coca\u00edna, una bolsa transparente el cual conten\u00eda en su interior 20,3 gramos de clorhidrato de coca\u00edna, 75 envoltorios el cual conten\u00eda 194 gramos de picadura de marihuana y dinero en efectivo.<\/p>\n<p>OBJETIVO 05 ALLANAMIENTO DE URGENCIA) LAS HERAS 530 CASA 04 de este medio se procedi\u00f3 a la aprehensi\u00f3n de GONZ\u00c1LEZ BIANCA, argentina, de 20 a\u00f1os de edad, instruida, soltera, dda. en el lugar, DNI N\u00ba 39.802.462, por COMERCIALIZACI\u00d3N DE ESTUPEFACIENTES, incautando en el lugar 01 envoltorio conteniendo un total de 0.5 gramos de clorhidrato de coca\u00edna y elemento de corte.<\/p>\n<p>Mantenida\u00a0 comunicaci\u00f3n\u00a0con la UFI 04\u00a0 \u00a0y \u00a0enterada de los resultados misma avalo lo actuado y\u00a0 disponiendo que se notifique a los aprehendidos del Art. 60 del C.P.P. seg\u00fan caratula menci\u00f3n ep\u00edgrafe queden alojados y ma\u00f1ana a primera hora sean trasladados ante el magistrado interviniente y los aprehendidos por RESISTENCIA A LA AUTORIDAD\u00a0 y por INF LEY 23737 de no poseer impedimento legal recuperen la libertad a tenor del Art. 161 del C.P.P., mantenida comunicaci\u00f3n con el FFRPJ N\u00ba 05 misma dispuso que se la notifique del Art. 60 del C.P.P. y del\u00a0 Art. 36 de la Ley 13634 y misma sea entregada a sus progenitores\u00a0.<\/p>\n<p>SUBCOMISARIO SILVIO RODRIGO HERRERA.<\/p>\n<p><a href=\"http:\/\/distritalavellaneda.com.ar\/wp-content\/uploads\/2018\/06\/iiuo.jpg\"><img loading=\"lazy\" decoding=\"async\" class=\"alignnone size-medium wp-image-22614\" src=\"http:\/\/distritalavellaneda.com.ar\/wp-content\/uploads\/2018\/06\/iiuo-243x300.jpg\" alt=\"\" width=\"243\" height=\"300\" \/><\/a> <a href=\"http:\/\/distritalavellaneda.com.ar\/wp-content\/uploads\/2018\/06\/iohoiik.jpg\"><img loading=\"lazy\" decoding=\"async\" class=\"alignnone size-medium wp-image-22605\" src=\"http:\/\/distritalavellaneda.com.ar\/wp-content\/uploads\/2018\/06\/iohoiik-300x226.jpg\" alt=\"\" width=\"300\" height=\"226\" \/><\/a> <a href=\"http:\/\/distritalavellaneda.com.ar\/wp-content\/uploads\/2018\/06\/iuii.jpg\"><img loading=\"lazy\" decoding=\"async\" class=\"alignnone size-medium wp-image-22596\" src=\"http:\/\/distritalavellaneda.com.ar\/wp-content\/uploads\/2018\/06\/iuii-235x300.jpg\" alt=\"\" width=\"235\" height=\"300\" \/><\/a> <a href=\"http:\/\/distritalavellaneda.com.ar\/wp-content\/uploads\/2018\/06\/fyyu.jpg\"><img loading=\"lazy\" decoding=\"async\" class=\"alignnone size-medium wp-image-22604\" src=\"http:\/\/distritalavellaneda.com.ar\/wp-content\/uploads\/2018\/06\/fyyu-247x300.jpg\" alt=\"\" width=\"247\" height=\"300\" \/><\/a> <a href=\"http:\/\/distritalavellaneda.com.ar\/wp-content\/uploads\/2018\/06\/dfdht.jpg\"><img loading=\"lazy\" decoding=\"async\" class=\"alignnone size-medium wp-image-22613\" src=\"http:\/\/distritalavellaneda.com.ar\/wp-content\/uploads\/2018\/06\/dfdht-209x300.jpg\" alt=\"\" width=\"209\" height=\"300\" \/><\/a> <a href=\"http:\/\/distritalavellaneda.com.ar\/wp-content\/uploads\/2018\/06\/fhtrr.jpg\"><img loading=\"lazy\" decoding=\"async\" class=\"alignnone size-medium wp-image-22612\" src=\"http:\/\/distritalavellaneda.com.ar\/wp-content\/uploads\/2018\/06\/fhtrr-225x300.jpg\" alt=\"\" width=\"225\" height=\"300\" \/><\/a> <a href=\"http:\/\/distritalavellaneda.com.ar\/wp-content\/uploads\/2018\/06\/uiguyg.jpg\"><img loading=\"lazy\" decoding=\"async\" class=\"alignnone size-medium wp-image-22603\" src=\"http:\/\/distritalavellaneda.com.ar\/wp-content\/uploads\/2018\/06\/uiguyg-300x230.jpg\" alt=\"\" width=\"300\" height=\"230\" \/><\/a> <a href=\"http:\/\/distritalavellaneda.com.ar\/wp-content\/uploads\/2018\/06\/uihiu.jpg\"><img loading=\"lazy\" decoding=\"async\" class=\"alignnone size-medium wp-image-22602\" src=\"http:\/\/distritalavellaneda.com.ar\/wp-content\/uploads\/2018\/06\/uihiu-233x300.jpg\" alt=\"\" width=\"233\" height=\"300\" \/><\/a> <a href=\"http:\/\/distritalavellaneda.com.ar\/wp-content\/uploads\/2018\/06\/696897.jpg\"><img loading=\"lazy\" decoding=\"async\" class=\"alignnone size-medium wp-image-22611\" src=\"http:\/\/distritalavellaneda.com.ar\/wp-content\/uploads\/2018\/06\/696897-223x300.jpg\" alt=\"\" width=\"223\" height=\"300\" \/><\/a> <a href=\"http:\/\/distritalavellaneda.com.ar\/wp-content\/uploads\/2018\/06\/ddfht.jpg\"><img loading=\"lazy\" decoding=\"async\" class=\"alignnone size-medium wp-image-22610\" src=\"http:\/\/distritalavellaneda.com.ar\/wp-content\/uploads\/2018\/06\/ddfht-203x300.jpg\" alt=\"\" width=\"203\" height=\"300\" \/><\/a> <a href=\"http:\/\/distritalavellaneda.com.ar\/wp-content\/uploads\/2018\/06\/hgf.jpg\"><img loading=\"lazy\" decoding=\"async\" class=\"alignnone size-medium wp-image-22609\" src=\"http:\/\/distritalavellaneda.com.ar\/wp-content\/uploads\/2018\/06\/hgf-206x300.jpg\" alt=\"\" width=\"206\" height=\"300\" \/><\/a> <a href=\"http:\/\/distritalavellaneda.com.ar\/wp-content\/uploads\/2018\/06\/gyguy.jpg\"><img loading=\"lazy\" decoding=\"async\" class=\"alignnone size-medium wp-image-22600\" src=\"http:\/\/distritalavellaneda.com.ar\/wp-content\/uploads\/2018\/06\/gyguy-300x225.jpg\" alt=\"\" width=\"300\" height=\"225\" \/><\/a> <a href=\"http:\/\/distritalavellaneda.com.ar\/wp-content\/uploads\/2018\/06\/yfyu.jpg\"><img loading=\"lazy\" decoding=\"async\" class=\"alignnone size-medium wp-image-22599\" src=\"http:\/\/distritalavellaneda.com.ar\/wp-content\/uploads\/2018\/06\/yfyu-252x300.jpg\" alt=\"\" width=\"252\" height=\"300\" \/><\/a> <a href=\"http:\/\/distritalavellaneda.com.ar\/wp-content\/uploads\/2018\/06\/ssg.jpg\"><img loading=\"lazy\" decoding=\"async\" class=\"alignnone size-medium wp-image-22608\" src=\"http:\/\/distritalavellaneda.com.ar\/wp-content\/uploads\/2018\/06\/ssg-237x300.jpg\" alt=\"\" width=\"237\" height=\"300\" \/><\/a> <a href=\"http:\/\/distritalavellaneda.com.ar\/wp-content\/uploads\/2018\/06\/ggg.jpg\"><img loading=\"lazy\" decoding=\"async\" class=\"alignnone size-medium wp-image-22607\" src=\"http:\/\/distritalavellaneda.com.ar\/wp-content\/uploads\/2018\/06\/ggg-245x300.jpg\" alt=\"\" width=\"245\" height=\"300\" \/><\/a> <a href=\"http:\/\/distritalavellaneda.com.ar\/wp-content\/uploads\/2018\/06\/uhuihi.jpg\"><img loading=\"lazy\" decoding=\"async\" class=\"alignnone size-medium wp-image-22606\" src=\"http:\/\/distritalavellaneda.com.ar\/wp-content\/uploads\/2018\/06\/uhuihi-300x219.jpg\" alt=\"\" width=\"300\" height=\"219\" \/><\/a> <a href=\"http:\/\/distritalavellaneda.com.ar\/wp-content\/uploads\/2018\/06\/u76.jpg\"><img loading=\"lazy\" decoding=\"async\" class=\"alignnone size-medium wp-image-22597\" src=\"http:\/\/distritalavellaneda.com.ar\/wp-content\/uploads\/2018\/06\/u76-221x300.jpg\" alt=\"\" width=\"221\" height=\"300\" \/><\/a> <a href=\"http:\/\/distritalavellaneda.com.ar\/wp-content\/uploads\/2018\/06\/ihuihui.jpg\"><img loading=\"lazy\" decoding=\"async\" class=\"alignnone size-medium wp-image-22598\" src=\"http:\/\/distritalavellaneda.com.ar\/wp-content\/uploads\/2018\/06\/ihuihui-300x223.jpg\" alt=\"\" width=\"300\" height=\"223\" \/><\/a><\/p>\n<p><strong>Fuente: <a href=\"https:\/\/departamentalavellanedalanuslomas.blogspot.com\/\">Jefatura Departamental Avellaneda-Lan\u00fas-Lomas<\/a><\/strong><\/p>\n","protected":false},"excerpt":{"rendered":"<p>CRIA AVELLANEDA 3ra. JUNIO 13 DE 2018 HORA: 19:00 HORAS HASTA SU FINALIZACI\u00d3N UFI N\u00ba 04 J. GARANTIAS N\u00ba 09 DESCENTRALIZADA AVELLANEDA ALLANAMIENTOS COMERCIALIZACI\u00d3N DE ESTUPEFACIENTES Fecha y hora personal de este elemento procedi\u00f3 a cumplimentar 04 ordenes de allanamiento en I.P.P. N\u00ba 07-02-008192-18 caratulada \u00abCOMERCIALIZACI\u00d3N DE ESTUPEFACIENTES\u00bb, con intervenci\u00f3n de la UFI 04 J.&hellip;<\/p>\n","protected":false},"author":1,"featured_media":79058,"comment_status":"open","ping_status":"open","sticky":false,"template":"","format":"standard","meta":{"footnotes":""},"categories":[22],"tags":[493,461,43,22301,3028,382,23294,664],"class_list":["post-79057","post","type-post","status-publish","format-standard","has-post-thumbnail","hentry","category-policiales","tag-allanamientos","tag-avellaneda","tag-cocaina","tag-comisario-mayor-javier-carlos-villar","tag-dock-sud","tag-drogas","tag-jefatura-departamental-avellaneda-lanus-lomas","tag-marihuana"],"_links":{"self":[{"href":"https:\/\/www.elsindical.com.ar\/notas\/wp-json\/wp\/v2\/posts\/79057","targetHints":{"allow":["GET"]}}],"collection":[{"href":"https:\/\/www.elsindical.com.ar\/notas\/wp-json\/wp\/v2\/posts"}],"about":[{"href":"https:\/\/www.elsindical.com.ar\/notas\/wp-json\/wp\/v2\/types\/post"}],"author":[{"embeddable":true,"href":"https:\/\/www.elsindical.com.ar\/notas\/wp-json\/wp\/v2\/users\/1"}],"replies":[{"embeddable":true,"href":"https:\/\/www.elsindical.com.ar\/notas\/wp-json\/wp\/v2\/comments?post=79057"}],"version-history":[{"count":1,"href":"https:\/\/www.elsindical.com.ar\/notas\/wp-json\/wp\/v2\/posts\/79057\/revisions"}],"predecessor-version":[{"id":79059,"href":"https:\/\/www.elsindical.com.ar\/notas\/wp-json\/wp\/v2\/posts\/79057\/revisions\/79059"}],"wp:featuredmedia":[{"embeddable":true,"href":"https:\/\/www.elsindical.com.ar\/notas\/wp-json\/wp\/v2\/media\/79058"}],"wp:attachment":[{"href":"https:\/\/www.elsindical.com.ar\/notas\/wp-json\/wp\/v2\/media?parent=79057"}],"wp:term":[{"taxonomy":"category","embeddable":true,"href":"https:\/\/www.elsindical.com.ar\/notas\/wp-json\/wp\/v2\/categories?post=79057"},{"taxonomy":"post_tag","embeddable":true,"href":"https:\/\/www.elsindical.com.ar\/notas\/wp-json\/wp\/v2\/tags?post=79057"}],"curies":[{"name":"wp","href":"https:\/\/api.w.org\/{rel}","templated":true}]}}