{"id":79052,"date":"2018-06-14T12:04:39","date_gmt":"2018-06-14T15:04:39","guid":{"rendered":"http:\/\/www.elsindical.com.ar\/notas\/?p=79052"},"modified":"2018-06-14T12:04:39","modified_gmt":"2018-06-14T15:04:39","slug":"aborto-gano-el-si-diputados-aprobo-legalizacion-por-129-a-favor-125-en-contra-y-1-abstencion","status":"publish","type":"post","link":"https:\/\/www.elsindical.com.ar\/notas\/aborto-gano-el-si-diputados-aprobo-legalizacion-por-129-a-favor-125-en-contra-y-1-abstencion\/","title":{"rendered":"Aborto: gan\u00f3 el \u00abS\u00ed\u00bb, Diputados aprob\u00f3 legalizaci\u00f3n por 129 a favor, 125 en contra y 1 abstenci\u00f3n"},"content":{"rendered":"<p><em><span class=\"text description col-xs-8 col-lg-9\"><a href=\"http:\/\/www.elsindical.com.ar\/notas\/var\/www\/html\/notas\/wp-content\/uploads\/2018\/06\/C\u00e1mara-diputado.jpg\"><img loading=\"lazy\" decoding=\"async\" class=\"alignnone size-medium wp-image-79053\" src=\"http:\/\/www.elsindical.com.ar\/notas\/var\/www\/html\/notas\/wp-content\/uploads\/2018\/06\/C\u00e1mara-diputado-300x200.jpg\" alt=\"\" width=\"300\" height=\"200\" srcset=\"https:\/\/www.elsindical.com.ar\/notas\/var\/www\/html\/notas\/wp-content\/uploads\/2018\/06\/C\u00e1mara-diputado-300x200.jpg 300w, https:\/\/www.elsindical.com.ar\/notas\/var\/www\/html\/notas\/wp-content\/uploads\/2018\/06\/C\u00e1mara-diputado-768x512.jpg 768w, https:\/\/www.elsindical.com.ar\/notas\/var\/www\/html\/notas\/wp-content\/uploads\/2018\/06\/C\u00e1mara-diputado-1024x683.jpg 1024w, https:\/\/www.elsindical.com.ar\/notas\/var\/www\/html\/notas\/wp-content\/uploads\/2018\/06\/C\u00e1mara-diputado-450x300.jpg 450w, https:\/\/www.elsindical.com.ar\/notas\/var\/www\/html\/notas\/wp-content\/uploads\/2018\/06\/C\u00e1mara-diputado.jpg 1170w\" sizes=\"auto, (max-width: 300px) 100vw, 300px\" \/><\/a>\u00a0 La C\u00e1mara de Diputados dio media sanci\u00f3n al proyecto de interrupci\u00f3n voluntaria del embarazo y ahora pasar\u00e1 al Senado.<\/span><\/em><\/p>\n<p>Tras una marat\u00f3nica sesi\u00f3n que comenz\u00f3 a las 11:24 del mi\u00e9rcoles, la C\u00e1mara dio una hist\u00f3rica media sanci\u00f3n al proyecto que ahora ser\u00e1 debatido por el Senado.<\/p>\n<p>La C\u00e1mara de Diputados dio hoy media sanci\u00f3n en general al proyecto de despenalizaci\u00f3n del aborto por 129 votos a favor, 125 en contra y 1 abstenci\u00f3n tras una marat\u00f3nica sesi\u00f3n de casi 22 horas y media y que expuso el transversalismo que genera el tema en el interior de cada partido pol\u00edtico.<\/p>\n","protected":false},"excerpt":{"rendered":"<p>\u00a0 La C\u00e1mara de Diputados dio media sanci\u00f3n al proyecto de interrupci\u00f3n voluntaria del embarazo y ahora pasar\u00e1 al Senado. Tras una marat\u00f3nica sesi\u00f3n que comenz\u00f3 a las 11:24 del mi\u00e9rcoles, la C\u00e1mara dio una hist\u00f3rica media sanci\u00f3n al proyecto que ahora ser\u00e1 debatido por el Senado. La C\u00e1mara de Diputados dio hoy media sanci\u00f3n&hellip;<\/p>\n","protected":false},"author":1,"featured_media":79053,"comment_status":"open","ping_status":"open","sticky":false,"template":"","format":"standard","meta":{"footnotes":""},"categories":[13],"tags":[4899,1377,23208],"class_list":["post-79052","post","type-post","status-publish","format-standard","has-post-thumbnail","hentry","category-politica","tag-aborto","tag-diputados","tag-media-sancion"],"_links":{"self":[{"href":"https:\/\/www.elsindical.com.ar\/notas\/wp-json\/wp\/v2\/posts\/79052","targetHints":{"allow":["GET"]}}],"collection":[{"href":"https:\/\/www.elsindical.com.ar\/notas\/wp-json\/wp\/v2\/posts"}],"about":[{"href":"https:\/\/www.elsindical.com.ar\/notas\/wp-json\/wp\/v2\/types\/post"}],"author":[{"embeddable":true,"href":"https:\/\/www.elsindical.com.ar\/notas\/wp-json\/wp\/v2\/users\/1"}],"replies":[{"embeddable":true,"href":"https:\/\/www.elsindical.com.ar\/notas\/wp-json\/wp\/v2\/comments?post=79052"}],"version-history":[{"count":1,"href":"https:\/\/www.elsindical.com.ar\/notas\/wp-json\/wp\/v2\/posts\/79052\/revisions"}],"predecessor-version":[{"id":79054,"href":"https:\/\/www.elsindical.com.ar\/notas\/wp-json\/wp\/v2\/posts\/79052\/revisions\/79054"}],"wp:featuredmedia":[{"embeddable":true,"href":"https:\/\/www.elsindical.com.ar\/notas\/wp-json\/wp\/v2\/media\/79053"}],"wp:attachment":[{"href":"https:\/\/www.elsindical.com.ar\/notas\/wp-json\/wp\/v2\/media?parent=79052"}],"wp:term":[{"taxonomy":"category","embeddable":true,"href":"https:\/\/www.elsindical.com.ar\/notas\/wp-json\/wp\/v2\/categories?post=79052"},{"taxonomy":"post_tag","embeddable":true,"href":"https:\/\/www.elsindical.com.ar\/notas\/wp-json\/wp\/v2\/tags?post=79052"}],"curies":[{"name":"wp","href":"https:\/\/api.w.org\/{rel}","templated":true}]}}