{"id":78918,"date":"2018-06-07T17:41:29","date_gmt":"2018-06-07T20:41:29","guid":{"rendered":"http:\/\/www.elsindical.com.ar\/notas\/?p=78918"},"modified":"2018-06-07T17:41:29","modified_gmt":"2018-06-07T20:41:29","slug":"gobierno-y-cgt-seguiran-las-conversaciones-el-dia-martes","status":"publish","type":"post","link":"https:\/\/www.elsindical.com.ar\/notas\/gobierno-y-cgt-seguiran-las-conversaciones-el-dia-martes\/","title":{"rendered":"Gobierno y CGT seguir\u00e1n las conversaciones el d\u00eda martes"},"content":{"rendered":"<p><em><span class=\"text description col-xs-8 col-lg-9\">\u00a0 <a href=\"http:\/\/www.elsindical.com.ar\/notas\/var\/www\/html\/notas\/wp-content\/uploads\/2013\/05\/Casa-Rosada.jpg\"><img loading=\"lazy\" decoding=\"async\" class=\"alignnone size-medium wp-image-34910\" src=\"http:\/\/www.elsindical.com.ar\/notas\/var\/www\/html\/notas\/wp-content\/uploads\/2013\/05\/Casa-Rosada-300x224.jpg\" alt=\"\" width=\"300\" height=\"224\" srcset=\"https:\/\/www.elsindical.com.ar\/notas\/var\/www\/html\/notas\/wp-content\/uploads\/2013\/05\/Casa-Rosada-300x224.jpg 300w, https:\/\/www.elsindical.com.ar\/notas\/var\/www\/html\/notas\/wp-content\/uploads\/2013\/05\/Casa-Rosada-400x300.jpg 400w, https:\/\/www.elsindical.com.ar\/notas\/var\/www\/html\/notas\/wp-content\/uploads\/2013\/05\/Casa-Rosada.jpg 502w\" sizes=\"auto, (max-width: 300px) 100vw, 300px\" \/><\/a>\u00a0 En la reuni\u00f3n con Gobierno participaron Nicol\u00e1s Dujovne junto H\u00e9ctor Daer, Juan Carlos Schmid, Carlos Acu\u00f1a, Andr\u00e9s Rodr\u00edguez (UPCN), Jos\u00e9 Luis Linghieri (Aysa), Omar Maturano (Fraternidad); Roberto Fern\u00e1ndez, Abel Frutos (Panaderos) y Jorge Sola (Seguro).<\/span><\/em><\/p>\n<p>El ministro de Hacienda, Nicol\u00e1s Dujovne habl\u00f3 con los medios tras la reuni\u00f3n urgente entre el Gobierno y la CGT ante la situaci\u00f3n econ\u00f3mica que vive el pa\u00eds. \u00abSeguiremos el di\u00e1logo el martes con la CGT\u00bb, dijo Dujovne.<\/p>\n<p>El jefe de Gabinete, Marcos Pe\u00f1a, se encontraba este mediod\u00eda reunido con el presidente Mauricio Macri en la Casa Rosada, mientras que el ministro de Hacienda, Nicol\u00e1s Dujovne, lo hac\u00eda con los integrantes de la CGT, en un intento de destrabar la conflictividad planteada en el sector por las demandas salariales y una latente convocatoria a un paro nacional.<\/p>\n<p>Si bien ten\u00eda previsto encabezar el encuentro con los sindicalistas, Pe\u00f1a -reci\u00e9n llegado de su visita rel\u00e1mpago por el Reino Unido y Nueva York- se reuni\u00f3 con el jefe de Estado.<\/p>\n<p>Por su parte, Dujovne\u00a0dialog\u00f3 en el Sal\u00f3n de los Cient\u00edficos de la sede gubernamental, junto al Jefe de Gabinete del ministerio de Trabajo, Enrique Leguizam\u00f3n con la presencia de H\u00e9ctor Daer, Juan Carlos Schmid, Carlos Acu\u00f1a, Andr\u00e9s Rodr\u00edguez (UPCN), Jos\u00e9 Luis Linghieri (Aysa), Omar Maturano (Fraternidad) y el Roberto Fern\u00e1ndez, Abel Frutos (Panaderos) y Jorge Sola (Seguro).<\/p>\n<p>Maturano, al ingresar dijo que pedir\u00e1n al gobierno que \u00abno hayan despidos en el \u00e1mbito publico y privado\u00bb.<\/p>\n<p>Los puntos m\u00e1s importantes a tratar en esta convocatoria ser\u00edan:<\/p>\n<p>&nbsp;<\/p>\n<ul>\n<li>Flexibilizar el tema del aumento salarial y poder discutirlo por encima del 15% establecido.<\/li>\n<li>Frenar la sangr\u00eda de despedidos que han en distintos sectores.<\/li>\n<li>Normalizar todas las cuestiones relacionadas a las obras sociales.<\/li>\n<\/ul>\n<p>&nbsp;<\/p>\n","protected":false},"excerpt":{"rendered":"<p>\u00a0 \u00a0 En la reuni\u00f3n con Gobierno participaron Nicol\u00e1s Dujovne junto H\u00e9ctor Daer, Juan Carlos Schmid, Carlos Acu\u00f1a, Andr\u00e9s Rodr\u00edguez (UPCN), Jos\u00e9 Luis Linghieri (Aysa), Omar Maturano (Fraternidad); Roberto Fern\u00e1ndez, Abel Frutos (Panaderos) y Jorge Sola (Seguro). El ministro de Hacienda, Nicol\u00e1s Dujovne habl\u00f3 con los medios tras la reuni\u00f3n urgente entre el Gobierno y&hellip;<\/p>\n","protected":false},"author":1,"featured_media":34910,"comment_status":"open","ping_status":"open","sticky":false,"template":"","format":"standard","meta":{"footnotes":""},"categories":[13],"tags":[979,910,849],"class_list":["post-78918","post","type-post","status-publish","format-standard","has-post-thumbnail","hentry","category-politica","tag-casa-rosada","tag-cgt","tag-estado"],"_links":{"self":[{"href":"https:\/\/www.elsindical.com.ar\/notas\/wp-json\/wp\/v2\/posts\/78918","targetHints":{"allow":["GET"]}}],"collection":[{"href":"https:\/\/www.elsindical.com.ar\/notas\/wp-json\/wp\/v2\/posts"}],"about":[{"href":"https:\/\/www.elsindical.com.ar\/notas\/wp-json\/wp\/v2\/types\/post"}],"author":[{"embeddable":true,"href":"https:\/\/www.elsindical.com.ar\/notas\/wp-json\/wp\/v2\/users\/1"}],"replies":[{"embeddable":true,"href":"https:\/\/www.elsindical.com.ar\/notas\/wp-json\/wp\/v2\/comments?post=78918"}],"version-history":[{"count":1,"href":"https:\/\/www.elsindical.com.ar\/notas\/wp-json\/wp\/v2\/posts\/78918\/revisions"}],"predecessor-version":[{"id":78920,"href":"https:\/\/www.elsindical.com.ar\/notas\/wp-json\/wp\/v2\/posts\/78918\/revisions\/78920"}],"wp:featuredmedia":[{"embeddable":true,"href":"https:\/\/www.elsindical.com.ar\/notas\/wp-json\/wp\/v2\/media\/34910"}],"wp:attachment":[{"href":"https:\/\/www.elsindical.com.ar\/notas\/wp-json\/wp\/v2\/media?parent=78918"}],"wp:term":[{"taxonomy":"category","embeddable":true,"href":"https:\/\/www.elsindical.com.ar\/notas\/wp-json\/wp\/v2\/categories?post=78918"},{"taxonomy":"post_tag","embeddable":true,"href":"https:\/\/www.elsindical.com.ar\/notas\/wp-json\/wp\/v2\/tags?post=78918"}],"curies":[{"name":"wp","href":"https:\/\/api.w.org\/{rel}","templated":true}]}}