{"id":78895,"date":"2018-06-06T07:12:18","date_gmt":"2018-06-06T10:12:18","guid":{"rendered":"http:\/\/www.elsindical.com.ar\/notas\/?p=78895"},"modified":"2018-06-06T07:12:18","modified_gmt":"2018-06-06T10:12:18","slug":"lomas-de-zamora-el-toc-9-absolvio-y-libero-a-acusados-del-asesinato-de-un-policia","status":"publish","type":"post","link":"https:\/\/www.elsindical.com.ar\/notas\/lomas-de-zamora-el-toc-9-absolvio-y-libero-a-acusados-del-asesinato-de-un-policia\/","title":{"rendered":"Lomas de Zamora: El TOC 9 absolvi\u00f3 y liber\u00f3 a acusados del asesinato de un polic\u00eda"},"content":{"rendered":"<p><em><a href=\"http:\/\/www.elsindical.com.ar\/notas\/var\/www\/html\/notas\/wp-content\/uploads\/2018\/06\/Miguel-\u00c1ngel-Cisbani.jpg\"><img loading=\"lazy\" decoding=\"async\" class=\"alignnone size-medium wp-image-78896\" src=\"http:\/\/www.elsindical.com.ar\/notas\/var\/www\/html\/notas\/wp-content\/uploads\/2018\/06\/Miguel-\u00c1ngel-Cisbani-300x169.jpg\" alt=\"\" width=\"300\" height=\"169\" srcset=\"https:\/\/www.elsindical.com.ar\/notas\/var\/www\/html\/notas\/wp-content\/uploads\/2018\/06\/Miguel-\u00c1ngel-Cisbani-300x169.jpg 300w, https:\/\/www.elsindical.com.ar\/notas\/var\/www\/html\/notas\/wp-content\/uploads\/2018\/06\/Miguel-\u00c1ngel-Cisbani-768x434.jpg 768w, https:\/\/www.elsindical.com.ar\/notas\/var\/www\/html\/notas\/wp-content\/uploads\/2018\/06\/Miguel-\u00c1ngel-Cisbani-500x282.jpg 500w, https:\/\/www.elsindical.com.ar\/notas\/var\/www\/html\/notas\/wp-content\/uploads\/2018\/06\/Miguel-\u00c1ngel-Cisbani-460x260.jpg 460w, https:\/\/www.elsindical.com.ar\/notas\/var\/www\/html\/notas\/wp-content\/uploads\/2018\/06\/Miguel-\u00c1ngel-Cisbani.jpg 930w\" sizes=\"auto, (max-width: 300px) 100vw, 300px\" \/><\/a>\u00a0 Los cuatro acusados por el asesinato de Miguel \u00c1ngel Cisbani, custodio del ex vicepresidente de la Naci\u00f3n, Amado Boudou, fueron declarados inocentes y dejados en libertad, tras un fallo un\u00e1nime del Tribunal Oral en lo Criminal (TOC) 9 de Lomas de Zamora. Sin embargo, el abogado querellante adelant\u00f3que presentar\u00e1n una apelaci\u00f3n en Casaci\u00f3n bonaerense. Al efectivo de la Polic\u00eda Federal lo mataron frente a su vivienda de Temperley, en mayo de 2013<\/em><\/p>\n<p>La decisi\u00f3n del tribunal fue dada a conocer a las partes este martes. Los jueces votaron en forma un\u00e1nime por la absoluci\u00f3n de los cuatro imputados por el crimen de Cisbani, ocurrido en mayo de 2013 en San Jos\u00e9, Temperley.<\/p>\n<p>En los alegatos, el Fiscal Fernando Semisa hab\u00eda pedido la pena de prisi\u00f3n perpetua para tres de ellos por el delito de \u201chomicidio criminis causae\u201d. Maximiliano \u201cBebeto\u201d Paniagua Sanchez, Brian \u201cFlogger\u201d Velazquez, Mart\u00edn Ferreira y El\u00edas Pav\u00f3n estaban detenidos desde 2015 y la instrucci\u00f3n de la causa estuvo a cargo del mismo fiscal que intervino en el juicio oral.<\/p>\n<p>Fuentes judiciales informaron que El TOC 9 dispuso la inmediata libertad de los imputados, tras declararlos inocentes del delito por el que llegaron a juicio oral y p\u00fablico en los Tribunales de Lomas de Zamora.<\/p>\n<p>Cisbani fue asesinado en la puerta de su casa, en la calle Carabobo, en Temperley, el 9 de mayo de 2013, cuando esperaba que un compa\u00f1ero de trabajo lo pasar\u00e1 a buscar para ir a Corrientes por cuestiones laborales. Mientras \u00e9l aguardaba, tres hombres bajaron de un auto en la esquina de la cuadra de su casa e intentaron robarle el bolso y el arma que pose\u00eda el custodio, Sin embargo, al encontrar resistencia por parte de Cisbani, efectuaron varios disparos al cuerpo de la v\u00edctima y se dieron a la fuga para encontrarse con el auto estacionado en la calle El Zorzal, en el cual esperaba el cuarto hombre.<\/p>\n<p>Cisbani adem\u00e1s de polic\u00eda era el presidente de un club de la zona y un vecino apreciado.<\/p>\n<p>Por otro lado no es la primera vez que el TOC 9 genera pol\u00e9mica con sus dispares fallos que no tienen una posici\u00f3n frente a determinados delitos, sino que deja mucho que desear respecto a la imposici\u00f3n de penas ante delitos graves y fallar con dureza en delitos sin damnificados.<\/p>\n","protected":false},"excerpt":{"rendered":"<p>\u00a0 Los cuatro acusados por el asesinato de Miguel \u00c1ngel Cisbani, custodio del ex vicepresidente de la Naci\u00f3n, Amado Boudou, fueron declarados inocentes y dejados en libertad, tras un fallo un\u00e1nime del Tribunal Oral en lo Criminal (TOC) 9 de Lomas de Zamora. Sin embargo, el abogado querellante adelant\u00f3que presentar\u00e1n una apelaci\u00f3n en Casaci\u00f3n bonaerense.&hellip;<\/p>\n","protected":false},"author":1,"featured_media":78896,"comment_status":"open","ping_status":"open","sticky":false,"template":"","format":"standard","meta":{"footnotes":""},"categories":[20],"tags":[363,29045,958,1430,29046],"class_list":["post-78895","post","type-post","status-publish","format-standard","has-post-thumbnail","hentry","category-judiciales","tag-asesinato","tag-miguel-angel-cisbani","tag-policia-federal","tag-temperley","tag-toc-9-lomas-de-zamora"],"_links":{"self":[{"href":"https:\/\/www.elsindical.com.ar\/notas\/wp-json\/wp\/v2\/posts\/78895","targetHints":{"allow":["GET"]}}],"collection":[{"href":"https:\/\/www.elsindical.com.ar\/notas\/wp-json\/wp\/v2\/posts"}],"about":[{"href":"https:\/\/www.elsindical.com.ar\/notas\/wp-json\/wp\/v2\/types\/post"}],"author":[{"embeddable":true,"href":"https:\/\/www.elsindical.com.ar\/notas\/wp-json\/wp\/v2\/users\/1"}],"replies":[{"embeddable":true,"href":"https:\/\/www.elsindical.com.ar\/notas\/wp-json\/wp\/v2\/comments?post=78895"}],"version-history":[{"count":1,"href":"https:\/\/www.elsindical.com.ar\/notas\/wp-json\/wp\/v2\/posts\/78895\/revisions"}],"predecessor-version":[{"id":78897,"href":"https:\/\/www.elsindical.com.ar\/notas\/wp-json\/wp\/v2\/posts\/78895\/revisions\/78897"}],"wp:featuredmedia":[{"embeddable":true,"href":"https:\/\/www.elsindical.com.ar\/notas\/wp-json\/wp\/v2\/media\/78896"}],"wp:attachment":[{"href":"https:\/\/www.elsindical.com.ar\/notas\/wp-json\/wp\/v2\/media?parent=78895"}],"wp:term":[{"taxonomy":"category","embeddable":true,"href":"https:\/\/www.elsindical.com.ar\/notas\/wp-json\/wp\/v2\/categories?post=78895"},{"taxonomy":"post_tag","embeddable":true,"href":"https:\/\/www.elsindical.com.ar\/notas\/wp-json\/wp\/v2\/tags?post=78895"}],"curies":[{"name":"wp","href":"https:\/\/api.w.org\/{rel}","templated":true}]}}