{"id":78874,"date":"2018-06-05T08:04:51","date_gmt":"2018-06-05T11:04:51","guid":{"rendered":"http:\/\/www.elsindical.com.ar\/notas\/?p=78874"},"modified":"2018-06-05T08:04:51","modified_gmt":"2018-06-05T11:04:51","slug":"uno-de-los-propietarios-de-musimundo-presento-concurso-de-acreedores","status":"publish","type":"post","link":"https:\/\/www.elsindical.com.ar\/notas\/uno-de-los-propietarios-de-musimundo-presento-concurso-de-acreedores\/","title":{"rendered":"Uno de los propietarios de Musimundo present\u00f3 concurso de acreedores"},"content":{"rendered":"<p><em><a href=\"http:\/\/www.elsindical.com.ar\/notas\/var\/www\/html\/notas\/wp-content\/uploads\/2018\/06\/Musimundo-despidos-y-quiebra.jpg\"><img loading=\"lazy\" decoding=\"async\" class=\"alignnone size-medium wp-image-78875\" src=\"http:\/\/www.elsindical.com.ar\/notas\/var\/www\/html\/notas\/wp-content\/uploads\/2018\/06\/Musimundo-despidos-y-quiebra-300x158.jpg\" alt=\"\" width=\"300\" height=\"158\" srcset=\"https:\/\/www.elsindical.com.ar\/notas\/var\/www\/html\/notas\/wp-content\/uploads\/2018\/06\/Musimundo-despidos-y-quiebra-300x158.jpg 300w, https:\/\/www.elsindical.com.ar\/notas\/var\/www\/html\/notas\/wp-content\/uploads\/2018\/06\/Musimundo-despidos-y-quiebra-768x405.jpg 768w, https:\/\/www.elsindical.com.ar\/notas\/var\/www\/html\/notas\/wp-content\/uploads\/2018\/06\/Musimundo-despidos-y-quiebra-500x264.jpg 500w, https:\/\/www.elsindical.com.ar\/notas\/var\/www\/html\/notas\/wp-content\/uploads\/2018\/06\/Musimundo-despidos-y-quiebra.jpg 1000w\" sizes=\"auto, (max-width: 300px) 100vw, 300px\" \/><\/a>\u00a0 En medio del cierre de sucursales y los despidos en la cadena de electrodom\u00e9sticos, uno de los licenciatarios present\u00f3 concurso de acreedores. Hay temor por la continuidad laboral.<\/em><\/p>\n<div class=\"cuerponota mb50\">\n<p>La empresa Carsa S.A. una de las due\u00f1as de la cadena de electrodom\u00e9sticos Musimundo (la otra es Megatone) pidi\u00f3 su propio concurso de acreedores. La firma se present\u00f3 en concurso en el Chaco y el tr\u00e1mite qued\u00f3 radicado en el Juzgado Civil y Comercial N\u00famero 23 de Resistencia.<\/p>\n<p>En un acta de directorio con fecha del jueves, el presidente de la compa\u00f1\u00eda, Jos\u00e9 Mar\u00eda Franchino, justific\u00f3 la presentaci\u00f3n a concurso en \u201cla compleja situaci\u00f3n que atraviesa la sociedad\u201d, que gener\u00f3 el rechazo de cheques por falta de fondos por $ 54 millones. Adem\u00e1s, la firma tiene emitidos cheques de pago diferido por $ 850 millones hasta fines de junio y el pr\u00f3ximo 4 de junio vence una obligaci\u00f3n negociable por $ 26,5 millones.<\/p>\n<p>Seg\u00fan consign\u00f3 el portal Mundo Empresarial, el titular de la compa\u00f1\u00eda admiti\u00f3 que en el contexto actual y dada la cercan\u00eda de los vencimientos, no tiene la capacidad financiera para afrontar los montos involucrados. Son en total, m\u00e1s de $ 900 millones.<\/p>\n<p>El ejecutivo le echa la culpa de la situaci\u00f3n a la retracci\u00f3n de la demanda, la competencia de los descuentos agresivos de los supermercados y cadenas, la baja del margen, la dificultad para acceder a financiamiento.<\/p>\n<p>Musimundo viene de cerrar varios de sus locales: baj\u00f3 las persianas de m\u00e1s de diez de sus 264 sucursales.<\/p>\n<p>Se trat\u00f3 de los comercios de Callao y Corrientes, en Capital, y de las localidades bonaerenses de Mercedes, Saladillo, Pehuaj\u00f3, Bragado, Chivilcoy y Trenque Lauqu\u00e9n, adem\u00e1s de Neuqu\u00e9n; Famaill\u00e1 y Banda del r\u00edo Sal\u00ed, en Tucum\u00e1n, entre otras.<\/p>\n<\/div>\n","protected":false},"excerpt":{"rendered":"<p>\u00a0 En medio del cierre de sucursales y los despidos en la cadena de electrodom\u00e9sticos, uno de los licenciatarios present\u00f3 concurso de acreedores. Hay temor por la continuidad laboral. La empresa Carsa S.A. una de las due\u00f1as de la cadena de electrodom\u00e9sticos Musimundo (la otra es Megatone) pidi\u00f3 su propio concurso de acreedores. La firma&hellip;<\/p>\n","protected":false},"author":1,"featured_media":78875,"comment_status":"open","ping_status":"open","sticky":false,"template":"","format":"standard","meta":{"footnotes":""},"categories":[28],"tags":[29039,9921,53,28957,2429],"class_list":["post-78874","post","type-post","status-publish","format-standard","has-post-thumbnail","hentry","category-empresariales","tag-carsa-s-a","tag-concurso","tag-despidos","tag-musimundo","tag-quiebra"],"_links":{"self":[{"href":"https:\/\/www.elsindical.com.ar\/notas\/wp-json\/wp\/v2\/posts\/78874","targetHints":{"allow":["GET"]}}],"collection":[{"href":"https:\/\/www.elsindical.com.ar\/notas\/wp-json\/wp\/v2\/posts"}],"about":[{"href":"https:\/\/www.elsindical.com.ar\/notas\/wp-json\/wp\/v2\/types\/post"}],"author":[{"embeddable":true,"href":"https:\/\/www.elsindical.com.ar\/notas\/wp-json\/wp\/v2\/users\/1"}],"replies":[{"embeddable":true,"href":"https:\/\/www.elsindical.com.ar\/notas\/wp-json\/wp\/v2\/comments?post=78874"}],"version-history":[{"count":1,"href":"https:\/\/www.elsindical.com.ar\/notas\/wp-json\/wp\/v2\/posts\/78874\/revisions"}],"predecessor-version":[{"id":78876,"href":"https:\/\/www.elsindical.com.ar\/notas\/wp-json\/wp\/v2\/posts\/78874\/revisions\/78876"}],"wp:featuredmedia":[{"embeddable":true,"href":"https:\/\/www.elsindical.com.ar\/notas\/wp-json\/wp\/v2\/media\/78875"}],"wp:attachment":[{"href":"https:\/\/www.elsindical.com.ar\/notas\/wp-json\/wp\/v2\/media?parent=78874"}],"wp:term":[{"taxonomy":"category","embeddable":true,"href":"https:\/\/www.elsindical.com.ar\/notas\/wp-json\/wp\/v2\/categories?post=78874"},{"taxonomy":"post_tag","embeddable":true,"href":"https:\/\/www.elsindical.com.ar\/notas\/wp-json\/wp\/v2\/tags?post=78874"}],"curies":[{"name":"wp","href":"https:\/\/api.w.org\/{rel}","templated":true}]}}