{"id":78797,"date":"2018-06-01T08:21:08","date_gmt":"2018-06-01T11:21:08","guid":{"rendered":"http:\/\/www.elsindical.com.ar\/notas\/?p=78797"},"modified":"2018-06-01T08:21:08","modified_gmt":"2018-06-01T11:21:08","slug":"el-53-9-de-los-bonaerenses-desaprueba-la-gestion-de-mariu-vidal","status":"publish","type":"post","link":"https:\/\/www.elsindical.com.ar\/notas\/el-53-9-de-los-bonaerenses-desaprueba-la-gestion-de-mariu-vidal\/","title":{"rendered":"El 53.9% de los bonaerenses desaprueba la gesti\u00f3n de Mariu Vidal"},"content":{"rendered":"<p><a href=\"http:\/\/www.elsindical.com.ar\/notas\/var\/www\/html\/notas\/wp-content\/uploads\/2018\/06\/encuesta-Vidal-junio-2018.png\"><img loading=\"lazy\" decoding=\"async\" class=\"alignnone size-medium wp-image-78798\" src=\"http:\/\/www.elsindical.com.ar\/notas\/var\/www\/html\/notas\/wp-content\/uploads\/2018\/06\/encuesta-Vidal-junio-2018-300x179.png\" alt=\"\" width=\"300\" height=\"179\" srcset=\"https:\/\/www.elsindical.com.ar\/notas\/var\/www\/html\/notas\/wp-content\/uploads\/2018\/06\/encuesta-Vidal-junio-2018-300x179.png 300w, https:\/\/www.elsindical.com.ar\/notas\/var\/www\/html\/notas\/wp-content\/uploads\/2018\/06\/encuesta-Vidal-junio-2018-500x298.png 500w, https:\/\/www.elsindical.com.ar\/notas\/var\/www\/html\/notas\/wp-content\/uploads\/2018\/06\/encuesta-Vidal-junio-2018.png 620w\" sizes=\"auto, (max-width: 300px) 100vw, 300px\" \/><\/a>Seg\u00fan una encuesta realizada por la Consultora Tendencias, el 53,9% de los habitantes de la provincia de Buenos Aires desaprueba la gesti\u00f3n de la gobernadora, Mar\u00eda Eugenia Vidal.<\/p>\n<p>En cuanto a la gesti\u00f3n del gobierno nacional, el 43.4% de los encuestados sostienen que es muy mala, el 15.6% mala y el 8.6% regular mala. Con respecto a la gesti\u00f3n del gobierno de Mar\u00eda Eugenia Vidal, el 27.1% la calific\u00f3 como muy mala, el 16.2% como mala y el 10.6 como regular negativa.<\/p>\n<p>Con respecto a la imagen de los principales referentes, Mauricio Macri tiene una imagen negativa del 50.7% y 15.2% regular. Mar\u00eda Eugenia Vidal un 43.7% negativa y un 17.1% regular. En tanto Cristina Fern\u00e1ndez de Kirchner 44.5% negativa y 13.1 regular.<\/p>\n<p>Consultora Tendencias pregunt\u00f3 sobre el aumento de tarifas y el 61% de los bonaerenses manifest\u00f3 que \u201cson excesivos e injustificables\u201d. En tanto cuando se les pregunt\u00f3 sobre el acuerdo con el Fondo Monetario Internacional, el 60% se\u00f1al\u00f3 que \u201cperjudicar\u00e1 al pa\u00eds\u201d. (<strong>InfoGEI<\/strong>) Mg<\/p>\n","protected":false},"excerpt":{"rendered":"<p>Seg\u00fan una encuesta realizada por la Consultora Tendencias, el 53,9% de los habitantes de la provincia de Buenos Aires desaprueba la gesti\u00f3n de la gobernadora, Mar\u00eda Eugenia Vidal. En cuanto a la gesti\u00f3n del gobierno nacional, el 43.4% de los encuestados sostienen que es muy mala, el 15.6% mala y el 8.6% regular mala. Con&hellip;<\/p>\n","protected":false},"author":1,"featured_media":78798,"comment_status":"open","ping_status":"open","sticky":false,"template":"","format":"standard","meta":{"footnotes":""},"categories":[13],"tags":[7641,5130,7265],"class_list":["post-78797","post","type-post","status-publish","format-standard","has-post-thumbnail","hentry","category-politica","tag-gestion","tag-imagen","tag-maria-eugenia-vidal"],"_links":{"self":[{"href":"https:\/\/www.elsindical.com.ar\/notas\/wp-json\/wp\/v2\/posts\/78797","targetHints":{"allow":["GET"]}}],"collection":[{"href":"https:\/\/www.elsindical.com.ar\/notas\/wp-json\/wp\/v2\/posts"}],"about":[{"href":"https:\/\/www.elsindical.com.ar\/notas\/wp-json\/wp\/v2\/types\/post"}],"author":[{"embeddable":true,"href":"https:\/\/www.elsindical.com.ar\/notas\/wp-json\/wp\/v2\/users\/1"}],"replies":[{"embeddable":true,"href":"https:\/\/www.elsindical.com.ar\/notas\/wp-json\/wp\/v2\/comments?post=78797"}],"version-history":[{"count":1,"href":"https:\/\/www.elsindical.com.ar\/notas\/wp-json\/wp\/v2\/posts\/78797\/revisions"}],"predecessor-version":[{"id":78799,"href":"https:\/\/www.elsindical.com.ar\/notas\/wp-json\/wp\/v2\/posts\/78797\/revisions\/78799"}],"wp:featuredmedia":[{"embeddable":true,"href":"https:\/\/www.elsindical.com.ar\/notas\/wp-json\/wp\/v2\/media\/78798"}],"wp:attachment":[{"href":"https:\/\/www.elsindical.com.ar\/notas\/wp-json\/wp\/v2\/media?parent=78797"}],"wp:term":[{"taxonomy":"category","embeddable":true,"href":"https:\/\/www.elsindical.com.ar\/notas\/wp-json\/wp\/v2\/categories?post=78797"},{"taxonomy":"post_tag","embeddable":true,"href":"https:\/\/www.elsindical.com.ar\/notas\/wp-json\/wp\/v2\/tags?post=78797"}],"curies":[{"name":"wp","href":"https:\/\/api.w.org\/{rel}","templated":true}]}}