{"id":78734,"date":"2018-05-30T09:39:48","date_gmt":"2018-05-30T12:39:48","guid":{"rendered":"http:\/\/www.elsindical.com.ar\/notas\/?p=78734"},"modified":"2018-05-30T11:34:34","modified_gmt":"2018-05-30T14:34:34","slug":"belgrano-allanaron-la-comisaria-33o-por-presunta-desaparicion-de-dinero10-efectivos-demorados","status":"publish","type":"post","link":"https:\/\/www.elsindical.com.ar\/notas\/belgrano-allanaron-la-comisaria-33o-por-presunta-desaparicion-de-dinero10-efectivos-demorados\/","title":{"rendered":"Belgrano: Allanaron la comisar\u00eda 33\u00ba por presunta desaparici\u00f3n de dinero,10 efectivos demorados"},"content":{"rendered":"<p><em><span class=\"text description col-xs-8 col-lg-9\"><a href=\"http:\/\/www.elsindical.com.ar\/notas\/var\/www\/html\/notas\/wp-content\/uploads\/2018\/05\/allanamiento-Cria-33-Belgrano.jpg\"><img loading=\"lazy\" decoding=\"async\" class=\"alignnone size-medium wp-image-78736\" src=\"http:\/\/www.elsindical.com.ar\/notas\/var\/www\/html\/notas\/wp-content\/uploads\/2018\/05\/allanamiento-Cria-33-Belgrano-300x182.jpg\" alt=\"\" width=\"300\" height=\"182\" srcset=\"https:\/\/www.elsindical.com.ar\/notas\/var\/www\/html\/notas\/wp-content\/uploads\/2018\/05\/allanamiento-Cria-33-Belgrano-300x182.jpg 300w, https:\/\/www.elsindical.com.ar\/notas\/var\/www\/html\/notas\/wp-content\/uploads\/2018\/05\/allanamiento-Cria-33-Belgrano-768x467.jpg 768w, https:\/\/www.elsindical.com.ar\/notas\/var\/www\/html\/notas\/wp-content\/uploads\/2018\/05\/allanamiento-Cria-33-Belgrano-493x300.jpg 493w, https:\/\/www.elsindical.com.ar\/notas\/var\/www\/html\/notas\/wp-content\/uploads\/2018\/05\/allanamiento-Cria-33-Belgrano.jpg 1000w\" sizes=\"auto, (max-width: 300px) 100vw, 300px\" \/><\/a>\u00a0 Se revisaron patrulleros y lockers del personal de la dependencia policial. Demoraron a diez efectivos de la Polic\u00eda de la Ciudad. Se investiga la desaparici\u00f3n de gran cantidad de dinero secuestrado en un operativo.<\/span><\/em><\/p>\n<p>La <strong>comisar\u00eda 33\u00ba de la Polic\u00eda de la Ciudad<\/strong>, en el barrio porte\u00f1o de Belgrano, <strong>fue allanada<\/strong> el martes durante la noche. Se investiga un <strong>supuesto faltante de dinero obtenido tras un operativo<\/strong>. La b\u00fasqueda del dinero se hizo dentro de las instalaciones del lugar.<\/p>\n<p>El allanamiento de la sede policial ubicada en <strong>Mendoza 2263<\/strong>, estuvo a cargo de la <strong>Polic\u00eda de Seguridad Aeroportuaria (PSA)<\/strong> y est\u00e1 enmarcada en la car\u00e1tula <strong>\u00abaveriguaci\u00f3n de il\u00edcito\u00bb<\/strong>.<\/p>\n<p>En consecuencia, personal de PSA <strong>allan\u00f3 los patrulleros y casilleros que utiliza la polic\u00eda<\/strong> esas instalaciones. Adem\u00e1s, fuentes policiales confirmaron que <strong>demoraron a 10 efectivos<\/strong>.<\/p>\n<p>En el operativo tambi\u00e9n particip\u00f3 personal de la <strong>Oficina de Transparencia de la Polic\u00eda de la Ciudad<\/strong>, como veedor.<\/p>\n<p>Fuentes policiales informaron que el operativo fue pedido por el Juzgado Nacional en lo Criminal y Correccional N\u00b0 41, a cargo del <strong>Dr. Ricardo Luis Parias<\/strong>.<\/p>\n<p><a href=\"http:\/\/www.elsindical.com.ar\/notas\/var\/www\/html\/notas\/wp-content\/uploads\/2018\/05\/allanamiento-Cria-33-Belgrano-2.jpg\"><img loading=\"lazy\" decoding=\"async\" class=\"alignnone size-medium wp-image-78735\" src=\"http:\/\/www.elsindical.com.ar\/notas\/var\/www\/html\/notas\/wp-content\/uploads\/2018\/05\/allanamiento-Cria-33-Belgrano-2-300x169.jpg\" alt=\"\" width=\"300\" height=\"169\" srcset=\"https:\/\/www.elsindical.com.ar\/notas\/var\/www\/html\/notas\/wp-content\/uploads\/2018\/05\/allanamiento-Cria-33-Belgrano-2-300x169.jpg 300w, https:\/\/www.elsindical.com.ar\/notas\/var\/www\/html\/notas\/wp-content\/uploads\/2018\/05\/allanamiento-Cria-33-Belgrano-2-768x432.jpg 768w, https:\/\/www.elsindical.com.ar\/notas\/var\/www\/html\/notas\/wp-content\/uploads\/2018\/05\/allanamiento-Cria-33-Belgrano-2-500x282.jpg 500w, https:\/\/www.elsindical.com.ar\/notas\/var\/www\/html\/notas\/wp-content\/uploads\/2018\/05\/allanamiento-Cria-33-Belgrano-2-460x260.jpg 460w, https:\/\/www.elsindical.com.ar\/notas\/var\/www\/html\/notas\/wp-content\/uploads\/2018\/05\/allanamiento-Cria-33-Belgrano-2.jpg 1000w\" sizes=\"auto, (max-width: 300px) 100vw, 300px\" \/><\/a><\/p>\n<p>&nbsp;<\/p>\n","protected":false},"excerpt":{"rendered":"<p>\u00a0 Se revisaron patrulleros y lockers del personal de la dependencia policial. Demoraron a diez efectivos de la Polic\u00eda de la Ciudad. Se investiga la desaparici\u00f3n de gran cantidad de dinero secuestrado en un operativo. La comisar\u00eda 33\u00ba de la Polic\u00eda de la Ciudad, en el barrio porte\u00f1o de Belgrano, fue allanada el martes durante&hellip;<\/p>\n","protected":false},"author":1,"featured_media":78736,"comment_status":"open","ping_status":"open","sticky":false,"template":"","format":"standard","meta":{"footnotes":""},"categories":[22],"tags":[1225,29017,123,24537,839],"class_list":["post-78734","post","type-post","status-publish","format-standard","has-post-thumbnail","hentry","category-policiales","tag-belgrano","tag-comisaria-33","tag-dinero","tag-policia-de-la-ciudad","tag-psa"],"_links":{"self":[{"href":"https:\/\/www.elsindical.com.ar\/notas\/wp-json\/wp\/v2\/posts\/78734","targetHints":{"allow":["GET"]}}],"collection":[{"href":"https:\/\/www.elsindical.com.ar\/notas\/wp-json\/wp\/v2\/posts"}],"about":[{"href":"https:\/\/www.elsindical.com.ar\/notas\/wp-json\/wp\/v2\/types\/post"}],"author":[{"embeddable":true,"href":"https:\/\/www.elsindical.com.ar\/notas\/wp-json\/wp\/v2\/users\/1"}],"replies":[{"embeddable":true,"href":"https:\/\/www.elsindical.com.ar\/notas\/wp-json\/wp\/v2\/comments?post=78734"}],"version-history":[{"count":2,"href":"https:\/\/www.elsindical.com.ar\/notas\/wp-json\/wp\/v2\/posts\/78734\/revisions"}],"predecessor-version":[{"id":78739,"href":"https:\/\/www.elsindical.com.ar\/notas\/wp-json\/wp\/v2\/posts\/78734\/revisions\/78739"}],"wp:featuredmedia":[{"embeddable":true,"href":"https:\/\/www.elsindical.com.ar\/notas\/wp-json\/wp\/v2\/media\/78736"}],"wp:attachment":[{"href":"https:\/\/www.elsindical.com.ar\/notas\/wp-json\/wp\/v2\/media?parent=78734"}],"wp:term":[{"taxonomy":"category","embeddable":true,"href":"https:\/\/www.elsindical.com.ar\/notas\/wp-json\/wp\/v2\/categories?post=78734"},{"taxonomy":"post_tag","embeddable":true,"href":"https:\/\/www.elsindical.com.ar\/notas\/wp-json\/wp\/v2\/tags?post=78734"}],"curies":[{"name":"wp","href":"https:\/\/api.w.org\/{rel}","templated":true}]}}