{"id":78728,"date":"2018-05-30T09:17:40","date_gmt":"2018-05-30T12:17:40","guid":{"rendered":"http:\/\/www.elsindical.com.ar\/notas\/?p=78728"},"modified":"2018-05-30T09:17:40","modified_gmt":"2018-05-30T12:17:40","slug":"judiciales-bonaerenses-rechazaron-el-15-por-ciento-y-analizan-medidas-de-fuerza","status":"publish","type":"post","link":"https:\/\/www.elsindical.com.ar\/notas\/judiciales-bonaerenses-rechazaron-el-15-por-ciento-y-analizan-medidas-de-fuerza\/","title":{"rendered":"Judiciales bonaerenses rechazaron el 15 por ciento y analizan medidas de fuerza"},"content":{"rendered":"<p><em><a href=\"http:\/\/www.elsindical.com.ar\/notas\/var\/www\/html\/notas\/wp-content\/uploads\/2018\/05\/Pablo-Abramovich-declaraciones.jpg\"><img loading=\"lazy\" decoding=\"async\" class=\"alignnone size-medium wp-image-78729\" src=\"http:\/\/www.elsindical.com.ar\/notas\/var\/www\/html\/notas\/wp-content\/uploads\/2018\/05\/Pablo-Abramovich-declaraciones-300x141.jpg\" alt=\"\" width=\"300\" height=\"141\" srcset=\"https:\/\/www.elsindical.com.ar\/notas\/var\/www\/html\/notas\/wp-content\/uploads\/2018\/05\/Pablo-Abramovich-declaraciones-300x141.jpg 300w, https:\/\/www.elsindical.com.ar\/notas\/var\/www\/html\/notas\/wp-content\/uploads\/2018\/05\/Pablo-Abramovich-declaraciones-500x234.jpg 500w, https:\/\/www.elsindical.com.ar\/notas\/var\/www\/html\/notas\/wp-content\/uploads\/2018\/05\/Pablo-Abramovich-declaraciones.jpg 640w\" sizes=\"auto, (max-width: 300px) 100vw, 300px\" \/><\/a>\u00a0 Pablo Abramovich calific\u00f3 como \u201clamentable\u201d que la convocatoria se haya concretado por decisi\u00f3n del Poder Judicial y no por iniciativa del gobierno. Les ofrecieron un 15 por ciento de aumento, en cuotas y sin cl\u00e1usula gatillo. La propuesta fue rechazada y hoy se realizan asambleas en los departamentos judiciales de la Provincia.<\/em><\/p>\n<p>La Asociaci\u00f3n Judicial Bonaerense (AJB) rechaz\u00f3 la oferta del 15 por ciento, propuesto por el Ministerio de Trabajo de la provincia de buenos Aires, y analiza medidas de fuerza. \u201cEsta pol\u00edtica salarial del 15 por ciento qued\u00f3 absolutamente desfasada con la realidad econ\u00f3mica de Argentina\u201d, asegur\u00f3 Pablo Abramovich.<\/p>\n<p>El encuentro se concret\u00f3 el lunes en la sede de la cartera laboral. El dirigente explic\u00f3 que la AJB \u201cexhort\u00f3 al gobierno a cumplir con la convocatoria a paritarias\u201d y consider\u00f3 que es \u201clamentable\u201d que la convocatoria haya sido \u201ca trav\u00e9s del Poder Judicial y no por decisi\u00f3n del gobierno de cumplir el acuerdo\u201d.<\/p>\n<p>Es que la semana pasada el tribunal de Trabajo N\u00b0 3 de La Plata orden\u00f3 al gobierno bonaerense que convoque en el t\u00e9rmino de cinco d\u00edas a negociaciones paritarias con el sindicato de trabajadores judiciales de la provincia.<\/p>\n<p>Propuesta. En sinton\u00eda con el techo fijado, la administraci\u00f3n de Mar\u00eda Eugenia Vidal ofreci\u00f3 una mejora salarial del 15 por ciento, en tres cuotas y sin cl\u00e1usula gatillo. El 7 por ciento en enero, un 4 en mayo y el restante 4 por ciento en septiembre, cuando se impulsar\u00eda la \u201crevisi\u00f3n\u201d. \u201cEsa propuesta fue rechazada formalmente, le planteamos que el reclamo del sindicato es del 25 por ciento con cl\u00e1usula gatillo, y la necesidad de abordar los otros temas que venimos reclamando\u201d, explic\u00f3 Abramovich.<\/p>\n<p>\u201cEl gobierno propuso un pago a cuenta, tambi\u00e9n lo rechazamos conceptualmente porque refleja la falta de disposici\u00f3n del gobierno de sentarse a discutir y de mejorar la propuesta en la medida de que las negociaciones avancen\u201d, explic\u00f3, al tiempo que plante\u00f3 que \u201cesta pol\u00edtica salarial del 15 por ciento qued\u00f3 absolutamente desfasada con la realidad econ\u00f3mica de Argentina, donde hay un consenso de que la inflaci\u00f3n proyectada va a estar entre el 25 y 30 por ciento\u201d.<\/p>\n<p>Analizan medidas de fuerza. La Asociaci\u00f3n Judicial Bonaerense reclam\u00f3 que se fijara una nueva fecha de reuni\u00f3n, pero Trabajo se escud\u00f3 en que \u201cno tiene autorizaci\u00f3n\u201d para hacerlo. \u201cEs una figurita repetida que marca la falta de voluntad de seguir abordando el di\u00e1logo\u201d, consider\u00f3 Abramovich.<\/p>\n<p>Explic\u00f3, en este marco, que hoy se realizar\u00e1n asambleas en los 19 departamentos judiciales de la provincia de Buenos Aires para brindar detalles de la propuesta y definir los pasos a seguir. \u201cVamos a poner en consideraci\u00f3n la continuidad del plan de acci\u00f3n, que lo vamos a hacer en coordinaci\u00f3n con los otros gremios que le vienen dando pelea\u201d, plante\u00f3, aludiendo a ATE bonaerense, Cicop y el Frente de unidad Docente, conformado por la FEB, Amet, Suteba, Sadop y Udocba.<\/p>\n","protected":false},"excerpt":{"rendered":"<p>\u00a0 Pablo Abramovich calific\u00f3 como \u201clamentable\u201d que la convocatoria se haya concretado por decisi\u00f3n del Poder Judicial y no por iniciativa del gobierno. Les ofrecieron un 15 por ciento de aumento, en cuotas y sin cl\u00e1usula gatillo. La propuesta fue rechazada y hoy se realizan asambleas en los departamentos judiciales de la Provincia. La Asociaci\u00f3n&hellip;<\/p>\n","protected":false},"author":1,"featured_media":78729,"comment_status":"open","ping_status":"open","sticky":false,"template":"","format":"standard","meta":{"footnotes":""},"categories":[16],"tags":[4626,25809,22806],"class_list":["post-78728","post","type-post","status-publish","format-standard","has-post-thumbnail","hentry","category-gremiales","tag-ajb","tag-clausula-gatillo","tag-pablo-abramovich"],"_links":{"self":[{"href":"https:\/\/www.elsindical.com.ar\/notas\/wp-json\/wp\/v2\/posts\/78728","targetHints":{"allow":["GET"]}}],"collection":[{"href":"https:\/\/www.elsindical.com.ar\/notas\/wp-json\/wp\/v2\/posts"}],"about":[{"href":"https:\/\/www.elsindical.com.ar\/notas\/wp-json\/wp\/v2\/types\/post"}],"author":[{"embeddable":true,"href":"https:\/\/www.elsindical.com.ar\/notas\/wp-json\/wp\/v2\/users\/1"}],"replies":[{"embeddable":true,"href":"https:\/\/www.elsindical.com.ar\/notas\/wp-json\/wp\/v2\/comments?post=78728"}],"version-history":[{"count":1,"href":"https:\/\/www.elsindical.com.ar\/notas\/wp-json\/wp\/v2\/posts\/78728\/revisions"}],"predecessor-version":[{"id":78730,"href":"https:\/\/www.elsindical.com.ar\/notas\/wp-json\/wp\/v2\/posts\/78728\/revisions\/78730"}],"wp:featuredmedia":[{"embeddable":true,"href":"https:\/\/www.elsindical.com.ar\/notas\/wp-json\/wp\/v2\/media\/78729"}],"wp:attachment":[{"href":"https:\/\/www.elsindical.com.ar\/notas\/wp-json\/wp\/v2\/media?parent=78728"}],"wp:term":[{"taxonomy":"category","embeddable":true,"href":"https:\/\/www.elsindical.com.ar\/notas\/wp-json\/wp\/v2\/categories?post=78728"},{"taxonomy":"post_tag","embeddable":true,"href":"https:\/\/www.elsindical.com.ar\/notas\/wp-json\/wp\/v2\/tags?post=78728"}],"curies":[{"name":"wp","href":"https:\/\/api.w.org\/{rel}","templated":true}]}}