{"id":78700,"date":"2018-05-29T16:00:36","date_gmt":"2018-05-29T19:00:36","guid":{"rendered":"http:\/\/www.elsindical.com.ar\/notas\/?p=78700"},"modified":"2018-05-29T16:00:36","modified_gmt":"2018-05-29T19:00:36","slug":"telam-paro-por-tiempo-indeterminado-por-despidos","status":"publish","type":"post","link":"https:\/\/www.elsindical.com.ar\/notas\/telam-paro-por-tiempo-indeterminado-por-despidos\/","title":{"rendered":"T\u00e9lam: paro por tiempo indeterminado por despidos"},"content":{"rendered":"<p><a href=\"http:\/\/www.elsindical.com.ar\/notas\/var\/www\/html\/notas\/wp-content\/uploads\/2018\/05\/CGI-T\u00e9lam.jpg\"><img loading=\"lazy\" decoding=\"async\" class=\"alignnone size-medium wp-image-78701\" src=\"http:\/\/www.elsindical.com.ar\/notas\/var\/www\/html\/notas\/wp-content\/uploads\/2018\/05\/CGI-T\u00e9lam-300x193.jpg\" alt=\"\" width=\"300\" height=\"193\" srcset=\"https:\/\/www.elsindical.com.ar\/notas\/var\/www\/html\/notas\/wp-content\/uploads\/2018\/05\/CGI-T\u00e9lam-300x193.jpg 300w, https:\/\/www.elsindical.com.ar\/notas\/var\/www\/html\/notas\/wp-content\/uploads\/2018\/05\/CGI-T\u00e9lam.jpg 307w\" sizes=\"auto, (max-width: 300px) 100vw, 300px\" \/><\/a>La agencia T\u00e9lam se encuentra en paro por tiempo indeterminado a ra\u00edz del despido arbitrario e ilegal de dos periodistas, ordenado hoy por el Directorio de la empresa bajo la excusa del \u201cerr\u00f3neo\u201d contenido de un cable. El Sindicato de Prensa de Buenos Aires (SiPreBa) rechaz\u00f3 los despidos y anunci\u00f3 medidas de fuerza para revertir la decisi\u00f3n.<\/p>\n<p>Las trabajadoras y los trabajadores de T\u00e9lam nos declaramos de paro por tiempo indeterminado y convocamos a una Asamblea General a realizarse ma\u00f1ana a las 13.45 en el sexto piso del edificio de Belgrano 347.<\/p>\n<p>La medida de fuerza fue ratificada luego que el SIPREBA, junto con todas las representaciones sindicales existentes en la empresa (SITRAPREN Y APBA), asistiera a una reuni\u00f3n con el presidente de la empresa, Rodolfo Pous\u00e1, y otras autoridades del Directorio, en la que las tres representaciones reclamaron que se revirtieran los despidos como paso previo a iniciar una mesa de di\u00e1logo. La empresa no dio ninguna respuesta en el momento y se comprometi\u00f3 a dar una despu\u00e9s de consultar con el ministro Hern\u00e1n Lombardi.<\/p>\n<p>En tal sentido, la CGI considera vital puntualizar:<\/p>\n<p>Los despidos de los compa\u00f1eros Angel Jozami y Fernanda Arce se produjeron, seg\u00fan la empresa, a ra\u00edz de un cable con supuesta informaci\u00f3n err\u00f3nea publicado el 13\/5\/2018.<\/p>\n<p>La responsabilidad de todos los materiales que emite la agencia por su servicio period\u00edstico es, siempre y como en cualquier medio, de las m\u00e1ximas autoridades del sector, el personal jer\u00e1rquico elegido por el actual Directorio de T\u00e9lam.<\/p>\n<p>No fue, en este caso, ninguno de los trabajadores despedidos.<\/p>\n<p>El sistema operativo del servicio period\u00edstico est\u00e1 preparado para la correcci\u00f3n de materiales. Por alguna raz\u00f3n se decidi\u00f3 (la empresa decidi\u00f3) que el cable en que se basa el despido no fuera corregido; sino que se propuso montar el disfraz de un error para promover un conflicto. M\u00e1s a\u00fan, el cable no fue tampoco eliminado. No pocas veces, cuando a las autoridades period\u00edsticas les parec\u00eda conveniente, se eliminaron cables del sistema. En este caso, el texto sigue en la cablera desde el domingo 13.<\/p>\n<p>El redactor y la editora despedidos hab\u00edan dado ya sus explicaciones a las autoridades de la redacci\u00f3n. Despu\u00e9s de eso, se dio por \u201csuperado\u201d el episodio. Nunca se los apercibi\u00f3, ni se les abri\u00f3 un sumario, ni se los intent\u00f3 suspender. Nunca se adopt\u00f3 con ellos ninguna medida intermedia que sancionara su presunta responsabilidad.<\/p>\n<p>La agencia se\u00f1al\u00f3 que los dos despedidos \u201cpusieron en duda un capital important\u00edsimo de cualquier medio period\u00edstico, como es la confiabilidad de su informaci\u00f3n y la credibilidad ante sus abonados y sus lectores\u201d. No es el principio que rige otros materiales sin contexto, sin las c\u00e9lebres dos versiones, recortados groseramente o burdamente inclinados.<br \/>\nTampoco ayuda a la \u201ccredibilidad\u201d ante abonados los sucesivos recortes en funciones, cierres de suplementos y sectores, bajas de coberturas (no se viaja a elecciones ni en pa\u00edses vecinos y seremos, seguramente, el \u00fanico medio con un solo redactor y un solo fot\u00f3grafo en Rusia 2018) y cancelaci\u00f3n de viajes dentro del pa\u00eds, a\u00fan aquellos a los que la agencia es invitada.<\/p>\n<p>En consecuencia, convocamos a todas las compa\u00f1eras y los compa\u00f1eros a una masiva Asamblea General ma\u00f1ana a las 13.45 en el sexto piso del edificio de Belgrano 347.<\/p>\n<p>Comisi\u00f3n Gremial Interna \u2013 SiPreBa<\/p>\n<p>Contactos:<br \/>\nEsteban Giachero: 15-4980-5871<br \/>\nRa\u00fal Ferrari: 15-5662-3128<br \/>\nMariano Su\u00e1rez: 15-6228-1059.<br \/>\nCarla Gaudensi: 15-3125-0247<br \/>\nMar\u00eda Laura Da Silva: 15-3377-0019<\/p>\n","protected":false},"excerpt":{"rendered":"<p>La agencia T\u00e9lam se encuentra en paro por tiempo indeterminado a ra\u00edz del despido arbitrario e ilegal de dos periodistas, ordenado hoy por el Directorio de la empresa bajo la excusa del \u201cerr\u00f3neo\u201d contenido de un cable. El Sindicato de Prensa de Buenos Aires (SiPreBa) rechaz\u00f3 los despidos y anunci\u00f3 medidas de fuerza para revertir&hellip;<\/p>\n","protected":false},"author":1,"featured_media":78701,"comment_status":"open","ping_status":"open","sticky":false,"template":"","format":"standard","meta":{"footnotes":""},"categories":[16],"tags":[29004,53,67,21626,21656,5830],"class_list":["post-78700","post","type-post","status-publish","format-standard","has-post-thumbnail","hentry","category-gremiales","tag-apba","tag-despidos","tag-paro","tag-sipreba","tag-sitrapren","tag-telam"],"_links":{"self":[{"href":"https:\/\/www.elsindical.com.ar\/notas\/wp-json\/wp\/v2\/posts\/78700","targetHints":{"allow":["GET"]}}],"collection":[{"href":"https:\/\/www.elsindical.com.ar\/notas\/wp-json\/wp\/v2\/posts"}],"about":[{"href":"https:\/\/www.elsindical.com.ar\/notas\/wp-json\/wp\/v2\/types\/post"}],"author":[{"embeddable":true,"href":"https:\/\/www.elsindical.com.ar\/notas\/wp-json\/wp\/v2\/users\/1"}],"replies":[{"embeddable":true,"href":"https:\/\/www.elsindical.com.ar\/notas\/wp-json\/wp\/v2\/comments?post=78700"}],"version-history":[{"count":1,"href":"https:\/\/www.elsindical.com.ar\/notas\/wp-json\/wp\/v2\/posts\/78700\/revisions"}],"predecessor-version":[{"id":78702,"href":"https:\/\/www.elsindical.com.ar\/notas\/wp-json\/wp\/v2\/posts\/78700\/revisions\/78702"}],"wp:featuredmedia":[{"embeddable":true,"href":"https:\/\/www.elsindical.com.ar\/notas\/wp-json\/wp\/v2\/media\/78701"}],"wp:attachment":[{"href":"https:\/\/www.elsindical.com.ar\/notas\/wp-json\/wp\/v2\/media?parent=78700"}],"wp:term":[{"taxonomy":"category","embeddable":true,"href":"https:\/\/www.elsindical.com.ar\/notas\/wp-json\/wp\/v2\/categories?post=78700"},{"taxonomy":"post_tag","embeddable":true,"href":"https:\/\/www.elsindical.com.ar\/notas\/wp-json\/wp\/v2\/tags?post=78700"}],"curies":[{"name":"wp","href":"https:\/\/api.w.org\/{rel}","templated":true}]}}