{"id":78664,"date":"2018-05-27T12:34:09","date_gmt":"2018-05-27T15:34:09","guid":{"rendered":"http:\/\/www.elsindical.com.ar\/notas\/?p=78664"},"modified":"2018-05-31T18:25:47","modified_gmt":"2018-05-31T21:25:47","slug":"el-cholo-garcia-hernan-doval-y-daniel-ferro-llevan-al-stma-a-una-grave-crisis","status":"publish","type":"post","link":"https:\/\/www.elsindical.com.ar\/notas\/el-cholo-garcia-hernan-doval-y-daniel-ferro-llevan-al-stma-a-una-grave-crisis\/","title":{"rendered":"El Cholo Garc\u00eda, Hern\u00e1n Doval y Daniel Ferro llevan al STMA a una grave crisis"},"content":{"rendered":"<p><a href=\"http:\/\/www.elsindical.com.ar\/notas\/var\/www\/html\/notas\/wp-content\/uploads\/2018\/05\/Denuncia-falsa-del-STMA.jpg\"><img loading=\"lazy\" decoding=\"async\" class=\"alignnone size-medium wp-image-78668\" src=\"http:\/\/www.elsindical.com.ar\/notas\/var\/www\/html\/notas\/wp-content\/uploads\/2018\/05\/Denuncia-falsa-del-STMA-265x300.jpg\" alt=\"\" width=\"265\" height=\"300\" srcset=\"https:\/\/www.elsindical.com.ar\/notas\/var\/www\/html\/notas\/wp-content\/uploads\/2018\/05\/Denuncia-falsa-del-STMA-265x300.jpg 265w, https:\/\/www.elsindical.com.ar\/notas\/var\/www\/html\/notas\/wp-content\/uploads\/2018\/05\/Denuncia-falsa-del-STMA.jpg 738w\" sizes=\"auto, (max-width: 265px) 100vw, 265px\" \/><\/a>\u00a0 \u00a0Los mencionados dirigentes sindicales, Garc\u00eda, Doval y Ferro, han ido llevando al STMA a una crisis no solo econ\u00f3mica, sino que se han visto envueltos en denuncias de todo tipo y en la pr\u00e1ctica los trabajadores afiliados han perdido calidad de atenci\u00f3n en la obra social, as\u00ed como se restringieron o no se prestan algunas especialidades.<\/p>\n<p>Antes que cualquier medio desde El Sindical hemos advertido hace ya unos a\u00f1os el despilfarro de miles de pesos mensuales autorizados primero por el Cholo Garc\u00eda y luego por Doval en gastos de publicidad que tuvieron como beneficiario a Daniel Ferro, algunos tan rid\u00edculos como el financiar un programa radial los fines de semana en Mar del Plata, de un sindicato que es de Avellaneda, o programas grabados para cable que nadie vio y otros que nunca se emitieron.<\/p>\n<p>Fueron muchas las denuncias de afiliados que ante una emergencia no encontraban un sanatorio o cl\u00ednica que los atienda por la falta de pagos del sindicato, eso s\u00ed, los descuentos siempre se realizaron.<\/p>\n<p>La supuesta representaci\u00f3n de los derechos de los trabajadores es sin dudas una CAJA codiciada, por algo Avellaneda ha tenido el absurdo de tener 3 y hasta 4 gremios pretendiendo defender los derechos de los trabajadores, incluso el propio STMA ha tenido deserciones como la de Daniel Aversa entre los m\u00e1s destacados, ahora desde adentro la conducci\u00f3n del sindicato se ve alterada por las intenciones de Walter Fari\u00f1as de disputar a Doval y Garc\u00eda el secretariado general al frente de su Agrupaci\u00f3n 17 de noviembre, lo que ha generado una escalada de denuncias cruzadas en las que Garc\u00eda, Doval y Ferro han quedado en evidencia como unos mentirosos.<\/p>\n<p>La estrategia del tr\u00edo ha sido polarizar la lucha con el intendente Jorge Ferraresi, acus\u00e1ndolo de beneficiar a SUMA, UPCN y la obra social OSCO salud, en esa necesidad de \u00abtapar\u00bb sus propios errores y perjuicos causados el sindicato han llegado al colmo de hacer una alianza con CAMBIEMOS y pautar con seudo medios locales que critican al intendente por la pauta con el PRO.<\/p>\n<p>Esta \u00abguerra sucia\u00bb solo tiene como v\u00edctimas a los afiliados, a los trabajadores municipales que son tironeados por cuestiones que van m\u00e1s all\u00e1 de la pol\u00edtica y que son netamente econ\u00f3micas porque estos sindicalistas no quieren perder los privilegios de viajar por el pa\u00eds con TODO PAGO ni cambiar su nivel de vida de confort y lujos que no tienen los trabajadores que generalmente terminan mendigando atenci\u00f3n y en muchas ocasiones son maltratados por los profesionales que trabajan en los consultorios de la obra social sin que el sindicato los contenga.<\/p>\n<p><a href=\"http:\/\/www.elsindical.com.ar\/notas\/var\/www\/html\/notas\/wp-content\/uploads\/2018\/05\/convocatoria-STMA.jpg\"><img loading=\"lazy\" decoding=\"async\" class=\"alignnone size-medium wp-image-78667\" src=\"http:\/\/www.elsindical.com.ar\/notas\/var\/www\/html\/notas\/wp-content\/uploads\/2018\/05\/convocatoria-STMA-78x300.jpg\" alt=\"\" width=\"78\" height=\"300\" srcset=\"https:\/\/www.elsindical.com.ar\/notas\/var\/www\/html\/notas\/wp-content\/uploads\/2018\/05\/convocatoria-STMA-78x300.jpg 78w, https:\/\/www.elsindical.com.ar\/notas\/var\/www\/html\/notas\/wp-content\/uploads\/2018\/05\/convocatoria-STMA-266x1024.jpg 266w, https:\/\/www.elsindical.com.ar\/notas\/var\/www\/html\/notas\/wp-content\/uploads\/2018\/05\/convocatoria-STMA.jpg 502w\" sizes=\"auto, (max-width: 78px) 100vw, 78px\" \/><\/a> <a href=\"http:\/\/www.elsindical.com.ar\/notas\/var\/www\/html\/notas\/wp-content\/uploads\/2018\/05\/Carta-documento-de-Fari\u00f1a.jpg\"><img loading=\"lazy\" decoding=\"async\" class=\"alignnone size-medium wp-image-78666\" src=\"http:\/\/www.elsindical.com.ar\/notas\/var\/www\/html\/notas\/wp-content\/uploads\/2018\/05\/Carta-documento-de-Fari\u00f1a-181x300.jpg\" alt=\"\" width=\"181\" height=\"300\" srcset=\"https:\/\/www.elsindical.com.ar\/notas\/var\/www\/html\/notas\/wp-content\/uploads\/2018\/05\/Carta-documento-de-Fari\u00f1a-181x300.jpg 181w, https:\/\/www.elsindical.com.ar\/notas\/var\/www\/html\/notas\/wp-content\/uploads\/2018\/05\/Carta-documento-de-Fari\u00f1a-617x1024.jpg 617w, https:\/\/www.elsindical.com.ar\/notas\/var\/www\/html\/notas\/wp-content\/uploads\/2018\/05\/Carta-documento-de-Fari\u00f1a.jpg 738w\" sizes=\"auto, (max-width: 181px) 100vw, 181px\" \/><\/a> <a href=\"http:\/\/www.elsindical.com.ar\/notas\/var\/www\/html\/notas\/wp-content\/uploads\/2018\/05\/comunicado-Agrupaci\u00f3n-17-de-noviembre.jpg\"><img loading=\"lazy\" decoding=\"async\" class=\"alignnone size-medium wp-image-78665\" src=\"http:\/\/www.elsindical.com.ar\/notas\/var\/www\/html\/notas\/wp-content\/uploads\/2018\/05\/comunicado-Agrupaci\u00f3n-17-de-noviembre-181x300.jpg\" alt=\"\" width=\"181\" height=\"300\" srcset=\"https:\/\/www.elsindical.com.ar\/notas\/var\/www\/html\/notas\/wp-content\/uploads\/2018\/05\/comunicado-Agrupaci\u00f3n-17-de-noviembre-181x300.jpg 181w, https:\/\/www.elsindical.com.ar\/notas\/var\/www\/html\/notas\/wp-content\/uploads\/2018\/05\/comunicado-Agrupaci\u00f3n-17-de-noviembre-618x1024.jpg 618w, https:\/\/www.elsindical.com.ar\/notas\/var\/www\/html\/notas\/wp-content\/uploads\/2018\/05\/comunicado-Agrupaci\u00f3n-17-de-noviembre.jpg 738w\" sizes=\"auto, (max-width: 181px) 100vw, 181px\" \/><\/a><\/p>\n<p><iframe loading=\"lazy\" src=\"https:\/\/www.youtube.com\/embed\/lOIM9iya9KY\" width=\"580\" height=\"420\" frameborder=\"0\" allowfullscreen=\"allowfullscreen\"><span data-mce-type=\"bookmark\" style=\"display: inline-block; width: 0px; overflow: hidden; line-height: 0;\" class=\"mce_SELRES_start\">\ufeff<\/span><\/iframe><\/p>\n<p>Por Marcelo Ricardo Hawrylciw<\/p>\n","protected":false},"excerpt":{"rendered":"<p>\u00a0 \u00a0Los mencionados dirigentes sindicales, Garc\u00eda, Doval y Ferro, han ido llevando al STMA a una crisis no solo econ\u00f3mica, sino que se han visto envueltos en denuncias de todo tipo y en la pr\u00e1ctica los trabajadores afiliados han perdido calidad de atenci\u00f3n en la obra social, as\u00ed como se restringieron o no se prestan&hellip;<\/p>\n","protected":false},"author":1,"featured_media":78668,"comment_status":"open","ping_status":"open","sticky":false,"template":"","format":"standard","meta":{"footnotes":""},"categories":[16],"tags":[23133,18556,23792,17286,1062,3141,28992],"class_list":["post-78664","post","type-post","status-publish","format-standard","has-post-thumbnail","hentry","category-gremiales","tag-cholo-garcia","tag-daniel-aversa","tag-daniel-ferro","tag-hernan-doval","tag-jorge-ferraresi","tag-stma","tag-walter-farias"],"_links":{"self":[{"href":"https:\/\/www.elsindical.com.ar\/notas\/wp-json\/wp\/v2\/posts\/78664","targetHints":{"allow":["GET"]}}],"collection":[{"href":"https:\/\/www.elsindical.com.ar\/notas\/wp-json\/wp\/v2\/posts"}],"about":[{"href":"https:\/\/www.elsindical.com.ar\/notas\/wp-json\/wp\/v2\/types\/post"}],"author":[{"embeddable":true,"href":"https:\/\/www.elsindical.com.ar\/notas\/wp-json\/wp\/v2\/users\/1"}],"replies":[{"embeddable":true,"href":"https:\/\/www.elsindical.com.ar\/notas\/wp-json\/wp\/v2\/comments?post=78664"}],"version-history":[{"count":1,"href":"https:\/\/www.elsindical.com.ar\/notas\/wp-json\/wp\/v2\/posts\/78664\/revisions"}],"predecessor-version":[{"id":78669,"href":"https:\/\/www.elsindical.com.ar\/notas\/wp-json\/wp\/v2\/posts\/78664\/revisions\/78669"}],"wp:featuredmedia":[{"embeddable":true,"href":"https:\/\/www.elsindical.com.ar\/notas\/wp-json\/wp\/v2\/media\/78668"}],"wp:attachment":[{"href":"https:\/\/www.elsindical.com.ar\/notas\/wp-json\/wp\/v2\/media?parent=78664"}],"wp:term":[{"taxonomy":"category","embeddable":true,"href":"https:\/\/www.elsindical.com.ar\/notas\/wp-json\/wp\/v2\/categories?post=78664"},{"taxonomy":"post_tag","embeddable":true,"href":"https:\/\/www.elsindical.com.ar\/notas\/wp-json\/wp\/v2\/tags?post=78664"}],"curies":[{"name":"wp","href":"https:\/\/api.w.org\/{rel}","templated":true}]}}