{"id":78624,"date":"2018-05-25T14:49:02","date_gmt":"2018-05-25T17:49:02","guid":{"rendered":"http:\/\/www.elsindical.com.ar\/notas\/?p=78624"},"modified":"2018-05-25T14:49:02","modified_gmt":"2018-05-25T17:49:02","slug":"lanus-oeste-robaron-golpearon-y-le-dispararon-al-empleado-de-una-fabrica","status":"publish","type":"post","link":"https:\/\/www.elsindical.com.ar\/notas\/lanus-oeste-robaron-golpearon-y-le-dispararon-al-empleado-de-una-fabrica\/","title":{"rendered":"Lan\u00fas Oeste: robaron, golpearon y le dispararon al empleado de una f\u00e1brica"},"content":{"rendered":"<p><a href=\"http:\/\/www.elsindical.com.ar\/notas\/var\/www\/html\/notas\/wp-content\/uploads\/2018\/05\/motochorros-Lan\u00fas.jpg\"><img loading=\"lazy\" decoding=\"async\" class=\"alignnone size-medium wp-image-78625\" src=\"http:\/\/www.elsindical.com.ar\/notas\/var\/www\/html\/notas\/wp-content\/uploads\/2018\/05\/motochorros-Lan\u00fas-300x266.jpg\" alt=\"\" width=\"300\" height=\"266\" srcset=\"https:\/\/www.elsindical.com.ar\/notas\/var\/www\/html\/notas\/wp-content\/uploads\/2018\/05\/motochorros-Lan\u00fas-300x266.jpg 300w, https:\/\/www.elsindical.com.ar\/notas\/var\/www\/html\/notas\/wp-content\/uploads\/2018\/05\/motochorros-Lan\u00fas-338x300.jpg 338w, https:\/\/www.elsindical.com.ar\/notas\/var\/www\/html\/notas\/wp-content\/uploads\/2018\/05\/motochorros-Lan\u00fas.jpg 591w\" sizes=\"auto, (max-width: 300px) 100vw, 300px\" \/><\/a>Fue atacado por motochorros cuando esperaba al due\u00f1o. Un vecino comparti\u00f3 el video del hecho en <a title=\"TN y La Gente\" href=\"https:\/\/tn.com.ar\/tnylagente\/robaron-golpearon-y-le-tiraron-un-tiro-un-chico-que-esperaba-en-la-puerta-de-su-trabajo_870995\">TN y La Gente.<\/a><\/p>\n<p>Una ma\u00f1ana de terror vivi\u00f3 el empleado de una f\u00e1brica de mesadas para cocinas cuando fue atacado por <strong>motochorros <\/strong>mientras esperaba al due\u00f1o para que abriera el negocio.<\/p>\n<p>El hecho fue esta ma\u00f1ana cerca de las 8 en la calle Llavallol al 1400, en<strong> Lan\u00fas Oeste<\/strong>, y qued\u00f3 registrado por las c\u00e1maras de seguridad de un vecino que comparti\u00f3 el video en<a title=\" TN y La Gente.\" href=\"https:\/\/tn.com.ar\/tnylagente\/robaron-golpearon-y-le-tiraron-un-tiro-un-chico-que-esperaba-en-la-puerta-de-su-trabajo_870995\"> TN y La Gente.<\/a><\/p>\n<p>En las im\u00e1genes se ve al delincuente vestido con un buzo blanco. All\u00ed se observa c\u00f3mo persigue a su v\u00edctima y <strong>le dispara a quemarropa<\/strong>. \u00abLe tir\u00f3 varias veces pero por suerte no le peg\u00f3, y despu\u00e9s se le trab\u00f3 el arma\u00bb, cont\u00f3 a<strong> TN.com.ar<\/strong> el due\u00f1o de las c\u00e1maras de seguridad.<\/p>\n<p>Al escuchar los disparos, los vecinos llamaron a la<strong> polic\u00eda<\/strong>, pero el patrullero nunca fue y la ambulancia tampoco. El propio Fernando fue quien llev\u00f3 a la v\u00edctima al hospital. \u00abEstaba muy golpeado, y le dieron puntos en la cabeza por las heridas de los culatazos que le pegaron\u00bb, relat\u00f3.<\/p>\n<p>Los vecinos cuentan que el <strong>barrio es muy inseguro <\/strong>y que los robos se dan pr\u00e1cticamente a diario, a pesar de que est\u00e1n a solo cuadras de la comisar\u00eda y es una zona muy transitada ya que hay un colegio cerca.<\/p>\n<p><iframe loading=\"lazy\" src=\"https:\/\/api.vodgc.net\/player\/v2\/embed\/playerId\/DDRRA71507749055\/contentId\/584697?custom_poster=%252F%252Fcdn.tn.com.ar%252Fsites%252Fdefault%252Ffiles%252F2018%252F05%252F24%252Fchorros1.jpg&amp;pvast=sz%253D640x480%257C400x300%2526iu%253D%252F113951150%252Ftn%252Fnota%252Fpreroll%2526ciu_szs%253D300x250%2526ad_rule%253D1%2526impl%253Ds%2526gdfp_req%253D1%2526env%253Dvp%2526output%253Dvmap%2526unviewed_position_start%253D1%2526cust_params%253Dplatform%25253Ddesktop%252526%2526cmsid%253D496%2526vid%253Dshort_onecue\" width=\"650\" height=\"390\" frameborder=\"0\" scrolling=\"no\" allowfullscreen=\"allowfullscreen\"><\/iframe><\/p>\n","protected":false},"excerpt":{"rendered":"<p>Fue atacado por motochorros cuando esperaba al due\u00f1o. Un vecino comparti\u00f3 el video del hecho en TN y La Gente. Una ma\u00f1ana de terror vivi\u00f3 el empleado de una f\u00e1brica de mesadas para cocinas cuando fue atacado por motochorros mientras esperaba al due\u00f1o para que abriera el negocio. El hecho fue esta ma\u00f1ana cerca de&hellip;<\/p>\n","protected":false},"author":1,"featured_media":78625,"comment_status":"open","ping_status":"open","sticky":false,"template":"","format":"standard","meta":{"footnotes":""},"categories":[22],"tags":[94,148,4574,308,5025,30,2499],"class_list":["post-78624","post","type-post","status-publish","format-standard","has-post-thumbnail","hentry","category-policiales","tag-empleado","tag-herido","tag-lanus-oeste","tag-motochorros","tag-nestor-grindetti","tag-policia","tag-same"],"_links":{"self":[{"href":"https:\/\/www.elsindical.com.ar\/notas\/wp-json\/wp\/v2\/posts\/78624","targetHints":{"allow":["GET"]}}],"collection":[{"href":"https:\/\/www.elsindical.com.ar\/notas\/wp-json\/wp\/v2\/posts"}],"about":[{"href":"https:\/\/www.elsindical.com.ar\/notas\/wp-json\/wp\/v2\/types\/post"}],"author":[{"embeddable":true,"href":"https:\/\/www.elsindical.com.ar\/notas\/wp-json\/wp\/v2\/users\/1"}],"replies":[{"embeddable":true,"href":"https:\/\/www.elsindical.com.ar\/notas\/wp-json\/wp\/v2\/comments?post=78624"}],"version-history":[{"count":1,"href":"https:\/\/www.elsindical.com.ar\/notas\/wp-json\/wp\/v2\/posts\/78624\/revisions"}],"predecessor-version":[{"id":78626,"href":"https:\/\/www.elsindical.com.ar\/notas\/wp-json\/wp\/v2\/posts\/78624\/revisions\/78626"}],"wp:featuredmedia":[{"embeddable":true,"href":"https:\/\/www.elsindical.com.ar\/notas\/wp-json\/wp\/v2\/media\/78625"}],"wp:attachment":[{"href":"https:\/\/www.elsindical.com.ar\/notas\/wp-json\/wp\/v2\/media?parent=78624"}],"wp:term":[{"taxonomy":"category","embeddable":true,"href":"https:\/\/www.elsindical.com.ar\/notas\/wp-json\/wp\/v2\/categories?post=78624"},{"taxonomy":"post_tag","embeddable":true,"href":"https:\/\/www.elsindical.com.ar\/notas\/wp-json\/wp\/v2\/tags?post=78624"}],"curies":[{"name":"wp","href":"https:\/\/api.w.org\/{rel}","templated":true}]}}