{"id":78602,"date":"2018-05-25T00:25:29","date_gmt":"2018-05-25T03:25:29","guid":{"rendered":"http:\/\/www.elsindical.com.ar\/notas\/?p=78602"},"modified":"2018-05-25T00:25:29","modified_gmt":"2018-05-25T03:25:29","slug":"mauricio-macri-reconocio-que-las-tarifas-van-a-seguir-aumentando","status":"publish","type":"post","link":"https:\/\/www.elsindical.com.ar\/notas\/mauricio-macri-reconocio-que-las-tarifas-van-a-seguir-aumentando\/","title":{"rendered":"Mauricio Macri reconoci\u00f3 que \u00ablas tarifas van a seguir aumentando\u00bb"},"content":{"rendered":"<p><span class=\"text description col-xs-8 col-lg-9\"><em><a href=\"http:\/\/www.elsindical.com.ar\/notas\/var\/www\/html\/notas\/wp-content\/uploads\/2018\/05\/Mauricio-Macri-gesto-conferencia.jpg\"><img loading=\"lazy\" decoding=\"async\" class=\"alignnone size-medium wp-image-78603\" src=\"http:\/\/www.elsindical.com.ar\/notas\/var\/www\/html\/notas\/wp-content\/uploads\/2018\/05\/Mauricio-Macri-gesto-conferencia-300x203.jpg\" alt=\"\" width=\"300\" height=\"203\" srcset=\"https:\/\/www.elsindical.com.ar\/notas\/var\/www\/html\/notas\/wp-content\/uploads\/2018\/05\/Mauricio-Macri-gesto-conferencia-300x203.jpg 300w, https:\/\/www.elsindical.com.ar\/notas\/var\/www\/html\/notas\/wp-content\/uploads\/2018\/05\/Mauricio-Macri-gesto-conferencia-768x521.jpg 768w, https:\/\/www.elsindical.com.ar\/notas\/var\/www\/html\/notas\/wp-content\/uploads\/2018\/05\/Mauricio-Macri-gesto-conferencia-1024x694.jpg 1024w, https:\/\/www.elsindical.com.ar\/notas\/var\/www\/html\/notas\/wp-content\/uploads\/2018\/05\/Mauricio-Macri-gesto-conferencia-443x300.jpg 443w, https:\/\/www.elsindical.com.ar\/notas\/var\/www\/html\/notas\/wp-content\/uploads\/2018\/05\/Mauricio-Macri-gesto-conferencia.jpg 1170w\" sizes=\"auto, (max-width: 300px) 100vw, 300px\" \/><\/a>\u00a0 \u00a0Las declaraciones del presidente justificando los cuestionados tarifazos que afectan al bolsillo de la gente. En la Casa Rosada se rumorea que de aprobarse en Senado el proyecto de congelar y retrotraer las tarifas ser\u00e1 vetada por el Presidente.<\/em> <\/span><\/p>\n<p>El presidente Mauricio Macri reconoci\u00f3 en una entrevista que las tarifas van a seguir aumentando \u00abhasta lograr llegar a lo que vale la energ\u00eda\u00bb.<\/p>\n<p>A d\u00edas del debate en el Senado por tarifas, Macri habl\u00f3 en el marco de su visita de ayer a la ciudad de Bah\u00eda Blanca para inaugurar un parque e\u00f3lico. En el acto participaron Juan Jos\u00e9 Aranguren; el titular de Pampa Energ\u00eda, Marcelo Mindlin; y el intendente de Bah\u00eda Blanca, H\u00e9ctor Gay.<\/p>\n<p>\u00abLa energ\u00eda tiene un valor, poner las torres, armarlas, operarlas, cuesta, pero ah\u00ed no puedo hacer ninguna magia, las tarifas representan lo que vale producirla, si hubiese alguna alternativa para que funcionase sin que nadie pagase hubiese sido el primero en llevarlo adelante\u00bb, dijo el presidente justificando los cuestionados tarifazos que afectan al bolsillo de la gente.<\/p>\n<p>En di\u00e1logo con La Br\u00fajula 24, sitio web de Bah\u00eda Blanca, Macri declar\u00f3: \u00abLos aumentos de las tarifas est\u00e1n por arriba de cualquier aumento de sueldo porque estaban en cero; la factura de luz val\u00eda menos que un caf\u00e9. Estamos en un camino de que va a tener que seguir aumentado hasta lograr llegar a lo que vale la energ\u00eda, en todas partes del mundo la energ\u00eda es cara\u00bb.<\/p>\n<p>Sus declaraciones se realizan en medio del proyecto de la ley de tarifas que plantea la oposici\u00f3n (congelar y retrotraer el tarifazo), que ya tiene media sanci\u00f3n en Diputados y obtuvo esta semana dictamen de mayor\u00eda para tratarse en la C\u00e1mara Alta el pr\u00f3ximo mi\u00e9rcoles.<\/p>\n<p>El mandatario advirti\u00f3 que \u00absi se sanciona ese proyecto, se agrava el problema\u00bb. Mientras que en la Casa Rosada se rumorea que, de aprobarse en el Senado, ser\u00e1 vetada por el Presidente.<\/p>\n","protected":false},"excerpt":{"rendered":"<p>\u00a0 \u00a0Las declaraciones del presidente justificando los cuestionados tarifazos que afectan al bolsillo de la gente. En la Casa Rosada se rumorea que de aprobarse en Senado el proyecto de congelar y retrotraer las tarifas ser\u00e1 vetada por el Presidente. El presidente Mauricio Macri reconoci\u00f3 en una entrevista que las tarifas van a seguir aumentando&hellip;<\/p>\n","protected":false},"author":1,"featured_media":78603,"comment_status":"open","ping_status":"open","sticky":false,"template":"","format":"standard","meta":{"footnotes":""},"categories":[13],"tags":[1754,1940,76,373],"class_list":["post-78602","post","type-post","status-publish","format-standard","has-post-thumbnail","hentry","category-politica","tag-aumentos","tag-energia","tag-mauricio-macri","tag-tarifas"],"_links":{"self":[{"href":"https:\/\/www.elsindical.com.ar\/notas\/wp-json\/wp\/v2\/posts\/78602","targetHints":{"allow":["GET"]}}],"collection":[{"href":"https:\/\/www.elsindical.com.ar\/notas\/wp-json\/wp\/v2\/posts"}],"about":[{"href":"https:\/\/www.elsindical.com.ar\/notas\/wp-json\/wp\/v2\/types\/post"}],"author":[{"embeddable":true,"href":"https:\/\/www.elsindical.com.ar\/notas\/wp-json\/wp\/v2\/users\/1"}],"replies":[{"embeddable":true,"href":"https:\/\/www.elsindical.com.ar\/notas\/wp-json\/wp\/v2\/comments?post=78602"}],"version-history":[{"count":1,"href":"https:\/\/www.elsindical.com.ar\/notas\/wp-json\/wp\/v2\/posts\/78602\/revisions"}],"predecessor-version":[{"id":78604,"href":"https:\/\/www.elsindical.com.ar\/notas\/wp-json\/wp\/v2\/posts\/78602\/revisions\/78604"}],"wp:featuredmedia":[{"embeddable":true,"href":"https:\/\/www.elsindical.com.ar\/notas\/wp-json\/wp\/v2\/media\/78603"}],"wp:attachment":[{"href":"https:\/\/www.elsindical.com.ar\/notas\/wp-json\/wp\/v2\/media?parent=78602"}],"wp:term":[{"taxonomy":"category","embeddable":true,"href":"https:\/\/www.elsindical.com.ar\/notas\/wp-json\/wp\/v2\/categories?post=78602"},{"taxonomy":"post_tag","embeddable":true,"href":"https:\/\/www.elsindical.com.ar\/notas\/wp-json\/wp\/v2\/tags?post=78602"}],"curies":[{"name":"wp","href":"https:\/\/api.w.org\/{rel}","templated":true}]}}