{"id":78579,"date":"2018-05-24T16:05:42","date_gmt":"2018-05-24T19:05:42","guid":{"rendered":"http:\/\/www.elsindical.com.ar\/notas\/?p=78579"},"modified":"2018-05-24T16:08:44","modified_gmt":"2018-05-24T19:08:44","slug":"los-mitomanos-de-las-primicias-extra-extra","status":"publish","type":"post","link":"https:\/\/www.elsindical.com.ar\/notas\/los-mitomanos-de-las-primicias-extra-extra\/","title":{"rendered":"Los mit\u00f3manos de las primicias, extra, extra"},"content":{"rendered":"<p><em><a href=\"http:\/\/www.elsindical.com.ar\/notas\/var\/www\/html\/notas\/wp-content\/uploads\/2018\/05\/los-due\u00f1os-de-las-primicias.jpg\"><img loading=\"lazy\" decoding=\"async\" class=\"alignnone size-medium wp-image-78580\" src=\"http:\/\/www.elsindical.com.ar\/notas\/var\/www\/html\/notas\/wp-content\/uploads\/2018\/05\/los-due\u00f1os-de-las-primicias-300x160.jpg\" alt=\"\" width=\"300\" height=\"160\" srcset=\"https:\/\/www.elsindical.com.ar\/notas\/var\/www\/html\/notas\/wp-content\/uploads\/2018\/05\/los-due\u00f1os-de-las-primicias-300x160.jpg 300w, https:\/\/www.elsindical.com.ar\/notas\/var\/www\/html\/notas\/wp-content\/uploads\/2018\/05\/los-due\u00f1os-de-las-primicias-768x409.jpg 768w, https:\/\/www.elsindical.com.ar\/notas\/var\/www\/html\/notas\/wp-content\/uploads\/2018\/05\/los-due\u00f1os-de-las-primicias-1024x545.jpg 1024w, https:\/\/www.elsindical.com.ar\/notas\/var\/www\/html\/notas\/wp-content\/uploads\/2018\/05\/los-due\u00f1os-de-las-primicias-500x266.jpg 500w, https:\/\/www.elsindical.com.ar\/notas\/var\/www\/html\/notas\/wp-content\/uploads\/2018\/05\/los-due\u00f1os-de-las-primicias.jpg 1034w\" sizes=\"auto, (max-width: 300px) 100vw, 300px\" \/><\/a>\u00a0 La persona que padece de mitoman\u00eda siente que debe mentir porque <strong>necesita\u00a0cambiar su realidad para hacerla m\u00e1s tolerable<\/strong>.<\/em><\/p>\n<p>El mit\u00f3mano no miente como forma de consuelo o para mitigar los sentimientos de otros, miente <strong>sistem\u00e1ticamente falseando su realidad<\/strong> y puede llegar a ser un problema para toda la vida si no es tratado correctamente con la ayuda de un especialista.<\/p>\n<p>Son muchas las consultas de vecinos respecto a dos SOCIOS de las noticias que pauta mediante tratan de instalar a diario una realidad con matices diferentes y as\u00ed direccionar el \u00e1nimo y la opini\u00f3n de aquellos vecinos que por comodidad o falta de formaci\u00f3n prefieren creer en lo que leen y no indagar en la veracidad de esos hechos que se presentan como una noticia period\u00edstica, pero de la mano de personajes que de periodismo no entienden nada.<\/p>\n<p>As\u00ed, como se ve en la imagen que ilustra la nota, una vez m\u00e1s y van muchas, Marcelo Brunwald y Marcelo Frecha, se disputan la primicia en este caso podr\u00edamos decir que se disputan el premio al m\u00e1s alcahuete, ya que hoy comparten proveedor de pauta y seg\u00fan estos dos impresentables el mejor color hoy es el amarillo PRO.<\/p>\n<p>Incluso es sencillo para ellos su periodismo mercenario porque del otro lado tienen a un intendente terco que ha demostrado con los a\u00f1os ir perdiendo inteligencia y cintura pol\u00edtica, como lo es Jorge Ferraresi.<\/p>\n<p>La inseguridad no es un tema donde se deba hacer pol\u00edtica barata, no debe ser el motivo para que pol\u00edticos impresentables como Gladys Gonz\u00e1lez y Sebasti\u00e1n Vinagre se saquen una foto al lado de un patrullero, cuando deber\u00edan ocupar los asientos traseros.<\/p>\n<p>Siguen con las mismas f\u00f3rmulas in\u00fatiles cuando la inseguridad y su tratamiento pasa por otro lado y no por si hay un m\u00f3vil m\u00e1s por zona, obvio que m\u00e1s m\u00f3viles son una ayuda, pero la prevenci\u00f3n y la disminuci\u00f3n de los delitos hoy tienen otro componente del que nadie se hace cargo, en la noche y madrugada, efectivos policiales aprehendieron a varios en inmediaciones de los robos pira\u00f1as que se vieron por los medios en Wilde, de esos aprehendidos todos recuperaron la libertad en apenas un par de horas.<\/p>\n<p><a href=\"http:\/\/www.elsindical.com.ar\/notas\/var\/www\/html\/notas\/wp-content\/uploads\/2018\/05\/Gladys-Gonz\u00e1lez-y-Vinagre-patrullas.jpg\"><img loading=\"lazy\" decoding=\"async\" class=\"alignnone size-medium wp-image-78581\" src=\"http:\/\/www.elsindical.com.ar\/notas\/var\/www\/html\/notas\/wp-content\/uploads\/2018\/05\/Gladys-Gonz\u00e1lez-y-Vinagre-patrullas-300x208.jpg\" alt=\"\" width=\"300\" height=\"208\" srcset=\"https:\/\/www.elsindical.com.ar\/notas\/var\/www\/html\/notas\/wp-content\/uploads\/2018\/05\/Gladys-Gonz\u00e1lez-y-Vinagre-patrullas-300x208.jpg 300w, https:\/\/www.elsindical.com.ar\/notas\/var\/www\/html\/notas\/wp-content\/uploads\/2018\/05\/Gladys-Gonz\u00e1lez-y-Vinagre-patrullas-768x533.jpg 768w, https:\/\/www.elsindical.com.ar\/notas\/var\/www\/html\/notas\/wp-content\/uploads\/2018\/05\/Gladys-Gonz\u00e1lez-y-Vinagre-patrullas-432x300.jpg 432w, https:\/\/www.elsindical.com.ar\/notas\/var\/www\/html\/notas\/wp-content\/uploads\/2018\/05\/Gladys-Gonz\u00e1lez-y-Vinagre-patrullas.jpg 960w\" sizes=\"auto, (max-width: 300px) 100vw, 300px\" \/><\/a><\/p>\n<p>Por Marcelo Ricardo Hawrylciw<\/p>\n","protected":false},"excerpt":{"rendered":"<p>\u00a0 La persona que padece de mitoman\u00eda siente que debe mentir porque necesita\u00a0cambiar su realidad para hacerla m\u00e1s tolerable. El mit\u00f3mano no miente como forma de consuelo o para mitigar los sentimientos de otros, miente sistem\u00e1ticamente falseando su realidad y puede llegar a ser un problema para toda la vida si no es tratado correctamente&hellip;<\/p>\n","protected":false},"author":1,"featured_media":78580,"comment_status":"open","ping_status":"open","sticky":false,"template":"","format":"standard","meta":{"footnotes":""},"categories":[10],"tags":[461,22169,984,19574,17822,28975,328,986],"class_list":["post-78579","post","type-post","status-publish","format-standard","has-post-thumbnail","hentry","category-editorial","tag-avellaneda","tag-cambiemos","tag-inseguridad","tag-marcelo-brunwald","tag-marcelo-frecha","tag-primicias","tag-pro","tag-vecinos"],"_links":{"self":[{"href":"https:\/\/www.elsindical.com.ar\/notas\/wp-json\/wp\/v2\/posts\/78579","targetHints":{"allow":["GET"]}}],"collection":[{"href":"https:\/\/www.elsindical.com.ar\/notas\/wp-json\/wp\/v2\/posts"}],"about":[{"href":"https:\/\/www.elsindical.com.ar\/notas\/wp-json\/wp\/v2\/types\/post"}],"author":[{"embeddable":true,"href":"https:\/\/www.elsindical.com.ar\/notas\/wp-json\/wp\/v2\/users\/1"}],"replies":[{"embeddable":true,"href":"https:\/\/www.elsindical.com.ar\/notas\/wp-json\/wp\/v2\/comments?post=78579"}],"version-history":[{"count":3,"href":"https:\/\/www.elsindical.com.ar\/notas\/wp-json\/wp\/v2\/posts\/78579\/revisions"}],"predecessor-version":[{"id":78584,"href":"https:\/\/www.elsindical.com.ar\/notas\/wp-json\/wp\/v2\/posts\/78579\/revisions\/78584"}],"wp:featuredmedia":[{"embeddable":true,"href":"https:\/\/www.elsindical.com.ar\/notas\/wp-json\/wp\/v2\/media\/78580"}],"wp:attachment":[{"href":"https:\/\/www.elsindical.com.ar\/notas\/wp-json\/wp\/v2\/media?parent=78579"}],"wp:term":[{"taxonomy":"category","embeddable":true,"href":"https:\/\/www.elsindical.com.ar\/notas\/wp-json\/wp\/v2\/categories?post=78579"},{"taxonomy":"post_tag","embeddable":true,"href":"https:\/\/www.elsindical.com.ar\/notas\/wp-json\/wp\/v2\/tags?post=78579"}],"curies":[{"name":"wp","href":"https:\/\/api.w.org\/{rel}","templated":true}]}}