{"id":78508,"date":"2018-05-23T00:36:12","date_gmt":"2018-05-23T03:36:12","guid":{"rendered":"http:\/\/www.elsindical.com.ar\/notas\/?p=78508"},"modified":"2018-05-23T00:36:12","modified_gmt":"2018-05-23T03:36:12","slug":"junin-le-disparo-a-su-ex-mujer-en-la-calle-y-luego-se-suicido","status":"publish","type":"post","link":"https:\/\/www.elsindical.com.ar\/notas\/junin-le-disparo-a-su-ex-mujer-en-la-calle-y-luego-se-suicido\/","title":{"rendered":"Jun\u00edn: Le dispar\u00f3 a su ex mujer en la calle y luego se suicido"},"content":{"rendered":"<p><em>\u00a0 \u00a0<a href=\"http:\/\/www.elsindical.com.ar\/notas\/var\/www\/html\/notas\/wp-content\/uploads\/2018\/05\/intento-de-femicidio-en-Jun\u00edn.jpeg\"><img loading=\"lazy\" decoding=\"async\" class=\"alignnone size-medium wp-image-78509\" src=\"http:\/\/www.elsindical.com.ar\/notas\/var\/www\/html\/notas\/wp-content\/uploads\/2018\/05\/intento-de-femicidio-en-Jun\u00edn-300x169.jpeg\" alt=\"\" width=\"300\" height=\"169\" srcset=\"https:\/\/www.elsindical.com.ar\/notas\/var\/www\/html\/notas\/wp-content\/uploads\/2018\/05\/intento-de-femicidio-en-Jun\u00edn-300x169.jpeg 300w, https:\/\/www.elsindical.com.ar\/notas\/var\/www\/html\/notas\/wp-content\/uploads\/2018\/05\/intento-de-femicidio-en-Jun\u00edn-768x432.jpeg 768w, https:\/\/www.elsindical.com.ar\/notas\/var\/www\/html\/notas\/wp-content\/uploads\/2018\/05\/intento-de-femicidio-en-Jun\u00edn-500x281.jpeg 500w, https:\/\/www.elsindical.com.ar\/notas\/var\/www\/html\/notas\/wp-content\/uploads\/2018\/05\/intento-de-femicidio-en-Jun\u00edn-460x260.jpeg 460w, https:\/\/www.elsindical.com.ar\/notas\/var\/www\/html\/notas\/wp-content\/uploads\/2018\/05\/intento-de-femicidio-en-Jun\u00edn.jpeg 970w\" sizes=\"auto, (max-width: 300px) 100vw, 300px\" \/><\/a>En Jun\u00edn, un hombre intent\u00f3 asesinar a su ex esposa a balazos en plena v\u00eda p\u00fablica. Luego del ataque, fue hasta su casa y se efectu\u00f3 un disparo en la sien. El sangriento episodio fue captado por las c\u00e1maras de seguridad de la zona.<\/em><\/p>\n<p>Un hombre hiri\u00f3\u00a0a balazos a su ex esposa, mientras ella iba a su trabajo, y se suicid\u00f3 en su casa, en la localidad bonaerense de Jun\u00edn, informaron fuentes judiciales.<\/p>\n<p>El hecho ocurri\u00f3\u00a0alrededor de las 18.15 de este martes en la calle 25 de Mayo y Bernardo de Irigoyen, en el citado distrito ubicado a unos 250 kil\u00f3metros de Capital Federal.<\/p>\n<p>Fuentes judiciales informaron\u00a0que todo comenz\u00f3 cuando la mujer, identificada como <strong>Luciana Dinardi<\/strong> (30), caminaba hacia su trabajo.<\/p>\n<p>En ese momento, desde un auto blanco que estaba estacionado a pocos metros descendi\u00f3 un hombre identificado como <strong>Fabi\u00e1n Daghon<\/strong> (54) que, sin mediar palabra, efectu\u00f3 tres disparos.<\/p>\n<p>Seg\u00fan las fuentes, la v\u00edctima recibi\u00f3 dos balazos en el abdomen y cay\u00f3 al piso herida, mientras que el agresor escap\u00f3.<\/p>\n<p>La mujer fue trasladada de urgencia por una ambulancia al hospital zonal y luego derivada a un sanatorio privado, donde esta noche continuaba internada pero fuera de peligro.<\/p>\n<p>En tanto, personal policial arrib\u00f3 al lugar y se entrevist\u00f3 con algunos testigos presenciales, a\u00f1adieron los voceros.<\/p>\n<p>Los investigadores determinaron que el Daghon era el ex esposo de la mujer, por lo que inmediatamente se dirigieron a su vivienda.<\/p>\n<p>Al llegar al inmueble, la Polic\u00eda ingres\u00f3 por la fuerza, dado que nadie contestaba, y encontr\u00f3 al hombre muerto con un disparo en la cabeza.<\/p>\n<p>El hecho es investigado por el fiscal <strong>Esteban Pedernera<\/strong>, a cargo de la Unidad Funcional de Instrucci\u00f3n (UFI) 8 del Departamento Judicial Jun\u00edn.<\/p>\n<p><iframe loading=\"lazy\" src=\"https:\/\/www.youtube.com\/embed\/gNLiPOsm6Ls\" width=\"580\" height=\"420\" frameborder=\"0\" allowfullscreen=\"allowfullscreen\"><span data-mce-type=\"bookmark\" style=\"display: inline-block; width: 0px; overflow: hidden; line-height: 0;\" class=\"mce_SELRES_start\">\ufeff<\/span><\/iframe><\/p>\n","protected":false},"excerpt":{"rendered":"<p>\u00a0 \u00a0En Jun\u00edn, un hombre intent\u00f3 asesinar a su ex esposa a balazos en plena v\u00eda p\u00fablica. Luego del ataque, fue hasta su casa y se efectu\u00f3 un disparo en la sien. El sangriento episodio fue captado por las c\u00e1maras de seguridad de la zona. Un hombre hiri\u00f3\u00a0a balazos a su ex esposa, mientras ella&hellip;<\/p>\n","protected":false},"author":1,"featured_media":78509,"comment_status":"open","ping_status":"open","sticky":false,"template":"","format":"standard","meta":{"footnotes":""},"categories":[22],"tags":[28951,9890,7748,28950],"class_list":["post-78508","post","type-post","status-publish","format-standard","has-post-thumbnail","hentry","category-policiales","tag-fabian-daghon","tag-femicidio","tag-junin","tag-luciana-dinardi"],"_links":{"self":[{"href":"https:\/\/www.elsindical.com.ar\/notas\/wp-json\/wp\/v2\/posts\/78508","targetHints":{"allow":["GET"]}}],"collection":[{"href":"https:\/\/www.elsindical.com.ar\/notas\/wp-json\/wp\/v2\/posts"}],"about":[{"href":"https:\/\/www.elsindical.com.ar\/notas\/wp-json\/wp\/v2\/types\/post"}],"author":[{"embeddable":true,"href":"https:\/\/www.elsindical.com.ar\/notas\/wp-json\/wp\/v2\/users\/1"}],"replies":[{"embeddable":true,"href":"https:\/\/www.elsindical.com.ar\/notas\/wp-json\/wp\/v2\/comments?post=78508"}],"version-history":[{"count":1,"href":"https:\/\/www.elsindical.com.ar\/notas\/wp-json\/wp\/v2\/posts\/78508\/revisions"}],"predecessor-version":[{"id":78510,"href":"https:\/\/www.elsindical.com.ar\/notas\/wp-json\/wp\/v2\/posts\/78508\/revisions\/78510"}],"wp:featuredmedia":[{"embeddable":true,"href":"https:\/\/www.elsindical.com.ar\/notas\/wp-json\/wp\/v2\/media\/78509"}],"wp:attachment":[{"href":"https:\/\/www.elsindical.com.ar\/notas\/wp-json\/wp\/v2\/media?parent=78508"}],"wp:term":[{"taxonomy":"category","embeddable":true,"href":"https:\/\/www.elsindical.com.ar\/notas\/wp-json\/wp\/v2\/categories?post=78508"},{"taxonomy":"post_tag","embeddable":true,"href":"https:\/\/www.elsindical.com.ar\/notas\/wp-json\/wp\/v2\/tags?post=78508"}],"curies":[{"name":"wp","href":"https:\/\/api.w.org\/{rel}","templated":true}]}}