{"id":78444,"date":"2018-05-20T21:40:17","date_gmt":"2018-05-21T00:40:17","guid":{"rendered":"http:\/\/www.elsindical.com.ar\/notas\/?p=78444"},"modified":"2018-05-20T21:40:17","modified_gmt":"2018-05-21T00:40:17","slug":"avellaneda-detienen-en-gerli-a-peligroso-delincuente-que-azolaba-el-barrio","status":"publish","type":"post","link":"https:\/\/www.elsindical.com.ar\/notas\/avellaneda-detienen-en-gerli-a-peligroso-delincuente-que-azolaba-el-barrio\/","title":{"rendered":"Avellaneda: Detienen en Gerli a peligroso delincuente que azolaba el barrio"},"content":{"rendered":"<p>Un peligroso delincuente, autor de varios robos a comercios de la zona de Gerli en Avellaneda, fue detenido en la fecha por personal de la comisar\u00eda 6ta de Avellaneda a cargo de Comisario Carlos Torrea, luego de que este implementara un servicio especial con polic\u00edas de civil en procura del delincuente oriundo de Villa Corina.<\/p>\n<p>El parte policial:<\/p>\n<p><a href=\"http:\/\/distritalavellaneda.com.ar\/wp-content\/uploads\/2018\/05\/dfdff.jpg\"><img loading=\"lazy\" decoding=\"async\" class=\"alignnone size-medium wp-image-21580\" src=\"http:\/\/distritalavellaneda.com.ar\/wp-content\/uploads\/2018\/05\/dfdff-300x205.jpg\" alt=\"\" width=\"300\" height=\"205\" \/><\/a>CRIA AVELLANEDA<br \/>\n6TA GERLI<br \/>\nFECHA 20\/05\/18<br \/>\nHORA 18.00 hs<br \/>\nEXTRACTO<br \/>\nLlevo a conocimiento del Sr Jefe que a ra\u00edz de los hechos de robo cometidos con fecha 04\/04\/18 ,06\/05\/18 y 13\/05\/18 donde resulta damnificada HELADER\u00cdA GRIDO sita calle Lacarra e\/ Cangallo y Campichuelo de este medio y en atenci\u00f3n que los mismos se cometieron en la franja horaria comprendida entre las 16.00 hs y 18.00 hs ,filmaciones obtenidas y observ\u00e1ndose que los hechos se llevaron a cabo los d\u00edas domingos por el.mismo sujeto con similar modus operandi el suscripto en la fecha,implememento operativo cerrojo con personal del gabinete de prevenci\u00f3n vistiendo ropas de civil quienes intensificaron\u00a0las recorridas sobre calle Lacarra y sus arterias aleda\u00f1as con el objeto de prevenir nuevos hechos de similares caracter\u00edsticas tanto en la helader\u00eda mencionada como as\u00ed dem\u00e1s comercios de la zona es que al pasar por frente a la helader\u00eda GRIDO antes mencionada observan salir a un sujeto vistiendo camiseta de club River Plate esgrimiendo senda arma de fuego en su mano quien al percatarse de la presencia policial emprende la huida corriendo por Lacarra hacia Campichuelo lugar donde detiene su huida y se da vuelta apuntando al personal policial logr\u00e1ndose su reducci\u00f3n y aprehensi\u00f3n.<\/p>\n<p>Se identifica al mismo como MAXIMILIANO ALEJANDRO MARTEL arg inst dolt 29 a\u00f1os ddo Centenario Uruguayo 1763 de Villa Corina DNI 34.081.668 .Se INCAUTA PISTOLA CAL 9 mm MARCA BROWNING CARGADOR CARTUCHOS MISMO CALIBRE NUMERACI\u00d3N SUPRIMIDA ( martillada ) y la suma de 1115 pesos producto del il\u00edcito cometido y automotor marca FIAT UNO BLANCO PATTE SAA-235 utilizado para cometer el hecho del d\u00eda de la fecha y los anteriores Mismo resulta reconocido por los empleados como el autor de los hechos anteriores Ut Supra mencionados<\/p>\n<p>Efectuada consulta el aprehendido posee PEDIDO DE CAPTURA POR ROBO AGRAVADO POR EMPLEO DE ARMA DE FUEGO EN CAUSA 4296 A SOLICITUD DE T.O.C NRO 3 DE LOMAS DE ZAMORA DE FECHA 08\/02\/2010 Y CAPTURA CAUSA NRO 35 POR EL DELITO DE USO DE DOCUMENTO FALSO A SOLICITUD DE UFI NRO 1DE Z\u00c1RATE CAMPANA SECUENCIA INTERNA 2588643.<\/p>\n<p>Mantenida comunicaci\u00f3n con Dra C\u00c1CERES titular de UFI NRO 3 de Avellaneda dispuso se labre IPP caratulada ROBO REITERADOS AGRAVADOS POR EMPLEO DE ARMA Y PORTACI\u00d3N ILEGAL DE ARMA DE GUERRA .<\/p>\n<p>Causante actuaciones y arma incautada d\u00eda de ma\u00f1ana 08.00 hs .<\/p>\n<p>FDO CARLOS TORREA COMISARIO<\/p>\n<p><a href=\"http:\/\/distritalavellaneda.com.ar\/wp-content\/uploads\/2018\/05\/WhatsApp-Image-2018-05-20-at-19.14.jpg\"><img loading=\"lazy\" decoding=\"async\" class=\"alignnone size-medium wp-image-21585\" src=\"http:\/\/distritalavellaneda.com.ar\/wp-content\/uploads\/2018\/05\/WhatsApp-Image-2018-05-20-at-19.14-300x169.jpg\" alt=\"\" width=\"300\" height=\"169\" \/><\/a> <a href=\"http:\/\/distritalavellaneda.com.ar\/wp-content\/uploads\/2018\/05\/fdfse.jpg\"><img loading=\"lazy\" decoding=\"async\" class=\"alignnone size-medium wp-image-21579\" src=\"http:\/\/distritalavellaneda.com.ar\/wp-content\/uploads\/2018\/05\/fdfse-300x201.jpg\" alt=\"\" width=\"300\" height=\"201\" \/><\/a> <a href=\"http:\/\/distritalavellaneda.com.ar\/wp-content\/uploads\/2018\/05\/jkflsljk.jpg\"><img loading=\"lazy\" decoding=\"async\" class=\"alignnone size-medium wp-image-21584\" src=\"http:\/\/distritalavellaneda.com.ar\/wp-content\/uploads\/2018\/05\/jkflsljk-300x208.jpg\" alt=\"\" width=\"300\" height=\"208\" \/><\/a> <a href=\"http:\/\/distritalavellaneda.com.ar\/wp-content\/uploads\/2018\/05\/gjdhjd.jpg\"><img loading=\"lazy\" decoding=\"async\" class=\"alignnone size-medium wp-image-21583\" src=\"http:\/\/distritalavellaneda.com.ar\/wp-content\/uploads\/2018\/05\/gjdhjd-231x300.jpg\" alt=\"\" width=\"231\" height=\"300\" \/><\/a> <a href=\"http:\/\/distritalavellaneda.com.ar\/wp-content\/uploads\/2018\/05\/feef.jpg\"><img loading=\"lazy\" decoding=\"async\" class=\"alignnone size-medium wp-image-21582\" src=\"http:\/\/distritalavellaneda.com.ar\/wp-content\/uploads\/2018\/05\/feef-247x300.jpg\" alt=\"\" width=\"247\" height=\"300\" \/><\/a> <a href=\"http:\/\/distritalavellaneda.com.ar\/wp-content\/uploads\/2018\/05\/fsdfsd.jpg\"><img loading=\"lazy\" decoding=\"async\" class=\"alignnone size-medium wp-image-21581\" src=\"http:\/\/distritalavellaneda.com.ar\/wp-content\/uploads\/2018\/05\/fsdfsd-300x210.jpg\" alt=\"\" width=\"300\" height=\"210\" \/><\/a> <a href=\"http:\/\/distritalavellaneda.com.ar\/wp-content\/uploads\/2018\/05\/sdadd.jpg\"><img loading=\"lazy\" decoding=\"async\" class=\"alignnone size-medium wp-image-21578\" src=\"http:\/\/distritalavellaneda.com.ar\/wp-content\/uploads\/2018\/05\/sdadd-300x165.jpg\" alt=\"\" width=\"300\" height=\"165\" \/><\/a><\/p>\n<p><strong>Fuente: <a href=\"https:\/\/departamentalavellanedalanuslomas.blogspot.com.ar\/\">Jefatura Departamental Avellaneda-Lan\u00fas-Lomas<\/a>\u00a0<\/strong><\/p>\n","protected":false},"excerpt":{"rendered":"<p>Un peligroso delincuente, autor de varios robos a comercios de la zona de Gerli en Avellaneda, fue detenido en la fecha por personal de la comisar\u00eda 6ta de Avellaneda a cargo de Comisario Carlos Torrea, luego de que este implementara un servicio especial con polic\u00edas de civil en procura del delincuente oriundo de Villa Corina.&hellip;<\/p>\n","protected":false},"author":1,"featured_media":78445,"comment_status":"open","ping_status":"open","sticky":false,"template":"","format":"standard","meta":{"footnotes":""},"categories":[22],"tags":[461,28925,22301,1662,23294,28926],"class_list":["post-78444","post","type-post","status-publish","format-standard","has-post-thumbnail","hentry","category-policiales","tag-avellaneda","tag-comisario-carlos-torrea","tag-comisario-mayor-javier-carlos-villar","tag-gerli","tag-jefatura-departamental-avellaneda-lanus-lomas","tag-robos-reiterados"],"_links":{"self":[{"href":"https:\/\/www.elsindical.com.ar\/notas\/wp-json\/wp\/v2\/posts\/78444","targetHints":{"allow":["GET"]}}],"collection":[{"href":"https:\/\/www.elsindical.com.ar\/notas\/wp-json\/wp\/v2\/posts"}],"about":[{"href":"https:\/\/www.elsindical.com.ar\/notas\/wp-json\/wp\/v2\/types\/post"}],"author":[{"embeddable":true,"href":"https:\/\/www.elsindical.com.ar\/notas\/wp-json\/wp\/v2\/users\/1"}],"replies":[{"embeddable":true,"href":"https:\/\/www.elsindical.com.ar\/notas\/wp-json\/wp\/v2\/comments?post=78444"}],"version-history":[{"count":1,"href":"https:\/\/www.elsindical.com.ar\/notas\/wp-json\/wp\/v2\/posts\/78444\/revisions"}],"predecessor-version":[{"id":78446,"href":"https:\/\/www.elsindical.com.ar\/notas\/wp-json\/wp\/v2\/posts\/78444\/revisions\/78446"}],"wp:featuredmedia":[{"embeddable":true,"href":"https:\/\/www.elsindical.com.ar\/notas\/wp-json\/wp\/v2\/media\/78445"}],"wp:attachment":[{"href":"https:\/\/www.elsindical.com.ar\/notas\/wp-json\/wp\/v2\/media?parent=78444"}],"wp:term":[{"taxonomy":"category","embeddable":true,"href":"https:\/\/www.elsindical.com.ar\/notas\/wp-json\/wp\/v2\/categories?post=78444"},{"taxonomy":"post_tag","embeddable":true,"href":"https:\/\/www.elsindical.com.ar\/notas\/wp-json\/wp\/v2\/tags?post=78444"}],"curies":[{"name":"wp","href":"https:\/\/api.w.org\/{rel}","templated":true}]}}