{"id":78401,"date":"2018-05-18T20:07:03","date_gmt":"2018-05-18T23:07:03","guid":{"rendered":"http:\/\/www.elsindical.com.ar\/notas\/?p=78401"},"modified":"2018-05-18T20:07:03","modified_gmt":"2018-05-18T23:07:03","slug":"dietrich-confirmo-el-aumento-del-transporte","status":"publish","type":"post","link":"https:\/\/www.elsindical.com.ar\/notas\/dietrich-confirmo-el-aumento-del-transporte\/","title":{"rendered":"Dietrich confirm\u00f3 el aumento del transporte"},"content":{"rendered":"<p><a href=\"http:\/\/www.elsindical.com.ar\/notas\/var\/www\/html\/notas\/wp-content\/uploads\/2018\/05\/Guillermo-Dietrich.jpg\"><img loading=\"lazy\" decoding=\"async\" class=\"alignnone size-medium wp-image-78402\" src=\"http:\/\/www.elsindical.com.ar\/notas\/var\/www\/html\/notas\/wp-content\/uploads\/2018\/05\/Guillermo-Dietrich-300x169.jpg\" alt=\"\" width=\"300\" height=\"169\" srcset=\"https:\/\/www.elsindical.com.ar\/notas\/var\/www\/html\/notas\/wp-content\/uploads\/2018\/05\/Guillermo-Dietrich-300x169.jpg 300w, https:\/\/www.elsindical.com.ar\/notas\/var\/www\/html\/notas\/wp-content\/uploads\/2018\/05\/Guillermo-Dietrich-768x433.jpg 768w, https:\/\/www.elsindical.com.ar\/notas\/var\/www\/html\/notas\/wp-content\/uploads\/2018\/05\/Guillermo-Dietrich-500x282.jpg 500w, https:\/\/www.elsindical.com.ar\/notas\/var\/www\/html\/notas\/wp-content\/uploads\/2018\/05\/Guillermo-Dietrich-460x260.jpg 460w, https:\/\/www.elsindical.com.ar\/notas\/var\/www\/html\/notas\/wp-content\/uploads\/2018\/05\/Guillermo-Dietrich.jpg 930w\" sizes=\"auto, (max-width: 300px) 100vw, 300px\" \/><\/a>\u00a0 El ministro de esa cartera confirm\u00f3 que en junio pr\u00f3ximo aumentar\u00e1n los valores de los boletos de colectivos y trenes. Al mismo tiempo inform\u00f3 que tambi\u00e9n se suma el incremento en el subte a pesar que la Justicia fren\u00f3 la decisi\u00f3n. Por otro lado, <em>\u201cno habr\u00e1 ning\u00fan recorte en ninguna obra que se haya empezado\u00bb.<\/em><\/p>\n<p>El ministro de Transporte, Guillermo Dietrich, confirm\u00f3 este viernes que en junio pr\u00f3ximo aumentar\u00e1n los valores de los boletos de colectivos y trenes, a los que tambi\u00e9n se sumar\u00e1n los viajes en subterr\u00e1neos, cuyo \u00faltimo incremento fue frenado por la Justicia.<\/p>\n<p><em>\u00abQueda un aumento anunciado a principios de a\u00f1o que es el de junio pr\u00f3ximo, que es una actualizaci\u00f3n gradual en tres etapas y eso es lo \u00fanico que existe con seguridad\u00bb<\/em>, indic\u00f3 el ministro a radio La Red.<\/p>\n<p>Consultado sobre si est\u00e1 previsto postergar el aumento de las tarifas de transporte p\u00fablico, como se hizo con las naftas, respondi\u00f3 que <em>\u00abno\u00bb<\/em>.<\/p>\n<p>De acuerdo con el cronograma previsto, la tarifa de subterr\u00e1neo costar\u00e1 $12,50 a partir del 1 de junio pr\u00f3ximo.<\/p>\n<p><strong>\u201cNo habr\u00e1 ning\u00fan recorte en ninguna obra que se haya empezado\u00bb<\/strong><\/p>\n<p>Por otra parte,\u00a0Dietrich\u00a0asegur\u00f3 que <em>\u201cno habr\u00e1 ning\u00fan recorte en ninguna obra p\u00fablica que se haya iniciado\u201d<\/em>, como consecuencia de la decisi\u00f3n del Gobierno de reducir el d\u00e9ficit fiscal y el gasto p\u00fablico.<\/p>\n<p><em>\u00abEstamos inyectando 5.000 millones de pesos al sistema para evitar demoras en los pagos\u201d<\/em>, asegur\u00f3 Dietrich y agreg\u00f3: <em>\u201cNo vamos a frenar ninguna obra empezada. Ya est\u00e1n en marcha los proyectos de participaci\u00f3n p\u00fablico privada, adem\u00e1s de otros 200 kil\u00f3metros de pavimentaci\u00f3n de calles en el Conurbano, donde participan 7 empresas, m\u00e1s 4 corredores de Metrobus\u201d<\/em>.<\/p>\n<p>Dietrich confirm\u00f3 esto en una reuni\u00f3n con las principales autoridades de la C\u00e1mara Argentina de la Construcci\u00f3n (CAC), a quienes les asegur\u00f3 que continuar\u00e1n ejecut\u00e1ndose todas las obras de infraestructura de su cartera al ritmo previsto durante este a\u00f1o.<\/p>\n<p>Anunci\u00f3 adem\u00e1s que se convocar\u00e1 a nuevas licitaciones para proyectos bajo la modalidad de Participaci\u00f3n P\u00fablica Privada (PPP).<\/p>\n<p>El ministro explic\u00f3 que<em> \u201cse van a cambiar m\u00e1s obras de PPP por menos obras de las nuevas financiadas por el Tesoro, de manera que eso nos va a ayudar a converger al d\u00e9ficit de 2,7 por ciento planteado por el Gobierno\u201d<\/em>.<\/p>\n<p>El pasado jueves se realiz\u00f3 la primera licitaci\u00f3n dentro del esquema de participaci\u00f3n p\u00fablico-privada, donde se recibieron ofertas 33 por ciento por debajo de los precios proyectados.<\/p>\n<p>En la reuni\u00f3n estuvieron presentes, en representaci\u00f3n de la CAC, los empresarios Juan Chediack, Franco Paolini, Jose Collazo, Luis Losi y Pablo Quantin, entre otros.<\/p>\n<p>El Ministerio de <a href=\"https:\/\/www.cronica.com.ar\/tags\/Transporte\">Transporte<\/a> tiene en marcha obras en 14 mil kil\u00f3metros de rutas, aeropuertos, trenes, transporte p\u00fablico y puertos de todo el pa\u00eds.<\/p>\n<p>Fuentes de la cartera de <a href=\"https:\/\/www.cronica.com.ar\/tags\/Transporte\">Transporte<\/a> resaltaron que el primer cuatrimestre del a\u00f1o cerr\u00f3 con 222.644 toneladas de asfalto vial rompiendo un nuevo r\u00e9cord hist\u00f3rico: <em>\u201cEl despacho de asfalto vial fue en abril un 46 por ciento superior al del mismo mes del a\u00f1o pasado y un 196 por ciento mayor al de abril; en tanto que el de cemento fue un 13 por ciento y un 25 por ciento en comparaci\u00f3n con los mismos per\u00edodos\u201d<\/em>.<\/p>\n<p>Por su parte, en los trenes metropolitanos se est\u00e1n renovando v\u00edas y se mejorar\u00e1n 45 estaciones m\u00e1s, se inaugurar\u00e1n 6 nuevos pasos bajo nivel en los pr\u00f3ximos 7 meses y se est\u00e1 avanzando en la colocaci\u00f3n de frenado autom\u00e1tico en todas las l\u00edneas.<\/p>\n<p>En el tren de cargas, se renovaron ya m\u00e1s de 450 kil\u00f3metros de v\u00edas en el Belgrano, mientras que otros 550 est\u00e1n en plena ejecuci\u00f3n, y se har\u00e1n la circunvalaci\u00f3n de la ciudad a Santa fe y nuevos accesos a los puertos del Gran Rosario.<\/p>\n<p>Por \u00faltimo recordaron que ayer se abrieron las ofertas econ\u00f3micas para la transformaci\u00f3n de m\u00e1s 3.300 kil\u00f3metros de rutas nacionales, que implican una inversi\u00f3n total de cerca de 8.000 millones de d\u00f3lares, de los cuales 6.000 millones se invertir\u00e1n en los primeros cuatro a\u00f1os para transformar la nueva Red de Autopistas y Rutas Seguras.<\/p>\n<p>Las obras para toda la red generar\u00e1n m\u00e1s de 50.000 empleos directos e indirectos, y reducir\u00e1n accidentes en casi un 70 por ciento.<\/p>\n","protected":false},"excerpt":{"rendered":"<p>\u00a0 El ministro de esa cartera confirm\u00f3 que en junio pr\u00f3ximo aumentar\u00e1n los valores de los boletos de colectivos y trenes. Al mismo tiempo inform\u00f3 que tambi\u00e9n se suma el incremento en el subte a pesar que la Justicia fren\u00f3 la decisi\u00f3n. Por otro lado, \u201cno habr\u00e1 ning\u00fan recorte en ninguna obra que se haya&hellip;<\/p>\n","protected":false},"author":1,"featured_media":78402,"comment_status":"open","ping_status":"open","sticky":false,"template":"","format":"standard","meta":{"footnotes":""},"categories":[9],"tags":[8342,22023,13374,765],"class_list":["post-78401","post","type-post","status-publish","format-standard","has-post-thumbnail","hentry","category-economia","tag-aumento-tarifas","tag-economia","tag-guillermo-dietrich","tag-obras"],"_links":{"self":[{"href":"https:\/\/www.elsindical.com.ar\/notas\/wp-json\/wp\/v2\/posts\/78401","targetHints":{"allow":["GET"]}}],"collection":[{"href":"https:\/\/www.elsindical.com.ar\/notas\/wp-json\/wp\/v2\/posts"}],"about":[{"href":"https:\/\/www.elsindical.com.ar\/notas\/wp-json\/wp\/v2\/types\/post"}],"author":[{"embeddable":true,"href":"https:\/\/www.elsindical.com.ar\/notas\/wp-json\/wp\/v2\/users\/1"}],"replies":[{"embeddable":true,"href":"https:\/\/www.elsindical.com.ar\/notas\/wp-json\/wp\/v2\/comments?post=78401"}],"version-history":[{"count":1,"href":"https:\/\/www.elsindical.com.ar\/notas\/wp-json\/wp\/v2\/posts\/78401\/revisions"}],"predecessor-version":[{"id":78403,"href":"https:\/\/www.elsindical.com.ar\/notas\/wp-json\/wp\/v2\/posts\/78401\/revisions\/78403"}],"wp:featuredmedia":[{"embeddable":true,"href":"https:\/\/www.elsindical.com.ar\/notas\/wp-json\/wp\/v2\/media\/78402"}],"wp:attachment":[{"href":"https:\/\/www.elsindical.com.ar\/notas\/wp-json\/wp\/v2\/media?parent=78401"}],"wp:term":[{"taxonomy":"category","embeddable":true,"href":"https:\/\/www.elsindical.com.ar\/notas\/wp-json\/wp\/v2\/categories?post=78401"},{"taxonomy":"post_tag","embeddable":true,"href":"https:\/\/www.elsindical.com.ar\/notas\/wp-json\/wp\/v2\/tags?post=78401"}],"curies":[{"name":"wp","href":"https:\/\/api.w.org\/{rel}","templated":true}]}}