{"id":78367,"date":"2018-05-17T13:25:24","date_gmt":"2018-05-17T16:25:24","guid":{"rendered":"http:\/\/www.elsindical.com.ar\/notas\/?p=78367"},"modified":"2018-05-17T13:25:24","modified_gmt":"2018-05-17T16:25:24","slug":"murio-alberto-roberti-dirigente-sindical-petrolero","status":"publish","type":"post","link":"https:\/\/www.elsindical.com.ar\/notas\/murio-alberto-roberti-dirigente-sindical-petrolero\/","title":{"rendered":"Muri\u00f3 Alberto Roberti, dirigente sindical petrolero"},"content":{"rendered":"<p><em><a href=\"http:\/\/www.elsindical.com.ar\/notas\/var\/www\/html\/notas\/wp-content\/uploads\/2011\/02\/Alberto-Roberti-2.jpg\"><img loading=\"lazy\" decoding=\"async\" class=\"alignnone size-medium wp-image-12138\" src=\"http:\/\/www.elsindical.com.ar\/notas\/var\/www\/html\/notas\/wp-content\/uploads\/2011\/02\/Alberto-Roberti-2-288x300.jpg\" alt=\"\" width=\"288\" height=\"300\" srcset=\"https:\/\/www.elsindical.com.ar\/notas\/var\/www\/html\/notas\/wp-content\/uploads\/2011\/02\/Alberto-Roberti-2-288x300.jpg 288w, https:\/\/www.elsindical.com.ar\/notas\/var\/www\/html\/notas\/wp-content\/uploads\/2011\/02\/Alberto-Roberti-2.jpg 325w\" sizes=\"auto, (max-width: 288px) 100vw, 288px\" \/><\/a>\u00a0 Se trata del extitular la Federaci\u00f3n Argentina Sindical del Petr\u00f3leo, Gas y Biocombustibles y diputado nacional por el Justicialismo.<\/em><\/p>\n<p>Falleci\u00f3 este jueves el dirigente gremial<strong> Alberto Roberti<\/strong>, quien fuera durante a\u00f1os Secretario General de la Federaci\u00f3n Argentina Sindical del Petr\u00f3leo, Gas y Biocombustibles.<\/p>\n<p>Roberti actualmente era diputado nacional por el bloque Justicialista con mandato hasta 2019 y <strong>presid\u00eda la Comisi\u00f3n de Legislaci\u00f3n del Trabajo<\/strong>, un \u00e1mbito que ser\u00e1 clave en la negociaci\u00f3n por los proyectos de reforma laboral que impuls\u00f3 el gobierno.<\/p>\n<p>En marzo de este a\u00f1o, <strong>hab\u00eda renunciado a su cargo en la Federaci\u00f3n del Petr\u00f3leo<\/strong> solicitando a la comisi\u00f3n directiva del gremio que se le conceda una \u201clicencia con goce de haberes\u201d a todos sus cargos en la Federaci\u00f3n, la mutual, obra social, fundaci\u00f3n y otras instituciones relacionadas con la organizaci\u00f3n.<\/p>\n","protected":false},"excerpt":{"rendered":"<p>\u00a0 Se trata del extitular la Federaci\u00f3n Argentina Sindical del Petr\u00f3leo, Gas y Biocombustibles y diputado nacional por el Justicialismo. Falleci\u00f3 este jueves el dirigente gremial Alberto Roberti, quien fuera durante a\u00f1os Secretario General de la Federaci\u00f3n Argentina Sindical del Petr\u00f3leo, Gas y Biocombustibles. Roberti actualmente era diputado nacional por el bloque Justicialista con mandato&hellip;<\/p>\n","protected":false},"author":1,"featured_media":12138,"comment_status":"open","ping_status":"open","sticky":false,"template":"","format":"standard","meta":{"footnotes":""},"categories":[24],"tags":[5810,3012,5986,12692],"class_list":["post-78367","post","type-post","status-publish","format-standard","has-post-thumbnail","hentry","category-sociales","tag-alberto-roberti","tag-diputado","tag-gremialista","tag-monica-lopez"],"_links":{"self":[{"href":"https:\/\/www.elsindical.com.ar\/notas\/wp-json\/wp\/v2\/posts\/78367","targetHints":{"allow":["GET"]}}],"collection":[{"href":"https:\/\/www.elsindical.com.ar\/notas\/wp-json\/wp\/v2\/posts"}],"about":[{"href":"https:\/\/www.elsindical.com.ar\/notas\/wp-json\/wp\/v2\/types\/post"}],"author":[{"embeddable":true,"href":"https:\/\/www.elsindical.com.ar\/notas\/wp-json\/wp\/v2\/users\/1"}],"replies":[{"embeddable":true,"href":"https:\/\/www.elsindical.com.ar\/notas\/wp-json\/wp\/v2\/comments?post=78367"}],"version-history":[{"count":1,"href":"https:\/\/www.elsindical.com.ar\/notas\/wp-json\/wp\/v2\/posts\/78367\/revisions"}],"predecessor-version":[{"id":78368,"href":"https:\/\/www.elsindical.com.ar\/notas\/wp-json\/wp\/v2\/posts\/78367\/revisions\/78368"}],"wp:featuredmedia":[{"embeddable":true,"href":"https:\/\/www.elsindical.com.ar\/notas\/wp-json\/wp\/v2\/media\/12138"}],"wp:attachment":[{"href":"https:\/\/www.elsindical.com.ar\/notas\/wp-json\/wp\/v2\/media?parent=78367"}],"wp:term":[{"taxonomy":"category","embeddable":true,"href":"https:\/\/www.elsindical.com.ar\/notas\/wp-json\/wp\/v2\/categories?post=78367"},{"taxonomy":"post_tag","embeddable":true,"href":"https:\/\/www.elsindical.com.ar\/notas\/wp-json\/wp\/v2\/tags?post=78367"}],"curies":[{"name":"wp","href":"https:\/\/api.w.org\/{rel}","templated":true}]}}