{"id":78362,"date":"2018-05-17T09:13:39","date_gmt":"2018-05-17T12:13:39","guid":{"rendered":"http:\/\/www.elsindical.com.ar\/notas\/?p=78362"},"modified":"2018-05-17T09:13:39","modified_gmt":"2018-05-17T12:13:39","slug":"macri-indico-que-deben-acelerar-la-reduccion-del-deficit-fiscal","status":"publish","type":"post","link":"https:\/\/www.elsindical.com.ar\/notas\/macri-indico-que-deben-acelerar-la-reduccion-del-deficit-fiscal\/","title":{"rendered":"Macri indic\u00f3 que deben \u201cacelerar\u201d la reducci\u00f3n del d\u00e9ficit fiscal"},"content":{"rendered":"<p><em><a href=\"http:\/\/www.elsindical.com.ar\/notas\/var\/www\/html\/notas\/wp-content\/uploads\/2018\/05\/Mauricio-Macri-conferencia-sobre-FMI.jpg\"><img loading=\"lazy\" decoding=\"async\" class=\"alignnone size-medium wp-image-78363\" src=\"http:\/\/www.elsindical.com.ar\/notas\/var\/www\/html\/notas\/wp-content\/uploads\/2018\/05\/Mauricio-Macri-conferencia-sobre-FMI-300x141.jpg\" alt=\"\" width=\"300\" height=\"141\" srcset=\"https:\/\/www.elsindical.com.ar\/notas\/var\/www\/html\/notas\/wp-content\/uploads\/2018\/05\/Mauricio-Macri-conferencia-sobre-FMI-300x141.jpg 300w, https:\/\/www.elsindical.com.ar\/notas\/var\/www\/html\/notas\/wp-content\/uploads\/2018\/05\/Mauricio-Macri-conferencia-sobre-FMI-500x234.jpg 500w, https:\/\/www.elsindical.com.ar\/notas\/var\/www\/html\/notas\/wp-content\/uploads\/2018\/05\/Mauricio-Macri-conferencia-sobre-FMI.jpg 640w\" sizes=\"auto, (max-width: 300px) 100vw, 300px\" \/><\/a>\u00a0 El Presidente lo manifest\u00f3 en una conferencia de prensa que brind\u00f3 en la Quinta de Olivos. Tambi\u00e9n dio por \u201csuperada\u201d la \u201cturbulencia cambiaria\u201d y justific\u00f3 el acuerdo que pretende con el FMI. \u00abNo hay agendas ni negociaciones ocultas\u00bb, asever\u00f3.<\/em><\/p>\n<p>El presidente Mauricio Macri consider\u00f3 que \u00ablo m\u00e1s importante es reducir el d\u00e9ficit fiscal\u00bb y advirti\u00f3 que \u201chay que acelerar esa tarea entre todos\u201d, al ofrecer una conferencia de prensa en la Quinta de Olivos.<\/p>\n<p>Sostuvo que los gobernadores y los legisladores nacionales de diferentes sectores pol\u00edticos, junto al Gobierno, tienen que \u201csentarse alrededor de una mesa y hacer un gran acuerdo para terminar esta historia del d\u00e9ficit fiscal con parches y mentiras\u201d.<\/p>\n<p>D\u00f3lar. En la rueda de prensa, Macri tambi\u00e9n dio por \u00absuperada\u00bb a la \u00abturbulencia cambiaria\u00bb y se\u00f1al\u00f3 que \u201ces importante reconocer el momento de nerviosismo que se vivi\u00f3 en varios sectores de la poblaci\u00f3n, donde hubo miedo y angustia\u201d.<\/p>\n<p>En este marco, apunt\u00f3 que el \u201cobjetivo fundamental\u201d de su gobierno \u201csigue siendo bajar la inflaci\u00f3n\u201d, aunque \u201csin poner metas tan ambiciosas\u201d, ya que \u201ctiene que ser algo que tenga coherencia con la baja del d\u00e9ficit fiscal\u201d.<\/p>\n<p>Afirm\u00f3 luego que el Gobierno va a estar \u201cmuy atento a las avivadas\u201d en los aumentos de precios al consumidor tras la subida del d\u00f3lar.<\/p>\n<p>FMI. Asimismo, defendi\u00f3 la negociaci\u00f3n iniciada con el Fondo Monetario Internacional (FMI) porque \u201ces para asegurar el futuro de los argentinos\u201d.<\/p>\n<p>Ratific\u00f3 la continuidad de su equipo econ\u00f3mico porque evalu\u00f3 que actu\u00f3 con \u201cseriedad y profesionalismo\u201d y asegur\u00f3 que encar\u00f3 una negociaci\u00f3n \u201cprofesional y t\u00e9cnica\u201d con el FMI.<\/p>\n<p>\u00abEl Fondo no nos va a condicionar y no se meten con nuestra legislaci\u00f3n ni con el tipo de cambio. No hay agendas ni negociaciones ocultas\u00bb, sentenci\u00f3.<\/p>\n","protected":false},"excerpt":{"rendered":"<p>\u00a0 El Presidente lo manifest\u00f3 en una conferencia de prensa que brind\u00f3 en la Quinta de Olivos. Tambi\u00e9n dio por \u201csuperada\u201d la \u201cturbulencia cambiaria\u201d y justific\u00f3 el acuerdo que pretende con el FMI. \u00abNo hay agendas ni negociaciones ocultas\u00bb, asever\u00f3. El presidente Mauricio Macri consider\u00f3 que \u00ablo m\u00e1s importante es reducir el d\u00e9ficit fiscal\u00bb y&hellip;<\/p>\n","protected":false},"author":1,"featured_media":78363,"comment_status":"open","ping_status":"open","sticky":false,"template":"","format":"standard","meta":{"footnotes":""},"categories":[13],"tags":[23350,8512,6925,76],"class_list":["post-78362","post","type-post","status-publish","format-standard","has-post-thumbnail","hentry","category-politica","tag-deficit-fiscal","tag-dolar","tag-fmi","tag-mauricio-macri"],"_links":{"self":[{"href":"https:\/\/www.elsindical.com.ar\/notas\/wp-json\/wp\/v2\/posts\/78362","targetHints":{"allow":["GET"]}}],"collection":[{"href":"https:\/\/www.elsindical.com.ar\/notas\/wp-json\/wp\/v2\/posts"}],"about":[{"href":"https:\/\/www.elsindical.com.ar\/notas\/wp-json\/wp\/v2\/types\/post"}],"author":[{"embeddable":true,"href":"https:\/\/www.elsindical.com.ar\/notas\/wp-json\/wp\/v2\/users\/1"}],"replies":[{"embeddable":true,"href":"https:\/\/www.elsindical.com.ar\/notas\/wp-json\/wp\/v2\/comments?post=78362"}],"version-history":[{"count":1,"href":"https:\/\/www.elsindical.com.ar\/notas\/wp-json\/wp\/v2\/posts\/78362\/revisions"}],"predecessor-version":[{"id":78364,"href":"https:\/\/www.elsindical.com.ar\/notas\/wp-json\/wp\/v2\/posts\/78362\/revisions\/78364"}],"wp:featuredmedia":[{"embeddable":true,"href":"https:\/\/www.elsindical.com.ar\/notas\/wp-json\/wp\/v2\/media\/78363"}],"wp:attachment":[{"href":"https:\/\/www.elsindical.com.ar\/notas\/wp-json\/wp\/v2\/media?parent=78362"}],"wp:term":[{"taxonomy":"category","embeddable":true,"href":"https:\/\/www.elsindical.com.ar\/notas\/wp-json\/wp\/v2\/categories?post=78362"},{"taxonomy":"post_tag","embeddable":true,"href":"https:\/\/www.elsindical.com.ar\/notas\/wp-json\/wp\/v2\/tags?post=78362"}],"curies":[{"name":"wp","href":"https:\/\/api.w.org\/{rel}","templated":true}]}}