{"id":78359,"date":"2018-05-17T09:10:10","date_gmt":"2018-05-17T12:10:10","guid":{"rendered":"http:\/\/www.elsindical.com.ar\/notas\/?p=78359"},"modified":"2018-05-17T09:10:10","modified_gmt":"2018-05-17T12:10:10","slug":"el-vaticano-cuestiono-las-cuentas-off-shore-y-advirtio-sobre-la-especulacion-financiera","status":"publish","type":"post","link":"https:\/\/www.elsindical.com.ar\/notas\/el-vaticano-cuestiono-las-cuentas-off-shore-y-advirtio-sobre-la-especulacion-financiera\/","title":{"rendered":"El Vaticano cuestion\u00f3 las cuentas off-shore y advirti\u00f3 sobre la \u00abespeculaci\u00f3n\u00bb financiera"},"content":{"rendered":"<p><em><span class=\"text description col-xs-8 col-lg-9\">\u00a0<a href=\"http:\/\/www.elsindical.com.ar\/notas\/var\/www\/html\/notas\/wp-content\/uploads\/2018\/05\/Plaza-San-Pedro-Vaticano.jpg\"><img loading=\"lazy\" decoding=\"async\" class=\"alignnone size-medium wp-image-78360\" src=\"http:\/\/www.elsindical.com.ar\/notas\/var\/www\/html\/notas\/wp-content\/uploads\/2018\/05\/Plaza-San-Pedro-Vaticano-300x167.jpg\" alt=\"\" width=\"300\" height=\"167\" srcset=\"https:\/\/www.elsindical.com.ar\/notas\/var\/www\/html\/notas\/wp-content\/uploads\/2018\/05\/Plaza-San-Pedro-Vaticano-300x167.jpg 300w, https:\/\/www.elsindical.com.ar\/notas\/var\/www\/html\/notas\/wp-content\/uploads\/2018\/05\/Plaza-San-Pedro-Vaticano-768x427.jpg 768w, https:\/\/www.elsindical.com.ar\/notas\/var\/www\/html\/notas\/wp-content\/uploads\/2018\/05\/Plaza-San-Pedro-Vaticano-500x278.jpg 500w, https:\/\/www.elsindical.com.ar\/notas\/var\/www\/html\/notas\/wp-content\/uploads\/2018\/05\/Plaza-San-Pedro-Vaticano.jpg 900w\" sizes=\"auto, (max-width: 300px) 100vw, 300px\" \/><\/a> En el escrito, la Santa Sede hace hincapi\u00e9 en \u00abla impelente necesidad de una adecuada regulaci\u00f3n, que conjugue al mismo tiempo libertad y tutela de todos los sujetos que en ella operan en r\u00e9gimen de una sana y correcta interacci\u00f3n, especialmente de los m\u00e1s vulnerables\u00bb.<\/span><\/em><\/p>\n<p>El <strong>Vaticano<\/strong> reclam\u00f3 acciones de control sobre el sistema financiero porque el mercado \u00ab<strong>es incapaz de regularse a s\u00ed mismo<\/strong>\u00ab, al tiempo que advirti\u00f3 sobre la \u00ab<strong>especulaci\u00f3n<\/strong>\u00bb que hacen los fondos de inversi\u00f3n sobre los t\u00edtulos de deuda p\u00fablica en el mundo.<\/p>\n<p>\u00abLa experiencia de las \u00faltimas d\u00e9cadas ha demostrado con evidencia, por un lado, lo ingenua que es la confianza en una autosuficiencia distributiva de los mercados, independiente de toda \u00e9tica\u00bb, critic\u00f3 la Santa Sede a trav\u00e9s del documento \u00ab<strong>Oeconomicae et pecuniariae quaestiones<\/strong>\u00bb (Consideraciones para un discernimiento \u00e9tico sobre algunos aspectos del actual sistema econ\u00f3mico y financiero\u00bb).<\/p>\n<p>El texto producido por el Dicasterio para el Servicio del Desarrollo Humano Integral y la Congregaci\u00f3n para la Doctrina de la Fe fue aprobado y \u00abordenada su publicaci\u00f3n\u00bb por el papa Francisco seg\u00fan indica el material de 34 puntos divulgado hoy.<\/p>\n<p>En el escrito, la Santa Sede hace hincapi\u00e9 en \u00abla impelente necesidad de una adecuada regulaci\u00f3n, que conjugue al mismo tiempo libertad y tutela de todos los sujetos que en ella operan en r\u00e9gimen de una sana y correcta interacci\u00f3n, especialmente de los m\u00e1s vulnerables\u00bb.<\/p>\n<p>\u00ab<strong>Ese potente propulsor de la econom\u00eda que son los mercados es incapaz de regularse por s\u00ed mismo<\/strong>\u00ab, advierte el documento.<\/p>\n<p>\u00abDe hecho, estos no son capaces de generar los fundamentos que les permitan funcionar regularmente (cohesi\u00f3n social, honestidad, confianza, seguridad, leyes&#8230;), ni de corregir los efectos externos negativos (diseconomy) para la sociedad humana (desigualdades, asimetr\u00edas, degradaci\u00f3n ambiental, inseguridad social, fraude&#8230;)\u00bb, plantea.<\/p>\n<p>\u00abEn este sentido, hay que destacar que en el mundo econ\u00f3mico y financiero se dan casos en los cuales algunos de los medios utilizados por los mercados, aunque no sean en s\u00ed mismos inaceptables desde un punto de vista \u00e9tico, constituyen sin embargo casos de inmoralidad pr\u00f3xima\u00bb, critica.<\/p>\n<p>\u00abEn este sentido, los poderes pol\u00edticos y econ\u00f3mico-financieros deben siempre mantenerse distintos y aut\u00f3nomos y al mismo tiempo orientarse, m\u00e1s all\u00e1 de todas complicidad nociva, a la realizaci\u00f3n de un bien que es tendencialmente com\u00fan y no reservado a pocos sujetos privilegiados\u00bb, reclama el escrito con fecha 6 de enero.<\/p>\n<p>A lo largo de un pantallazo sobre el funcionamiento del sistema econ\u00f3mico-financiero internacional, el documento lamenta que, \u00ablo que hab\u00eda sido tristemente vaticinado hace m\u00e1s de un siglo, por desgracia, ahora se ha hecho realidad: el rendimiento del capital asecha de cerca y amenaza con suplantar la renta del trabajo\u00bb.<\/p>\n<p>\u00abEsta pr\u00e1ctica es particularmente deplorable, desde el punto de vista moral, cuando unos pocos, por ejemplo importantes fondos de inversi\u00f3n, intentan obtener beneficios, mediante una especulaci\u00f3n encaminada a provocar disminuciones artificiales de los precios de los t\u00edtulos de la deuda p\u00fablica\u00bb, mostr\u00f3 con preocupaci\u00f3n la Santa Sede.<\/p>\n<p>Esa situaci\u00f3n se da, de acuerdo al documento dado a conocer por el cardenal ghan\u00e9s Peter Turkson, \u00absin preocuparse de afectar negativamente o agravar la situaci\u00f3n econ\u00f3mica de pa\u00edses enteros, poniendo en peligro no s\u00f3lo los proyectos p\u00fablicos de saneamiento econ\u00f3mico sino la misma estabilidad econ\u00f3mica de millones de familias\u00bb.<\/p>\n<p>As\u00ed, se obliga \u00abal mismo tiempo a las autoridades gubernamentales a intervenir con grandes cantidades de dinero p\u00fablico, y llegando incluso a determinar artificialmente el funcionamiento adecuado de los sistemas pol\u00edticos\u00bb, critica el Vaticano.<\/p>\n<p>En el texto, si bien reconoce la utilidad que tuvieron las sedes offshore para evitar la doble imposici\u00f3n sobre algunas empresas, el Vaticano advierte con preocupaci\u00f3n que \u00abno es posible ignorar que esas sedes offshore se han convertido en lugares de lavado de dinero \u00absucio\u00bb, es decir, fruto de ganancias il\u00edcitas (robo, fraude, corrupci\u00f3n, asociaci\u00f3n criminal, mafia, bot\u00edn de guerra&#8230;)\u00bb.<\/p>\n<p>\u00abDada la falta de transparencia de esos sistemas es dif\u00edcil determinar con precisi\u00f3n la cantidad de capital que pasa a trav\u00e9s de ellos\u00bb, reconoce.<\/p>\n<p>\u00abSin embargo, se ha calculado que bastar\u00eda un impuesto m\u00ednimo sobre las transacciones offshore para resolver gran parte del problema del hambre en el mundo: \u00bfpor qu\u00e9 no hacerlo con valent\u00eda?\u00bb, reclama en ese punto.<\/p>\n<p>Totalmente cr\u00edtico con una parte del sistema financiero volcado a la especulaci\u00f3n, el Vaticano asegura que \u00abes asimismo evidente que la libertad de la que gozan, hoy en d\u00eda, los agentes econ\u00f3micos, entendida en modo absoluto y separado de su intr\u00ednseca referencia a la verdad y al bien, tiende a generar centros de supremac\u00eda y a inclinarse hacia formas de oligarqu\u00eda, que en \u00faltima instancia perjudican la eficiencia misma del sistema econ\u00f3mico\u00bb.<\/p>\n","protected":false},"excerpt":{"rendered":"<p>\u00a0 En el escrito, la Santa Sede hace hincapi\u00e9 en \u00abla impelente necesidad de una adecuada regulaci\u00f3n, que conjugue al mismo tiempo libertad y tutela de todos los sujetos que en ella operan en r\u00e9gimen de una sana y correcta interacci\u00f3n, especialmente de los m\u00e1s vulnerables\u00bb. El Vaticano reclam\u00f3 acciones de control sobre el sistema&hellip;<\/p>\n","protected":false},"author":1,"featured_media":78360,"comment_status":"open","ping_status":"open","sticky":false,"template":"","format":"standard","meta":{"footnotes":""},"categories":[25],"tags":[1451,2282,28897,22023,2213],"class_list":["post-78359","post","type-post","status-publish","format-standard","has-post-thumbnail","hentry","category-sociedad","tag-corrupcion","tag-criticas","tag-documento","tag-economia","tag-vaticano"],"_links":{"self":[{"href":"https:\/\/www.elsindical.com.ar\/notas\/wp-json\/wp\/v2\/posts\/78359","targetHints":{"allow":["GET"]}}],"collection":[{"href":"https:\/\/www.elsindical.com.ar\/notas\/wp-json\/wp\/v2\/posts"}],"about":[{"href":"https:\/\/www.elsindical.com.ar\/notas\/wp-json\/wp\/v2\/types\/post"}],"author":[{"embeddable":true,"href":"https:\/\/www.elsindical.com.ar\/notas\/wp-json\/wp\/v2\/users\/1"}],"replies":[{"embeddable":true,"href":"https:\/\/www.elsindical.com.ar\/notas\/wp-json\/wp\/v2\/comments?post=78359"}],"version-history":[{"count":1,"href":"https:\/\/www.elsindical.com.ar\/notas\/wp-json\/wp\/v2\/posts\/78359\/revisions"}],"predecessor-version":[{"id":78361,"href":"https:\/\/www.elsindical.com.ar\/notas\/wp-json\/wp\/v2\/posts\/78359\/revisions\/78361"}],"wp:featuredmedia":[{"embeddable":true,"href":"https:\/\/www.elsindical.com.ar\/notas\/wp-json\/wp\/v2\/media\/78360"}],"wp:attachment":[{"href":"https:\/\/www.elsindical.com.ar\/notas\/wp-json\/wp\/v2\/media?parent=78359"}],"wp:term":[{"taxonomy":"category","embeddable":true,"href":"https:\/\/www.elsindical.com.ar\/notas\/wp-json\/wp\/v2\/categories?post=78359"},{"taxonomy":"post_tag","embeddable":true,"href":"https:\/\/www.elsindical.com.ar\/notas\/wp-json\/wp\/v2\/tags?post=78359"}],"curies":[{"name":"wp","href":"https:\/\/api.w.org\/{rel}","templated":true}]}}