{"id":78356,"date":"2018-05-17T02:14:15","date_gmt":"2018-05-17T05:14:15","guid":{"rendered":"http:\/\/www.elsindical.com.ar\/notas\/?p=78356"},"modified":"2018-05-17T02:14:15","modified_gmt":"2018-05-17T05:14:15","slug":"avellaneda-reunion-de-vecinos-en-la-comisaria-4ta-de-sarandi-por-la-seguridad","status":"publish","type":"post","link":"https:\/\/www.elsindical.com.ar\/notas\/avellaneda-reunion-de-vecinos-en-la-comisaria-4ta-de-sarandi-por-la-seguridad\/","title":{"rendered":"Avellaneda: Reuni\u00f3n de vecinos en la comisar\u00eda 4ta de Sarand\u00ed por la seguridad"},"content":{"rendered":"<p><a href=\"http:\/\/www.elsindical.com.ar\/notas\/var\/www\/html\/notas\/wp-content\/uploads\/2018\/05\/reuni\u00f3n-comisar\u00eda-4ta-Avellaneda-2018.jpg\"><img loading=\"lazy\" decoding=\"async\" class=\"alignnone size-medium wp-image-78357\" src=\"http:\/\/www.elsindical.com.ar\/notas\/var\/www\/html\/notas\/wp-content\/uploads\/2018\/05\/reuni\u00f3n-comisar\u00eda-4ta-Avellaneda-2018-300x225.jpg\" alt=\"\" width=\"300\" height=\"225\" srcset=\"https:\/\/www.elsindical.com.ar\/notas\/var\/www\/html\/notas\/wp-content\/uploads\/2018\/05\/reuni\u00f3n-comisar\u00eda-4ta-Avellaneda-2018-300x225.jpg 300w, https:\/\/www.elsindical.com.ar\/notas\/var\/www\/html\/notas\/wp-content\/uploads\/2018\/05\/reuni\u00f3n-comisar\u00eda-4ta-Avellaneda-2018-768x576.jpg 768w, https:\/\/www.elsindical.com.ar\/notas\/var\/www\/html\/notas\/wp-content\/uploads\/2018\/05\/reuni\u00f3n-comisar\u00eda-4ta-Avellaneda-2018-400x300.jpg 400w, https:\/\/www.elsindical.com.ar\/notas\/var\/www\/html\/notas\/wp-content\/uploads\/2018\/05\/reuni\u00f3n-comisar\u00eda-4ta-Avellaneda-2018.jpg 960w\" sizes=\"auto, (max-width: 300px) 100vw, 300px\" \/><\/a> El mi\u00e9rcoles 16 de mayo, a las 17:00 hs. se hab\u00eda organizado una reuni\u00f3n en la comisar\u00eda 4ta de Avellaneda, entre su titular el Subcomisario Fabi\u00e1n Ferreyra y los vecinos de Sarand\u00ed, luego de la marcha autoconvocada reclamando m\u00e1s seguridad, de los cientos de vecinos que participaron de esa marcha, ahora son muy pocos los que contin\u00faan interesados.<\/p>\n<p>En esa oportunidad dos vecinos, el abogado Cristian Fern\u00e1ndez Ins\u00faa y Eduardo Paradela, concurrieron a la reuni\u00f3n con las planillas para juntar firmas que acompa\u00f1aran los petitorios para las autoridades reclamando mejores medidas para fortalecer la seguridad, especialmente la prevenci\u00f3n que es lo que m\u00e1s preocupa a los vecinos.<\/p>\n<p>Se habl\u00f3 de los \u00faltimos hechos delictivos en la zona, del trabajo de prevenci\u00f3n desplegado por la comisar\u00eda y los resultados a corto plazo.<\/p>\n<p>En los pr\u00f3ximos d\u00edas se juntar\u00e1n firmas en la Plaza Pascual Romano ubicada en la intersecci\u00f3n de las calles Av. Belgrano y Supisiche, tambi\u00e9n se espera una mayor participaci\u00f3n de representantes de los vecinos para la pr\u00f3xima reuni\u00f3n con la polic\u00eda de la comisar\u00eda local.<\/p>\n","protected":false},"excerpt":{"rendered":"<p>El mi\u00e9rcoles 16 de mayo, a las 17:00 hs. se hab\u00eda organizado una reuni\u00f3n en la comisar\u00eda 4ta de Avellaneda, entre su titular el Subcomisario Fabi\u00e1n Ferreyra y los vecinos de Sarand\u00ed, luego de la marcha autoconvocada reclamando m\u00e1s seguridad, de los cientos de vecinos que participaron de esa marcha, ahora son muy pocos los&hellip;<\/p>\n","protected":false},"author":1,"featured_media":78357,"comment_status":"open","ping_status":"open","sticky":false,"template":"","format":"standard","meta":{"footnotes":""},"categories":[25],"tags":[23834,28895,28896,984,4047,2330,28894,986],"class_list":["post-78356","post","type-post","status-publish","format-standard","has-post-thumbnail","hentry","category-sociedad","tag-comisaria-4ta-avellaneda","tag-cristian-fernandez-insua","tag-eduardo-paradela","tag-inseguridad","tag-petitorio","tag-sarandi","tag-subcomisario-fabian-ferreyra","tag-vecinos"],"_links":{"self":[{"href":"https:\/\/www.elsindical.com.ar\/notas\/wp-json\/wp\/v2\/posts\/78356","targetHints":{"allow":["GET"]}}],"collection":[{"href":"https:\/\/www.elsindical.com.ar\/notas\/wp-json\/wp\/v2\/posts"}],"about":[{"href":"https:\/\/www.elsindical.com.ar\/notas\/wp-json\/wp\/v2\/types\/post"}],"author":[{"embeddable":true,"href":"https:\/\/www.elsindical.com.ar\/notas\/wp-json\/wp\/v2\/users\/1"}],"replies":[{"embeddable":true,"href":"https:\/\/www.elsindical.com.ar\/notas\/wp-json\/wp\/v2\/comments?post=78356"}],"version-history":[{"count":1,"href":"https:\/\/www.elsindical.com.ar\/notas\/wp-json\/wp\/v2\/posts\/78356\/revisions"}],"predecessor-version":[{"id":78358,"href":"https:\/\/www.elsindical.com.ar\/notas\/wp-json\/wp\/v2\/posts\/78356\/revisions\/78358"}],"wp:featuredmedia":[{"embeddable":true,"href":"https:\/\/www.elsindical.com.ar\/notas\/wp-json\/wp\/v2\/media\/78357"}],"wp:attachment":[{"href":"https:\/\/www.elsindical.com.ar\/notas\/wp-json\/wp\/v2\/media?parent=78356"}],"wp:term":[{"taxonomy":"category","embeddable":true,"href":"https:\/\/www.elsindical.com.ar\/notas\/wp-json\/wp\/v2\/categories?post=78356"},{"taxonomy":"post_tag","embeddable":true,"href":"https:\/\/www.elsindical.com.ar\/notas\/wp-json\/wp\/v2\/tags?post=78356"}],"curies":[{"name":"wp","href":"https:\/\/api.w.org\/{rel}","templated":true}]}}