{"id":78316,"date":"2018-05-16T10:06:02","date_gmt":"2018-05-16T13:06:02","guid":{"rendered":"http:\/\/www.elsindical.com.ar\/notas\/?p=78316"},"modified":"2018-05-16T10:06:02","modified_gmt":"2018-05-16T13:06:02","slug":"denuncian-represion-de-la-gendarmeria-en-cresta-roja","status":"publish","type":"post","link":"https:\/\/www.elsindical.com.ar\/notas\/denuncian-represion-de-la-gendarmeria-en-cresta-roja\/","title":{"rendered":"Denuncian represi\u00f3n de la Gendarmer\u00eda en Cresta Roja"},"content":{"rendered":"<p><a href=\"http:\/\/www.elsindical.com.ar\/notas\/var\/www\/html\/notas\/wp-content\/uploads\/2018\/05\/Gendarmer\u00eda-en-Cresta-Roja.jpg\"><img loading=\"lazy\" decoding=\"async\" class=\"alignnone size-medium wp-image-78317\" src=\"http:\/\/www.elsindical.com.ar\/notas\/var\/www\/html\/notas\/wp-content\/uploads\/2018\/05\/Gendarmer\u00eda-en-Cresta-Roja-300x169.jpg\" alt=\"\" width=\"300\" height=\"169\" srcset=\"https:\/\/www.elsindical.com.ar\/notas\/var\/www\/html\/notas\/wp-content\/uploads\/2018\/05\/Gendarmer\u00eda-en-Cresta-Roja-300x169.jpg 300w, https:\/\/www.elsindical.com.ar\/notas\/var\/www\/html\/notas\/wp-content\/uploads\/2018\/05\/Gendarmer\u00eda-en-Cresta-Roja-500x281.jpg 500w, https:\/\/www.elsindical.com.ar\/notas\/var\/www\/html\/notas\/wp-content\/uploads\/2018\/05\/Gendarmer\u00eda-en-Cresta-Roja-460x260.jpg 460w, https:\/\/www.elsindical.com.ar\/notas\/var\/www\/html\/notas\/wp-content\/uploads\/2018\/05\/Gendarmer\u00eda-en-Cresta-Roja.jpg 745w\" sizes=\"auto, (max-width: 300px) 100vw, 300px\" \/><\/a>Personal de Gendarmer\u00eda avanz\u00f3 contra el asentamiento de los trabajadores que reclaman salarios adeudados y el retorno a sus puestos, en las inmediaciones de la planta de la localidad bonaerense de Trist\u00e1n Su\u00e1rez.<\/p>\n<p>El gobierno envi\u00f3 a Gendarmer\u00eda Nacional para desalojar a los trabajadores de la empresa Cresta Roja, en la sede de la localidad bonaerense de Trist\u00e1n Su\u00e1rez. Denunciaron que fueron desplazados con gases lacrim\u00f3genos y camiones hidrantes.<\/p>\n<p><a href=\"http:\/\/www.elsindical.com.ar\/notas\/var\/www\/html\/notas\/wp-content\/uploads\/2018\/05\/represi\u00f3n-en-Cresta-Roja.jpg\"><img loading=\"lazy\" decoding=\"async\" class=\"alignnone size-medium wp-image-78318\" src=\"http:\/\/www.elsindical.com.ar\/notas\/var\/www\/html\/notas\/wp-content\/uploads\/2018\/05\/represi\u00f3n-en-Cresta-Roja-300x161.jpg\" alt=\"\" width=\"300\" height=\"161\" srcset=\"https:\/\/www.elsindical.com.ar\/notas\/var\/www\/html\/notas\/wp-content\/uploads\/2018\/05\/represi\u00f3n-en-Cresta-Roja-300x161.jpg 300w, https:\/\/www.elsindical.com.ar\/notas\/var\/www\/html\/notas\/wp-content\/uploads\/2018\/05\/represi\u00f3n-en-Cresta-Roja-500x268.jpg 500w, https:\/\/www.elsindical.com.ar\/notas\/var\/www\/html\/notas\/wp-content\/uploads\/2018\/05\/represi\u00f3n-en-Cresta-Roja.jpg 620w\" sizes=\"auto, (max-width: 300px) 100vw, 300px\" \/><\/a><\/p>\n<p>&nbsp;<\/p>\n","protected":false},"excerpt":{"rendered":"<p>Personal de Gendarmer\u00eda avanz\u00f3 contra el asentamiento de los trabajadores que reclaman salarios adeudados y el retorno a sus puestos, en las inmediaciones de la planta de la localidad bonaerense de Trist\u00e1n Su\u00e1rez. El gobierno envi\u00f3 a Gendarmer\u00eda Nacional para desalojar a los trabajadores de la empresa Cresta Roja, en la sede de la localidad&hellip;<\/p>\n","protected":false},"author":1,"featured_media":78317,"comment_status":"open","ping_status":"open","sticky":false,"template":"","format":"standard","meta":{"footnotes":""},"categories":[6],"tags":[835,19744,28882,53,1429,292,125],"class_list":["post-78316","post","type-post","status-publish","format-standard","has-post-thumbnail","hentry","category-denuncias","tag-acampe","tag-cresta-roja","tag-denuncia-represion","tag-despidos","tag-gendarmeria-nacional","tag-protesta","tag-trabajadores"],"_links":{"self":[{"href":"https:\/\/www.elsindical.com.ar\/notas\/wp-json\/wp\/v2\/posts\/78316","targetHints":{"allow":["GET"]}}],"collection":[{"href":"https:\/\/www.elsindical.com.ar\/notas\/wp-json\/wp\/v2\/posts"}],"about":[{"href":"https:\/\/www.elsindical.com.ar\/notas\/wp-json\/wp\/v2\/types\/post"}],"author":[{"embeddable":true,"href":"https:\/\/www.elsindical.com.ar\/notas\/wp-json\/wp\/v2\/users\/1"}],"replies":[{"embeddable":true,"href":"https:\/\/www.elsindical.com.ar\/notas\/wp-json\/wp\/v2\/comments?post=78316"}],"version-history":[{"count":1,"href":"https:\/\/www.elsindical.com.ar\/notas\/wp-json\/wp\/v2\/posts\/78316\/revisions"}],"predecessor-version":[{"id":78319,"href":"https:\/\/www.elsindical.com.ar\/notas\/wp-json\/wp\/v2\/posts\/78316\/revisions\/78319"}],"wp:featuredmedia":[{"embeddable":true,"href":"https:\/\/www.elsindical.com.ar\/notas\/wp-json\/wp\/v2\/media\/78317"}],"wp:attachment":[{"href":"https:\/\/www.elsindical.com.ar\/notas\/wp-json\/wp\/v2\/media?parent=78316"}],"wp:term":[{"taxonomy":"category","embeddable":true,"href":"https:\/\/www.elsindical.com.ar\/notas\/wp-json\/wp\/v2\/categories?post=78316"},{"taxonomy":"post_tag","embeddable":true,"href":"https:\/\/www.elsindical.com.ar\/notas\/wp-json\/wp\/v2\/tags?post=78316"}],"curies":[{"name":"wp","href":"https:\/\/api.w.org\/{rel}","templated":true}]}}