{"id":783,"date":"2009-10-01T15:37:42","date_gmt":"2009-10-01T18:37:42","guid":{"rendered":"http:\/\/www.elsindical.com.ar\/notas\/?p=783"},"modified":"2009-10-01T15:37:42","modified_gmt":"2009-10-01T18:37:42","slug":"ahora-zanola-amenaza-con-tomar-la-bancaria-si-la-justicia-decide-intervenir-el-gremio","status":"publish","type":"post","link":"https:\/\/www.elsindical.com.ar\/notas\/ahora-zanola-amenaza-con-tomar-la-bancaria-si-la-justicia-decide-intervenir-el-gremio\/","title":{"rendered":"Ahora, Zanola amenaza con tomar La Bancaria si la Justicia decide intervenir el gremio"},"content":{"rendered":"<p style=\"text-align: justify;\"><em><img loading=\"lazy\" decoding=\"async\" class=\"alignleft size-full wp-image-784\" title=\"Juan-Jos\u00e9-Zanola-conferenci\" src=\"http:\/\/www.elsindical.com.ar\/notas\/var\/www\/html\/notas\/wp-content\/uploads\/2009\/10\/Juan-Jos\u00e9-Zanola-conferenci.jpg\" alt=\"Juan-Jos\u00e9-Zanola-conferenci\" width=\"255\" height=\"153\" \/>Lo confirm\u00f3 el jefe del sindicato, que es investigado por la \u00ab<strong>mafia de los medicamentos<\/strong>\u00ab. Rechaza una intervenci\u00f3n del gremio y pretende realizar las elecciones de autoridades gremiales el 8 de octubre, pese a que <strong>la Justicia investiga irregularidades en el comicio.<\/strong><\/em><\/p>\n<p style=\"text-align: justify;\">El titular de la Asociaci\u00f3n Bancaria, Juan Jos\u00e9 Zanola, afirm\u00f3 hoy que su gremio va \u00aba resistir la intervenci\u00f3n\u00bb si la Justicia as\u00ed lo decidiera y asegur\u00f3 que \u00abest\u00e1n dadas las garant\u00edas\u00bb para realizar las elecciones el 8 de octubre.<\/p>\n<p>\u00ab<strong>No tenemos ning\u00fan intento de no hacer un proceso democr\u00e1tico. Todas las garant\u00edas est\u00e1n dadas y la otra lista ha buscado por todos los medios interferir el proceso y ha planteado a la jueza la necesidad de una intervenci\u00f3n<\/strong>\u00ab, Sostuvo Zanola.<\/p>\n<p>En el marco de un plenario de secretarios generales de la Asociaci\u00f3n Bancaria, Zanola ofreci\u00f3 una conferencia de prensa en la que llam\u00f3 a que \u00aben caso de intervenci\u00f3n tomemos todas la sedes de la Asociaci\u00f3n Bancaria\u00bb.<\/p>\n<p>\u00abNo es una posici\u00f3n de patotero, es la posici\u00f3n de una organizaci\u00f3n que quiere defender y que quiere tener comicios libres\u00bb, sostuvo Zanola, quien insisti\u00f3 que \u00abvamos a resistir la intervenci\u00f3n\u00bb.<\/p>\n<p>Consider\u00f3 que \u00ab<strong>el sentido com\u00fan har\u00e1 que se arbitren todos los recursos para que el d\u00eda 8 de octubre podamos los bancarios votar en paz y en orden con democracia<\/strong>\u00ab.<\/p>\n<p>La jueza laboral Liliana Tarbuch, a pedido de una lista opositora del gremio, resolvi\u00f3 suspender las elecciones en la bancaria que estaban previstas para el 23 de septiembre.<br \/>\n\u00a0<br \/>\nLa magistrada dispuso, adem\u00e1s, mantener al frente del sindicato hasta el pr\u00f3ximo mes de febrero a las actuales autoridades del gremio.<\/p>\n<p><strong>La jueza mand\u00f3, adem\u00e1s, que se ordenen los padrones de afiliados, ante las quejas por presuntas \u00abirregularidades\u00bb expresadas por quienes promovieron la demanda. <\/strong><br \/>\n\u00a0<br \/>\nLa causa en la que se adoptaron las medidas es una acci\u00f3n de amparo iniciada por el dirigente Ra\u00fal Fontana. Entre las medidas tomadas por la magistrada figuran la normalizaci\u00f3n del suministro, confecci\u00f3n y difusi\u00f3n de lospadrones para las elecciones y la suspensi\u00f3n del acto para la renovaci\u00f3n de las autoridades de la Asociaci\u00f3n Bancaria.<\/p>\n<p>Tarbuch resolvi\u00f3 que las actuales autoridades \u00abcontin\u00faen en el ejercicio de su mandato hasta el 26 de febrero de 2010, per\u00edodo dentro del cual deber\u00e1 tener lugar la convocatoria y celebraci\u00f3n\u00bb de los comicios.<\/p>\n<p>Fontana hab\u00eda denunciado que el presidente de la Junta Electoral, Oscar Cancelliaro, \u00ab<strong>habr\u00eda incurrido en incumplimiento de los deberes de funcionario p\u00fablico, con menoscabo de sus posibilidades electorales<\/strong>\u00ab.<\/p>\n<p>El gremialista\u00a0reiter\u00f3 que pretende\u00a0realizar el pr\u00f3ximo 8 de octubre\u00a0las elecciones\u00a0para\u00a0elegir a las autoridades\u00a0sindicales.<\/p>\n","protected":false},"excerpt":{"rendered":"<p>Lo confirm\u00f3 el jefe del sindicato, que es investigado por la \u00abmafia de los medicamentos\u00ab. Rechaza una intervenci\u00f3n del gremio y pretende realizar las elecciones de autoridades gremiales el 8 de octubre, pese a que la Justicia investiga irregularidades en el comicio. El titular de la Asociaci\u00f3n Bancaria, Juan Jos\u00e9 Zanola, afirm\u00f3 hoy que su&hellip;<\/p>\n","protected":false},"author":1,"featured_media":0,"comment_status":"open","ping_status":"open","sticky":false,"template":"","format":"standard","meta":{"footnotes":""},"categories":[16],"tags":[462,244,128,41],"class_list":["post-783","post","type-post","status-publish","format-standard","hentry","category-gremiales","tag-asociacion-bancaria","tag-elecciones","tag-juan-jose-zanola","tag-justicia"],"_links":{"self":[{"href":"https:\/\/www.elsindical.com.ar\/notas\/wp-json\/wp\/v2\/posts\/783","targetHints":{"allow":["GET"]}}],"collection":[{"href":"https:\/\/www.elsindical.com.ar\/notas\/wp-json\/wp\/v2\/posts"}],"about":[{"href":"https:\/\/www.elsindical.com.ar\/notas\/wp-json\/wp\/v2\/types\/post"}],"author":[{"embeddable":true,"href":"https:\/\/www.elsindical.com.ar\/notas\/wp-json\/wp\/v2\/users\/1"}],"replies":[{"embeddable":true,"href":"https:\/\/www.elsindical.com.ar\/notas\/wp-json\/wp\/v2\/comments?post=783"}],"version-history":[{"count":2,"href":"https:\/\/www.elsindical.com.ar\/notas\/wp-json\/wp\/v2\/posts\/783\/revisions"}],"predecessor-version":[{"id":786,"href":"https:\/\/www.elsindical.com.ar\/notas\/wp-json\/wp\/v2\/posts\/783\/revisions\/786"}],"wp:attachment":[{"href":"https:\/\/www.elsindical.com.ar\/notas\/wp-json\/wp\/v2\/media?parent=783"}],"wp:term":[{"taxonomy":"category","embeddable":true,"href":"https:\/\/www.elsindical.com.ar\/notas\/wp-json\/wp\/v2\/categories?post=783"},{"taxonomy":"post_tag","embeddable":true,"href":"https:\/\/www.elsindical.com.ar\/notas\/wp-json\/wp\/v2\/tags?post=783"}],"curies":[{"name":"wp","href":"https:\/\/api.w.org\/{rel}","templated":true}]}}