{"id":7829,"date":"2010-07-14T00:22:20","date_gmt":"2010-07-14T03:22:20","guid":{"rendered":"http:\/\/www.elsindical.com.ar\/notas\/?p=7829"},"modified":"2010-07-14T00:22:20","modified_gmt":"2010-07-14T03:22:20","slug":"efemeridesdel-dia-14-de-julio","status":"publish","type":"post","link":"https:\/\/www.elsindical.com.ar\/notas\/efemeridesdel-dia-14-de-julio\/","title":{"rendered":"EFEM\u00c9RIDES:DEL D\u00cdA 14 DE JULIO"},"content":{"rendered":"<p style=\"text-align: justify;\"><a href=\"http:\/\/www.elsindical.com.ar\/notas\/var\/www\/html\/notas\/wp-content\/uploads\/2010\/07\/Toma-de-la-Bastilla.jpg\"><img loading=\"lazy\" decoding=\"async\" class=\"alignleft size-full wp-image-7830\" title=\"Toma-de-la-Bastilla\" src=\"http:\/\/www.elsindical.com.ar\/notas\/var\/www\/html\/notas\/wp-content\/uploads\/2010\/07\/Toma-de-la-Bastilla.jpg\" alt=\"\" width=\"198\" height=\"156\" \/><\/a>En otro catorce de julio, pero de 1789, el pueblo de Par\u00eds toma la prisi\u00f3n-fortaleza de la Bastilla. Comienza la Revoluci\u00f3n Francesa, que supuso la ca\u00edda de la monarqu\u00eda y el establecimiento de una Rep\u00fablica.<\/p>\n<p>1793- Asesinado el revolucionario franc\u00e9s Jean Paul Marat.<\/p>\n<p style=\"text-align: justify;\">1807- Nace Ventura de la Vega, poeta y escritor espa\u00f1ol de origen argentino.<\/p>\n<p style=\"text-align: justify;\">1816- Muere Francisco de Miranda, pr\u00f3cer de la independencia de Venezuela.<\/p>\n<p style=\"text-align: justify;\">1853- Apertura de la Exposici\u00f3n Universal de Nueva York.<\/p>\n<p style=\"text-align: justify;\">1881- Asesinado el legendario pistolero norteamericano Billy \u00abEl Ni\u00f1o\u00bb.<\/p>\n<p style=\"text-align: justify;\">1888- Nace Enrique de Rosas, actor y director teatral argentino.<\/p>\n<p style=\"text-align: justify;\">1893- El general Jos\u00e9 Santos Zelaya se proclama dictador en Nicaragua.<\/p>\n<p style=\"text-align: justify;\">1900- Se inauguran en Par\u00eds los II Juegos Ol\u00edmpicos de la Era Moderna.<\/p>\n<p style=\"text-align: justify;\">1906- Enfrentamientos entre El Salvador, Honduras y Guatemala.<\/p>\n<p style=\"text-align: justify;\">1913- Nace Gerald Ford, presidente de EEUU (1974-1977).<\/p>\n<p style=\"text-align: justify;\">1918- Nace Ingmar Bergman, director sueco de cine y teatro.<\/p>\n<p style=\"text-align: justify;\">1920- Francia ocupa Damasco y establece el mandato sobre Siria.<\/p>\n<p style=\"text-align: justify;\">1921- Nace Geoffrey Wilkinson, qu\u00edmico brit\u00e1nico, premio Nobel de Qu\u00edmica en 1973.<\/p>\n<p style=\"text-align: justify;\">1933- El Gobierno del III Reich promulga una ley de esterilizaci\u00f3n para mejorar la raza alemana.<\/p>\n<p style=\"text-align: justify;\">1933- M\u00e9xico y Venezuela reanudan sus relaciones diplom\u00e1ticas, rotas desde 1923.<\/p>\n<p style=\"text-align: justify;\">1954- Muere Jacinto Benavente, dramaturgo espa\u00f1ol.<\/p>\n<p style=\"text-align: justify;\">1958- Revoluci\u00f3n en Irak y asesinato del rey Faisal II en un golpe dirigido por Karim Kassem.<\/p>\n<p style=\"text-align: justify;\">1960- Un incendio destruye el manicomio de la ciudad de Guatemala: 151 muertos y 196 desaparecidos.<\/p>\n<p style=\"text-align: justify;\">1965- La Junta Militar ecuatoriana impone la ley marcial en Guayaquil, tras graves disturbios estudiantiles.<\/p>\n<p style=\"text-align: justify;\">1969- Tropas salvadore\u00f1as penetran en territorio de Honduras, tras la persecuci\u00f3n de que fueron objeto sus conciudadanos por parte de los hondure\u00f1os a ra\u00edz de perder un partido de f\u00fatbol.<\/p>\n<p style=\"text-align: justify;\">1970- Muere Luis Mariano, cantante espa\u00f1ol.<\/p>\n<p style=\"text-align: justify;\">1971- El piloto mexicano Pedro Rodr\u00edguez muere en un accidente mientras disputaba las 200 millas de Nuremberg.<\/p>\n<p style=\"text-align: justify;\">&#8211; Fallece Ermilo Abreu G\u00f3mez, escritor y acad\u00e9mico mexicano.<\/p>\n<p style=\"text-align: justify;\">1979- Aprobada una nueva Constituci\u00f3n para propiciar la progresiva democratizaci\u00f3n en Per\u00fa y el traspaso de poder a los civiles.<\/p>\n<p style=\"text-align: justify;\">1987- Por primera vez en 38 a\u00f1os, el Gobierno de Taipei levanta la ley marcial en Taiw\u00e1n.<\/p>\n<p style=\"text-align: justify;\">1990- Elegido el nuevo Politbur\u00f3 y Secretariado del Partido Comunista de la URSS, con Mijail Gorbachov como secretario general.<\/p>\n<p style=\"text-align: justify;\">1998- Se comercializa en Gran Breta\u00f1a una prueba de saliva que permite verificar la paternidad.<\/p>\n<p style=\"text-align: justify;\">&#8211; Muere Richard McDonald, empresario estadounidense, creador de la hom\u00f3nima cadena de restaurantes.<\/p>\n<p style=\"text-align: justify;\">1999- Argentina y Reino Unido firman en Londres un acuerdo que permite el acceso de argentinos a Islas Malvinas, gran paso hacia la normalizaci\u00f3n total de relaciones entre ambos pa\u00edses, que se enfrentaron en una guerra en 1982 por la soberan\u00eda de esas islas del Atl\u00e1ntico sur.<\/p>\n<p style=\"text-align: justify;\">2001- El Banco Mundial concede a Argentina 1.500 millones de d\u00f3lares en cr\u00e9ditos para atenuar su crisis econ\u00f3mica.<\/p>\n<p style=\"text-align: justify;\">2000- Un jurado de Miami otorga la cifra r\u00e9cord de 145.000 millones de d\u00f3lares en indemnizaciones a medio mill\u00f3n de fumadores de Florida. El veredicto fue recurrido por las tabacaleras.<\/p>\n<p style=\"text-align: justify;\">2002- Muere Joaqu\u00edn Balaguer, ex presidente de la Rep\u00fablica Dominicana en siete ocasiones.<\/p>\n<p style=\"text-align: justify;\">2003- Muere Francisco Repilado Mu\u00f1oz, \u00abCompay Segundo\u00bb, m\u00fasico cubano.<\/p>\n<p style=\"text-align: justify;\">2005- Seiscientos cincuenta paramilitares de las Autodefensas Unidad de Colombia (AUC) entregan las armas en la regi\u00f3n de los Montes de Mar\u00eda, dentro del proceso de paz que el gobierno celebra desde 2002.<\/p>\n<p style=\"text-align: justify;\">&#8211; La ONU lanza oficialmente la iniciativa \u00abAlianza de Civilizaciones\u00bb, propuesta por el presidente espa\u00f1ol Jos\u00e9 Luis Rodr\u00edguez Zapatero.<\/p>\n","protected":false},"excerpt":{"rendered":"<p>En otro catorce de julio, pero de 1789, el pueblo de Par\u00eds toma la prisi\u00f3n-fortaleza de la Bastilla. Comienza la Revoluci\u00f3n Francesa, que supuso la ca\u00edda de la monarqu\u00eda y el establecimiento de una Rep\u00fablica. 1793- Asesinado el revolucionario franc\u00e9s Jean Paul Marat. 1807- Nace Ventura de la Vega, poeta y escritor espa\u00f1ol de origen&hellip;<\/p>\n","protected":false},"author":1,"featured_media":0,"comment_status":"open","ping_status":"open","sticky":false,"template":"","format":"standard","meta":{"footnotes":""},"categories":[14],"tags":[],"class_list":["post-7829","post","type-post","status-publish","format-standard","hentry","category-efemerides"],"_links":{"self":[{"href":"https:\/\/www.elsindical.com.ar\/notas\/wp-json\/wp\/v2\/posts\/7829","targetHints":{"allow":["GET"]}}],"collection":[{"href":"https:\/\/www.elsindical.com.ar\/notas\/wp-json\/wp\/v2\/posts"}],"about":[{"href":"https:\/\/www.elsindical.com.ar\/notas\/wp-json\/wp\/v2\/types\/post"}],"author":[{"embeddable":true,"href":"https:\/\/www.elsindical.com.ar\/notas\/wp-json\/wp\/v2\/users\/1"}],"replies":[{"embeddable":true,"href":"https:\/\/www.elsindical.com.ar\/notas\/wp-json\/wp\/v2\/comments?post=7829"}],"version-history":[{"count":1,"href":"https:\/\/www.elsindical.com.ar\/notas\/wp-json\/wp\/v2\/posts\/7829\/revisions"}],"predecessor-version":[{"id":7831,"href":"https:\/\/www.elsindical.com.ar\/notas\/wp-json\/wp\/v2\/posts\/7829\/revisions\/7831"}],"wp:attachment":[{"href":"https:\/\/www.elsindical.com.ar\/notas\/wp-json\/wp\/v2\/media?parent=7829"}],"wp:term":[{"taxonomy":"category","embeddable":true,"href":"https:\/\/www.elsindical.com.ar\/notas\/wp-json\/wp\/v2\/categories?post=7829"},{"taxonomy":"post_tag","embeddable":true,"href":"https:\/\/www.elsindical.com.ar\/notas\/wp-json\/wp\/v2\/tags?post=7829"}],"curies":[{"name":"wp","href":"https:\/\/api.w.org\/{rel}","templated":true}]}}