{"id":78237,"date":"2018-05-12T00:44:04","date_gmt":"2018-05-12T03:44:04","guid":{"rendered":"http:\/\/www.elsindical.com.ar\/notas\/?p=78237"},"modified":"2018-05-12T00:44:04","modified_gmt":"2018-05-12T03:44:04","slug":"liniers-robo-persecucion-tiroteo-y-muerte","status":"publish","type":"post","link":"https:\/\/www.elsindical.com.ar\/notas\/liniers-robo-persecucion-tiroteo-y-muerte\/","title":{"rendered":"Liniers: Robo, persecuci\u00f3n, tiroteo y muerte"},"content":{"rendered":"<p><span class=\"text description col-xs-8 col-lg-9\"><em><a href=\"http:\/\/www.elsindical.com.ar\/notas\/var\/www\/html\/notas\/wp-content\/uploads\/2018\/05\/32293421_1865628257069434_5768771068625944576_n.jpg\"><img loading=\"lazy\" decoding=\"async\" class=\"alignnone size-medium wp-image-78238\" src=\"http:\/\/www.elsindical.com.ar\/notas\/var\/www\/html\/notas\/wp-content\/uploads\/2018\/05\/32293421_1865628257069434_5768771068625944576_n-225x300.jpg\" alt=\"\" width=\"225\" height=\"300\" srcset=\"https:\/\/www.elsindical.com.ar\/notas\/var\/www\/html\/notas\/wp-content\/uploads\/2018\/05\/32293421_1865628257069434_5768771068625944576_n-225x300.jpg 225w, https:\/\/www.elsindical.com.ar\/notas\/var\/www\/html\/notas\/wp-content\/uploads\/2018\/05\/32293421_1865628257069434_5768771068625944576_n.jpg 540w\" sizes=\"auto, (max-width: 225px) 100vw, 225px\" \/><\/a>\u00a0 Seg\u00fan informaron fuentes policiales, el hecho ocurri\u00f3 este viernes en la calle Tonelero al 6500, de Liniers, donde los delincuentes entraron y se robaron 30 mil pesos y la computadora de la c\u00e1mara de seguridad del lugar.<\/em> <\/span><\/p>\n<p>La persecuci\u00f3n continu\u00f3 varias calles, comenzaron los disparos, y ah\u00ed fue cuando uno de los patrulleros que participaba del operativo choc\u00f3, en Caagazu y General Paz, y los dos polic\u00edas quedaron en el lugar con contusiones leves y fueron derivados al Hospital Churruca.<\/p>\n<p>Mientras, los delincuentes abandonaron el Ford Focus en Tapalqu\u00e9 y Cosqu\u00edn y comenzaron a huir en diferentes direcciones. En Tapalqu\u00e9 y Andalgal\u00e1 uno de los delincuente rob\u00f3 un Fiat Palio de color rojo a punta de pistola, y el auto empez\u00f3 a ser perseguido por los m\u00f3viles policiales y en la intersecci\u00f3n de Carhu\u00e9 y Onesimo Leguizam\u00f3n envisti\u00f3 el tronco de un \u00e1rbol y se incendi\u00f3.<\/p>\n<p>En el lugar, seg\u00fan las fuentes, se produjo un nuevo enfrentamiento, y uno de los delincuentes intent\u00f3 escapar corriendo y tir\u00f3 al piso una pistola calibre 9 mil\u00edmetros que ten\u00eda la numeraci\u00f3n limada.<\/p>\n<p>El asaltante que se encontraba herido se meti\u00f3 en un contenedor donde fue detenido y muri\u00f3 por las heridas recibidas. Cuando los efectivos revisaron el contenedor encontraron un morral en el que hab\u00eda otra arma que ser\u00e1 peritada por Gendarmer\u00eda Nacional. El caso est\u00e1 siendo investigado por el Juzgado Criminal y Correccional N\u00ba 11 a cargo de la jueza Paula Petazzi.<\/p>\n<p><a href=\"http:\/\/www.elsindical.com.ar\/notas\/var\/www\/html\/notas\/wp-content\/uploads\/2018\/05\/32294752_1865628197069440_2988934978999418880_n.jpg\"><img loading=\"lazy\" decoding=\"async\" class=\"alignnone size-medium wp-image-78239\" src=\"http:\/\/www.elsindical.com.ar\/notas\/var\/www\/html\/notas\/wp-content\/uploads\/2018\/05\/32294752_1865628197069440_2988934978999418880_n-300x225.jpg\" alt=\"\" width=\"300\" height=\"225\" srcset=\"https:\/\/www.elsindical.com.ar\/notas\/var\/www\/html\/notas\/wp-content\/uploads\/2018\/05\/32294752_1865628197069440_2988934978999418880_n-300x225.jpg 300w, https:\/\/www.elsindical.com.ar\/notas\/var\/www\/html\/notas\/wp-content\/uploads\/2018\/05\/32294752_1865628197069440_2988934978999418880_n-400x300.jpg 400w, https:\/\/www.elsindical.com.ar\/notas\/var\/www\/html\/notas\/wp-content\/uploads\/2018\/05\/32294752_1865628197069440_2988934978999418880_n.jpg 552w\" sizes=\"auto, (max-width: 300px) 100vw, 300px\" \/><\/a> <a href=\"http:\/\/www.elsindical.com.ar\/notas\/var\/www\/html\/notas\/wp-content\/uploads\/2018\/05\/32281377_1865628180402775_4062547726347272192_n.jpg\"><img loading=\"lazy\" decoding=\"async\" class=\"alignnone size-medium wp-image-78231\" src=\"http:\/\/www.elsindical.com.ar\/notas\/var\/www\/html\/notas\/wp-content\/uploads\/2018\/05\/32281377_1865628180402775_4062547726347272192_n-169x300.jpg\" alt=\"\" width=\"169\" height=\"300\" srcset=\"https:\/\/www.elsindical.com.ar\/notas\/var\/www\/html\/notas\/wp-content\/uploads\/2018\/05\/32281377_1865628180402775_4062547726347272192_n-169x300.jpg 169w, https:\/\/www.elsindical.com.ar\/notas\/var\/www\/html\/notas\/wp-content\/uploads\/2018\/05\/32281377_1865628180402775_4062547726347272192_n.jpg 540w\" sizes=\"auto, (max-width: 169px) 100vw, 169px\" \/><\/a> <a href=\"http:\/\/www.elsindical.com.ar\/notas\/var\/www\/html\/notas\/wp-content\/uploads\/2018\/05\/32253760_1865628233736103_7970640740738924544_n.jpg\"><img loading=\"lazy\" decoding=\"async\" class=\"alignnone size-medium wp-image-78230\" src=\"http:\/\/www.elsindical.com.ar\/notas\/var\/www\/html\/notas\/wp-content\/uploads\/2018\/05\/32253760_1865628233736103_7970640740738924544_n-225x300.jpg\" alt=\"\" width=\"225\" height=\"300\" srcset=\"https:\/\/www.elsindical.com.ar\/notas\/var\/www\/html\/notas\/wp-content\/uploads\/2018\/05\/32253760_1865628233736103_7970640740738924544_n-225x300.jpg 225w, https:\/\/www.elsindical.com.ar\/notas\/var\/www\/html\/notas\/wp-content\/uploads\/2018\/05\/32253760_1865628233736103_7970640740738924544_n.jpg 540w\" sizes=\"auto, (max-width: 225px) 100vw, 225px\" \/><\/a><\/p>\n","protected":false},"excerpt":{"rendered":"<p>\u00a0 Seg\u00fan informaron fuentes policiales, el hecho ocurri\u00f3 este viernes en la calle Tonelero al 6500, de Liniers, donde los delincuentes entraron y se robaron 30 mil pesos y la computadora de la c\u00e1mara de seguridad del lugar. La persecuci\u00f3n continu\u00f3 varias calles, comenzaron los disparos, y ah\u00ed fue cuando uno de los patrulleros que&hellip;<\/p>\n","protected":false},"author":1,"featured_media":78238,"comment_status":"open","ping_status":"open","sticky":false,"template":"","format":"standard","meta":{"footnotes":""},"categories":[22],"tags":[582,1878,305,4361,24537,238],"class_list":["post-78237","post","type-post","status-publish","format-standard","has-post-thumbnail","hentry","category-policiales","tag-heridos","tag-liniers","tag-muerte","tag-persecucion","tag-policia-de-la-ciudad","tag-tiroteo"],"_links":{"self":[{"href":"https:\/\/www.elsindical.com.ar\/notas\/wp-json\/wp\/v2\/posts\/78237","targetHints":{"allow":["GET"]}}],"collection":[{"href":"https:\/\/www.elsindical.com.ar\/notas\/wp-json\/wp\/v2\/posts"}],"about":[{"href":"https:\/\/www.elsindical.com.ar\/notas\/wp-json\/wp\/v2\/types\/post"}],"author":[{"embeddable":true,"href":"https:\/\/www.elsindical.com.ar\/notas\/wp-json\/wp\/v2\/users\/1"}],"replies":[{"embeddable":true,"href":"https:\/\/www.elsindical.com.ar\/notas\/wp-json\/wp\/v2\/comments?post=78237"}],"version-history":[{"count":1,"href":"https:\/\/www.elsindical.com.ar\/notas\/wp-json\/wp\/v2\/posts\/78237\/revisions"}],"predecessor-version":[{"id":78240,"href":"https:\/\/www.elsindical.com.ar\/notas\/wp-json\/wp\/v2\/posts\/78237\/revisions\/78240"}],"wp:featuredmedia":[{"embeddable":true,"href":"https:\/\/www.elsindical.com.ar\/notas\/wp-json\/wp\/v2\/media\/78238"}],"wp:attachment":[{"href":"https:\/\/www.elsindical.com.ar\/notas\/wp-json\/wp\/v2\/media?parent=78237"}],"wp:term":[{"taxonomy":"category","embeddable":true,"href":"https:\/\/www.elsindical.com.ar\/notas\/wp-json\/wp\/v2\/categories?post=78237"},{"taxonomy":"post_tag","embeddable":true,"href":"https:\/\/www.elsindical.com.ar\/notas\/wp-json\/wp\/v2\/tags?post=78237"}],"curies":[{"name":"wp","href":"https:\/\/api.w.org\/{rel}","templated":true}]}}