{"id":7821,"date":"2010-07-13T12:03:36","date_gmt":"2010-07-13T15:03:36","guid":{"rendered":"http:\/\/www.elsindical.com.ar\/notas\/?p=7821"},"modified":"2010-07-13T12:04:48","modified_gmt":"2010-07-13T15:04:48","slug":"eeuucondenan-a-una-mujer-que-tuvo-relaciones-sexuales-con-su-hijo","status":"publish","type":"post","link":"https:\/\/www.elsindical.com.ar\/notas\/eeuucondenan-a-una-mujer-que-tuvo-relaciones-sexuales-con-su-hijo\/","title":{"rendered":"EEUU:Condenan a una mujer que tuvo relaciones sexuales con su hijo"},"content":{"rendered":"<p style=\"text-align: justify;\"><em><a href=\"http:\/\/www.elsindical.com.ar\/notas\/var\/www\/html\/notas\/wp-content\/uploads\/2010\/07\/Aimee-L.-Sword.jpg\"><img loading=\"lazy\" decoding=\"async\" class=\"alignleft size-medium wp-image-7822\" title=\"Aimee-L.-Sword\" src=\"http:\/\/www.elsindical.com.ar\/notas\/var\/www\/html\/notas\/wp-content\/uploads\/2010\/07\/Aimee-L.-Sword-253x300.jpg\" alt=\"\" width=\"253\" height=\"300\" srcset=\"https:\/\/www.elsindical.com.ar\/notas\/var\/www\/html\/notas\/wp-content\/uploads\/2010\/07\/Aimee-L.-Sword-253x300.jpg 253w, https:\/\/www.elsindical.com.ar\/notas\/var\/www\/html\/notas\/wp-content\/uploads\/2010\/07\/Aimee-L.-Sword.jpg 312w\" sizes=\"auto, (max-width: 253px) 100vw, 253px\" \/><\/a>Una mujer que se declar\u00f3 culpable de tener relaciones sexuales con un hijo biol\u00f3gico al que hab\u00eda dado en adopci\u00f3n y al que luego encontr\u00f3 a trav\u00e9s de internet recibi\u00f3 una condena de nueve a 30 a\u00f1os en prisi\u00f3n.<\/em><\/p>\n<p style=\"text-align: justify;\">Aimee L. Sword, residente de Waterford, Michigan, de 36 a\u00f1os, pidi\u00f3 perd\u00f3n el lunes en su audiencia de sentencia en la corte del condado de Oakland. Se hab\u00eda declarado culpable de un cargo de conducta sexual criminal de primer grado luego de llegar a un acuerdo con los fiscales.<\/p>\n<p style=\"text-align: justify;\">Sword us\u00f3 la red social Facebook en el 2008 para encontrar a su hijo, que ahora tiene 16 a\u00f1os, luego de darlo en adopci\u00f3n cuando era beb\u00e9, dijo la polic\u00eda.<\/p>\n<p style=\"text-align: justify;\">El adolescente declar\u00f3 que tuvieron relaciones sexuales en encuentros en Waterford y Grand Rapids.<\/p>\n","protected":false},"excerpt":{"rendered":"<p>Una mujer que se declar\u00f3 culpable de tener relaciones sexuales con un hijo biol\u00f3gico al que hab\u00eda dado en adopci\u00f3n y al que luego encontr\u00f3 a trav\u00e9s de internet recibi\u00f3 una condena de nueve a 30 a\u00f1os en prisi\u00f3n. Aimee L. Sword, residente de Waterford, Michigan, de 36 a\u00f1os, pidi\u00f3 perd\u00f3n el lunes en su&hellip;<\/p>\n","protected":false},"author":1,"featured_media":0,"comment_status":"open","ping_status":"open","sticky":false,"template":"","format":"standard","meta":{"footnotes":""},"categories":[18],"tags":[3867,224,141,362,241],"class_list":["post-7821","post","type-post","status-publish","format-standard","hentry","category-internacionales","tag-aimee-l-sword","tag-condena","tag-eeuu","tag-hijo","tag-sexo"],"_links":{"self":[{"href":"https:\/\/www.elsindical.com.ar\/notas\/wp-json\/wp\/v2\/posts\/7821","targetHints":{"allow":["GET"]}}],"collection":[{"href":"https:\/\/www.elsindical.com.ar\/notas\/wp-json\/wp\/v2\/posts"}],"about":[{"href":"https:\/\/www.elsindical.com.ar\/notas\/wp-json\/wp\/v2\/types\/post"}],"author":[{"embeddable":true,"href":"https:\/\/www.elsindical.com.ar\/notas\/wp-json\/wp\/v2\/users\/1"}],"replies":[{"embeddable":true,"href":"https:\/\/www.elsindical.com.ar\/notas\/wp-json\/wp\/v2\/comments?post=7821"}],"version-history":[{"count":3,"href":"https:\/\/www.elsindical.com.ar\/notas\/wp-json\/wp\/v2\/posts\/7821\/revisions"}],"predecessor-version":[{"id":7824,"href":"https:\/\/www.elsindical.com.ar\/notas\/wp-json\/wp\/v2\/posts\/7821\/revisions\/7824"}],"wp:attachment":[{"href":"https:\/\/www.elsindical.com.ar\/notas\/wp-json\/wp\/v2\/media?parent=7821"}],"wp:term":[{"taxonomy":"category","embeddable":true,"href":"https:\/\/www.elsindical.com.ar\/notas\/wp-json\/wp\/v2\/categories?post=7821"},{"taxonomy":"post_tag","embeddable":true,"href":"https:\/\/www.elsindical.com.ar\/notas\/wp-json\/wp\/v2\/tags?post=7821"}],"curies":[{"name":"wp","href":"https:\/\/api.w.org\/{rel}","templated":true}]}}