{"id":7817,"date":"2010-07-13T01:48:31","date_gmt":"2010-07-13T04:48:31","guid":{"rendered":"http:\/\/www.elsindical.com.ar\/notas\/?p=7817"},"modified":"2010-07-13T01:48:31","modified_gmt":"2010-07-13T04:48:31","slug":"la-platayesica-bopp-dio-una-exhibicion-de-box-en-la-unidad-penal-9","status":"publish","type":"post","link":"https:\/\/www.elsindical.com.ar\/notas\/la-platayesica-bopp-dio-una-exhibicion-de-box-en-la-unidad-penal-9\/","title":{"rendered":"La Plata:Y\u00e9sica Bopp di\u00f3 una exhibici\u00f3n de box en la Unidad Penal 9"},"content":{"rendered":"<p style=\"text-align: justify;\"><em><a href=\"http:\/\/www.elsindical.com.ar\/notas\/var\/www\/html\/notas\/wp-content\/uploads\/2010\/07\/exhibici\u00f3n-Tuti.jpg\"><img loading=\"lazy\" decoding=\"async\" class=\"alignleft size-medium wp-image-7818\" title=\"exhibici\u00f3n-Tuti\" src=\"http:\/\/www.elsindical.com.ar\/notas\/var\/www\/html\/notas\/wp-content\/uploads\/2010\/07\/exhibici\u00f3n-Tuti-300x216.jpg\" alt=\"\" width=\"300\" height=\"216\" srcset=\"https:\/\/www.elsindical.com.ar\/notas\/var\/www\/html\/notas\/wp-content\/uploads\/2010\/07\/exhibici\u00f3n-Tuti-300x216.jpg 300w, https:\/\/www.elsindical.com.ar\/notas\/var\/www\/html\/notas\/wp-content\/uploads\/2010\/07\/exhibici\u00f3n-Tuti.jpg 443w\" sizes=\"auto, (max-width: 300px) 100vw, 300px\" \/><\/a>La campeona del mundo minimosca, Y\u00e9sica Bopp, realiz\u00f3 una exhibici\u00f3n box\u00edstica frente a m\u00e1s de 200 internos en la Unidad Penal 9 de La Plata.<\/em><\/p>\n<p style=\"text-align: justify;\">Tambi\u00e9n se presentaron otros 20 boxeadores de la selecci\u00f3n argentina que compitieron recientemente en los Juegos Panamericanos y en los Odesur.<\/p>\n<p style=\"text-align: justify;\">Estuvieron presentes en esta exhibici\u00f3n el Jefe del Servicio Penitenciario Bonaerense, Javier Mendoza; el Director General de Coordinaci\u00f3n, Javier Ciancio; el Director General de Asistencia y Tratamiento, Jorge D\u2019Amico; el Subdirector de Seguridad, Mario Mazzeo; el Jefe del Complejo Penitenciario La Plata, Leonardo Olivares; el Director de la Unidad 9, Ram\u00f3n Gim\u00e9nez; el Jefe de Deportes del SPB, Marcos Blanes y el Director de Deportes Federados, Emilio Ojeda.<\/p>\n<p style=\"text-align: justify;\">La exhibici\u00f3n const\u00f3 de ocho combates de 3 rounds cada uno. El plato fuerte se desarroll\u00f3 en el cuarto, cuando Y\u00e9sica Bopp mostr\u00f3 al p\u00fablico los t\u00edtulos conseguidos en la OMB y la AMB.<\/p>\n<p style=\"text-align: justify;\">Tras su presentaci\u00f3n, la joven campeona admiti\u00f3 que se sinti\u00f3 \u201ccomo en una pelea por el t\u00edtulo, ya que el p\u00fablico fue muy emotivo\u201d.<\/p>\n<p style=\"text-align: justify;\">\u201cEl boxeo es una pr\u00e1ctica que tiene valores muy importantes basados en el entrenamiento y en la t\u00e9cnica, que se pueden ir perfeccionando d\u00eda a d\u00eda\u201d, ampli\u00f3.<\/p>\n<p style=\"text-align: justify;\">El boxeo es un deporte muy practicado en la Unidad 9, ya que m\u00e1s de 15 internos realizan los entrenamientos en el gimnasio del establecimiento. Meses atr\u00e1s se celebr\u00f3 la primera exhibici\u00f3n en la c\u00e1rcel y los resultados fueron positivos.<\/p>\n<p style=\"text-align: justify;\">Los internos cuentan con el apoyo de un entrenador que fue boxeador profesional y en la actualidad se encuentra detenido. El gimnasio cuenta con todos los elementos para la practica del deporte y la c\u00e1rcel brinda dos espacios destinados a los combates propiamente dichos.<\/p>\n<p style=\"text-align: justify;\">El Director de Unidad, Ram\u00f3n Gim\u00e9nez, precis\u00f3 que \u201clos objetivos son claros y siguen un rumbo, potenciando las actividades culturales, educativas y deportivas. Estamos instaurando pautas de conducta y brindamos un apoyo necesario para poder sobrellevar la situaci\u00f3n de encierro\u201d, refiri\u00f3.<\/p>\n","protected":false},"excerpt":{"rendered":"<p>La campeona del mundo minimosca, Y\u00e9sica Bopp, realiz\u00f3 una exhibici\u00f3n box\u00edstica frente a m\u00e1s de 200 internos en la Unidad Penal 9 de La Plata. Tambi\u00e9n se presentaron otros 20 boxeadores de la selecci\u00f3n argentina que compitieron recientemente en los Juegos Panamericanos y en los Odesur. Estuvieron presentes en esta exhibici\u00f3n el Jefe del Servicio&hellip;<\/p>\n","protected":false},"author":1,"featured_media":0,"comment_status":"open","ping_status":"open","sticky":false,"template":"","format":"standard","meta":{"footnotes":""},"categories":[19],"tags":[2066,742,239,3866,878],"class_list":["post-7817","post","type-post","status-publish","format-standard","hentry","category-intramuros","tag-boxeo","tag-detenidos","tag-la-plata","tag-unidad-penal-9","tag-yesica-bopp"],"_links":{"self":[{"href":"https:\/\/www.elsindical.com.ar\/notas\/wp-json\/wp\/v2\/posts\/7817","targetHints":{"allow":["GET"]}}],"collection":[{"href":"https:\/\/www.elsindical.com.ar\/notas\/wp-json\/wp\/v2\/posts"}],"about":[{"href":"https:\/\/www.elsindical.com.ar\/notas\/wp-json\/wp\/v2\/types\/post"}],"author":[{"embeddable":true,"href":"https:\/\/www.elsindical.com.ar\/notas\/wp-json\/wp\/v2\/users\/1"}],"replies":[{"embeddable":true,"href":"https:\/\/www.elsindical.com.ar\/notas\/wp-json\/wp\/v2\/comments?post=7817"}],"version-history":[{"count":2,"href":"https:\/\/www.elsindical.com.ar\/notas\/wp-json\/wp\/v2\/posts\/7817\/revisions"}],"predecessor-version":[{"id":7820,"href":"https:\/\/www.elsindical.com.ar\/notas\/wp-json\/wp\/v2\/posts\/7817\/revisions\/7820"}],"wp:attachment":[{"href":"https:\/\/www.elsindical.com.ar\/notas\/wp-json\/wp\/v2\/media?parent=7817"}],"wp:term":[{"taxonomy":"category","embeddable":true,"href":"https:\/\/www.elsindical.com.ar\/notas\/wp-json\/wp\/v2\/categories?post=7817"},{"taxonomy":"post_tag","embeddable":true,"href":"https:\/\/www.elsindical.com.ar\/notas\/wp-json\/wp\/v2\/tags?post=7817"}],"curies":[{"name":"wp","href":"https:\/\/api.w.org\/{rel}","templated":true}]}}