{"id":78126,"date":"2018-05-07T11:41:00","date_gmt":"2018-05-07T14:41:00","guid":{"rendered":"http:\/\/www.elsindical.com.ar\/notas\/?p=78126"},"modified":"2018-05-07T11:41:00","modified_gmt":"2018-05-07T14:41:00","slug":"mirtha-legrand-me-siento-defraudada-y-decepcionada-por-este-gobierno","status":"publish","type":"post","link":"https:\/\/www.elsindical.com.ar\/notas\/mirtha-legrand-me-siento-defraudada-y-decepcionada-por-este-gobierno\/","title":{"rendered":"Mirtha Legrand: \u00abMe siento defraudada y decepcionada por este Gobierno\u00bb"},"content":{"rendered":"<p><em><span class=\"text description col-xs-8 col-lg-9\"><a href=\"http:\/\/www.elsindical.com.ar\/notas\/var\/www\/html\/notas\/wp-content\/uploads\/2018\/05\/Mirtha-Legrand-critica.jpg\"><img loading=\"lazy\" decoding=\"async\" class=\"alignnone size-medium wp-image-78127\" src=\"http:\/\/www.elsindical.com.ar\/notas\/var\/www\/html\/notas\/wp-content\/uploads\/2018\/05\/Mirtha-Legrand-critica-300x187.jpg\" alt=\"\" width=\"300\" height=\"187\" srcset=\"https:\/\/www.elsindical.com.ar\/notas\/var\/www\/html\/notas\/wp-content\/uploads\/2018\/05\/Mirtha-Legrand-critica-300x187.jpg 300w, https:\/\/www.elsindical.com.ar\/notas\/var\/www\/html\/notas\/wp-content\/uploads\/2018\/05\/Mirtha-Legrand-critica-768x479.jpg 768w, https:\/\/www.elsindical.com.ar\/notas\/var\/www\/html\/notas\/wp-content\/uploads\/2018\/05\/Mirtha-Legrand-critica-481x300.jpg 481w, https:\/\/www.elsindical.com.ar\/notas\/var\/www\/html\/notas\/wp-content\/uploads\/2018\/05\/Mirtha-Legrand-critica.jpg 1000w\" sizes=\"auto, (max-width: 300px) 100vw, 300px\" \/><\/a>\u00a0 \u00a0La conductora de televisi\u00f3n se mostr\u00f3 muy cr\u00edtica con el Gobierno de Macri. \u00abEstoy decepcionada\u00bb asegur\u00f3 Mirtha Legrand en su programa.<\/span><\/em><\/p>\n<p><strong>Mirtha Legrand <\/strong>volvi\u00f3 a mostrarse <strong>muy cr\u00edtica y dura con el gobierno de Mauricio Macri<\/strong>. Lo hizo a trav\u00e9s de declaraciones en su propio programa.<\/p>\n<p>\u00abSi yo fuera Presidenta y tuviera el pa\u00eds en las condiciones que est\u00e1 ahora, en que la gente esta muy preocupada, no me voy de vacaciones y le proh\u00edbo a los ministros que se vayan tambi\u00e9n. <strong>No es el momento para descansar<\/strong>\u00ab, hab\u00eda dicho la conductora la semana pasada. Pero ahora subi\u00f3 el tono y redobl\u00f3 la apuesta.<\/p>\n<p>Mirtha afirm\u00f3 sin amagues: \u00abEsto es un mazazo, el a\u00f1o que viene hay elecciones. Yo ven\u00eda escuchando en la radio a mucha gente que dec\u00eda &#8216;yo los vot\u00e9 pero no los vuelvo a votar&#8217;. Tampoco hay oposici\u00f3n, pero de aqu\u00ed al a\u00f1o que viene a lo mejor&#8230;\u00bb.<\/p>\n<p><strong>Mat\u00edas Tombolini<\/strong>, uno de los invitados al programa, le hizo una pregunta muy clara y directa. \u00abLa luz hay que pagarla en cuotas, los sueldos suben m\u00e1s despacito que los precios, <strong>\u00bfno est\u00e1s un poquito decepcionada?\u00bb, le consult\u00f3 a la conductora<\/strong>.<\/p>\n<p>Mirtha dijo sin dudar: \u00ab<strong>S\u00ed. S\u00ed estoy decepcionada.<\/strong> S\u00ed. A m\u00ed me tom\u00f3 de sorpresa. A m\u00ed como a millones de argentinos. Yo hice mucho para que este gobierno ganara y es como que me hubieran defraudado.<strong> Yo me siento defraudada. Me siento defraudada, digo la verdad<\/strong>\u00ab.<\/p>\n","protected":false},"excerpt":{"rendered":"<p>\u00a0 \u00a0La conductora de televisi\u00f3n se mostr\u00f3 muy cr\u00edtica con el Gobierno de Macri. \u00abEstoy decepcionada\u00bb asegur\u00f3 Mirtha Legrand en su programa. Mirtha Legrand volvi\u00f3 a mostrarse muy cr\u00edtica y dura con el gobierno de Mauricio Macri. Lo hizo a trav\u00e9s de declaraciones en su propio programa. \u00abSi yo fuera Presidenta y tuviera el pa\u00eds&hellip;<\/p>\n","protected":false},"author":1,"featured_media":78127,"comment_status":"open","ping_status":"open","sticky":false,"template":"","format":"standard","meta":{"footnotes":""},"categories":[21],"tags":[375,76,24146,5292,12356],"class_list":["post-78126","post","type-post","status-publish","format-standard","has-post-thumbnail","hentry","category-opinion","tag-gobierno","tag-mauricio-macri","tag-medidas-economicas","tag-mirtha-legrand","tag-pobreza"],"_links":{"self":[{"href":"https:\/\/www.elsindical.com.ar\/notas\/wp-json\/wp\/v2\/posts\/78126","targetHints":{"allow":["GET"]}}],"collection":[{"href":"https:\/\/www.elsindical.com.ar\/notas\/wp-json\/wp\/v2\/posts"}],"about":[{"href":"https:\/\/www.elsindical.com.ar\/notas\/wp-json\/wp\/v2\/types\/post"}],"author":[{"embeddable":true,"href":"https:\/\/www.elsindical.com.ar\/notas\/wp-json\/wp\/v2\/users\/1"}],"replies":[{"embeddable":true,"href":"https:\/\/www.elsindical.com.ar\/notas\/wp-json\/wp\/v2\/comments?post=78126"}],"version-history":[{"count":1,"href":"https:\/\/www.elsindical.com.ar\/notas\/wp-json\/wp\/v2\/posts\/78126\/revisions"}],"predecessor-version":[{"id":78128,"href":"https:\/\/www.elsindical.com.ar\/notas\/wp-json\/wp\/v2\/posts\/78126\/revisions\/78128"}],"wp:featuredmedia":[{"embeddable":true,"href":"https:\/\/www.elsindical.com.ar\/notas\/wp-json\/wp\/v2\/media\/78127"}],"wp:attachment":[{"href":"https:\/\/www.elsindical.com.ar\/notas\/wp-json\/wp\/v2\/media?parent=78126"}],"wp:term":[{"taxonomy":"category","embeddable":true,"href":"https:\/\/www.elsindical.com.ar\/notas\/wp-json\/wp\/v2\/categories?post=78126"},{"taxonomy":"post_tag","embeddable":true,"href":"https:\/\/www.elsindical.com.ar\/notas\/wp-json\/wp\/v2\/tags?post=78126"}],"curies":[{"name":"wp","href":"https:\/\/api.w.org\/{rel}","templated":true}]}}