{"id":78123,"date":"2018-05-07T11:33:56","date_gmt":"2018-05-07T14:33:56","guid":{"rendered":"http:\/\/www.elsindical.com.ar\/notas\/?p=78123"},"modified":"2018-05-07T11:33:56","modified_gmt":"2018-05-07T14:33:56","slug":"%e2%99%acnonpalidece-junto-a-israel-vibration-en-groove-%e2%9a%a1","status":"publish","type":"post","link":"https:\/\/www.elsindical.com.ar\/notas\/%e2%99%acnonpalidece-junto-a-israel-vibration-en-groove-%e2%9a%a1\/","title":{"rendered":"\u266c\u00a1Nonpalidece junto a Israel Vibration en Groove! \u26a1"},"content":{"rendered":"<table border=\"0\" cellspacing=\"0\" cellpadding=\"0\">\n<tbody>\n<tr>\n<td class=\"stack-column\" valign=\"top\">\n<div align=\"center\"><a href=\"http:\/\/www.elsindical.com.ar\/notas\/var\/www\/html\/notas\/wp-content\/uploads\/2018\/05\/israel-vibration-960-x-401.jpg\"><img loading=\"lazy\" decoding=\"async\" class=\"alignnone size-medium wp-image-78124\" src=\"http:\/\/www.elsindical.com.ar\/notas\/var\/www\/html\/notas\/wp-content\/uploads\/2018\/05\/israel-vibration-960-x-401-300x125.jpg\" alt=\"\" width=\"300\" height=\"125\" srcset=\"https:\/\/www.elsindical.com.ar\/notas\/var\/www\/html\/notas\/wp-content\/uploads\/2018\/05\/israel-vibration-960-x-401-300x125.jpg 300w, https:\/\/www.elsindical.com.ar\/notas\/var\/www\/html\/notas\/wp-content\/uploads\/2018\/05\/israel-vibration-960-x-401-500x209.jpg 500w, https:\/\/www.elsindical.com.ar\/notas\/var\/www\/html\/notas\/wp-content\/uploads\/2018\/05\/israel-vibration-960-x-401.jpg 700w\" sizes=\"auto, (max-width: 300px) 100vw, 300px\" \/><\/a>Israel Vibration<br \/>\n&amp; Roots Radics Band<\/div>\n<\/td>\n<\/tr>\n<\/tbody>\n<\/table>\n<table border=\"0\" cellspacing=\"0\" cellpadding=\"0\">\n<tbody>\n<tr>\n<td class=\"stack-column\" valign=\"top\">\n<div>\n<div>y NONPALIDECE<\/div>\n<\/div>\n<\/td>\n<\/tr>\n<\/tbody>\n<\/table>\n<table border=\"0\" cellspacing=\"0\" cellpadding=\"0\">\n<tbody>\n<tr>\n<td class=\"stack-column\" valign=\"top\">\n<div>\n<div>\u00a1JUNTOS EN BUENOS AIRES!<\/div>\n<\/div>\n<\/td>\n<\/tr>\n<\/tbody>\n<\/table>\n<table border=\"0\" cellspacing=\"0\" cellpadding=\"0\">\n<tbody>\n<tr>\n<td class=\"stack-column\" valign=\"top\">\n<div>\n<div>Mi\u00e9rcoles 9 de mayo, 19hs.<\/div>\n<div>Groove, Av. Santa Fe 4389, Palermo.<\/div>\n<\/div>\n<\/td>\n<\/tr>\n<\/tbody>\n<\/table>\n<table border=\"0\" cellspacing=\"0\" cellpadding=\"0\">\n<tbody>\n<tr>\n<td class=\"stack-column\" align=\"center\" valign=\"top\">\n<div class=\"eddie-wrapper\"><a title=\"Este enlace externo se abrir\u00e1 en una nueva ventana\" href=\"http:\/\/trk.news.rockyreggae.com\/pl\/c?t=XgkRy9K3epP3lMa05xgu2JEyNUfpbvgedSIz8q4eSpnUuvKPzrWPEY46pndIxsntpKApBtno8CEY%0AVXMLH0Me-PNDnrQuxKWMwGWRBb_1Hnw%3D\" target=\"_blank\" rel=\"noopener\">Anticipadas por Ticketek<\/a><\/div>\n<div align=\"center\"><a class=\"\" title=\"Este enlace externo se abrir\u00e1 en una nueva ventana\" href=\"http:\/\/trk.news.rockyreggae.com\/pl\/c?t=XgkRy9K3epP3lMa05xgu2JEyNUfpbvgedSIz8q4eSpnUuvKPzrWPEY46pndIxsntpKApBtno8CEY%0AVXMLH0Me-PNDnrQuxKWMwGWRBb_1Hnw%3D\" target=\"_blank\" rel=\"noopener\">https:\/\/www.ticketek.com.ar\/israel-vibration\/groove<\/a><\/div>\n<\/td>\n<\/tr>\n<\/tbody>\n<\/table>\n<table border=\"0\" cellspacing=\"0\" cellpadding=\"0\">\n<tbody>\n<tr>\n<td class=\"stack-column\" valign=\"top\">\n<div>\n<div>Los grandes referentes del reggae jamaiquino, regresan a nuestro pa\u00eds en el marco de una nueva gira por Am\u00e9rica, presentando las canciones de su \u00faltimo disco \u00abPlay It Real\u00bb. La cita es \u00e9ste mi\u00e9rcoles 9 de mayo en Groove de Palermo\u00a0y, como para hacerla a\u00fan m\u00e1s\u00a0especial&#8230;<br \/>\n\u00a1se suma NONPALIDECE a la velada!<\/div>\n<\/div>\n<\/td>\n<\/tr>\n<\/tbody>\n<\/table>\n<table border=\"0\" cellspacing=\"0\" cellpadding=\"0\">\n<tbody>\n<tr class=\"selected-region\">\n<td class=\"stack-column\" valign=\"top\">\n<div class=\"selected-element\">\n<div>Sobre Israel Vibration<\/div>\n<div><\/div>\n<div>ISRAEL VIBRATION es un dueto formado por Cecil Spence (Skelly) y Lacelle Bulgin (Wiss), ambos nacidos en Jamaica. A mediados de la d\u00e9cada de los 70, a\u00fan ni\u00f1os, se conocieron en el Centro de Rehabilitaci\u00f3n Mona, para v\u00edctimas de la Poliomielitis.<\/div>\n<div><\/div>\n<div>Este centro atend\u00eda a los deficientes f\u00edsicos cuyas familias ten\u00edan pocos recursos y necesitaban atenci\u00f3n especial. As\u00ed, ellos aprendieron desde temprano la necesidad de desarrollar habilidad de supervivencia, y aunque la polio es una enfermedad innegablemente mutiladora, los j\u00f3venes no permitieron que su situaci\u00f3n f\u00edsica sobrepasara su voluntad poderosa y su capacidad creativa.<\/div>\n<div><\/div>\n<div>La fuerza de voluntad marca el trabajo de esos hombres. La propia historia de vida de ellos, que nos traen un ejemplo enorme de superaci\u00f3n, sumados a todo el legado musical que construyeron, son testimonios de la fuerza espiritual que encontraron en el Rastafarianismo.<\/div>\n<div><\/div>\n<div>La primera grabaci\u00f3n del grupo se produjo en 1976, haciendo gran \u00e9xito con la punzante canci\u00f3n \u00abThe Same Song\u00bb, que da t\u00edtulo a su primer \u00e1lbum, obra esencial en la colecci\u00f3n de todo amante del reggae que se precie. Fue lanzado por la grabadora EMI y dise\u00f1\u00f3 el grupo internacionalmente.<\/div>\n<div><\/div>\n<div>Sin duda, estamos ante verdaderas \u00ableyendas vivas\u00bb del reggae. De la misma generaci\u00f3n de los iconos Bob Marley y Peter Tosh, los Israel Vibration ayudaron a escribir la historia del reggae y contin\u00faan haci\u00e9ndolo con mucha propiedad y legitimidad. Due\u00f1os de una performance de escenario contagioso y de un peso instrumental dif\u00edcilmente alcanzado por otros grupos, Israel Vibration contin\u00faa moldeando para el mundo y redefiniendo el t\u00e9rmino reggae Raiz.<\/div>\n<div><\/div>\n<div>Con la energ\u00eda digna de adolescentes, el grupo contin\u00faa en plena actividad, present\u00e1ndose en todo el mundo, y, para delirio de los amantes del g\u00e9nero, en mayo ellos est\u00e1n de vuelta en una gira que promete extasiar plateas por todo Brasil y algunos pa\u00edses de la regi\u00f3n Am\u00e9rica del Sur.<\/div>\n<div><\/div>\n<div>El mi\u00e9rcoles 9 de mayo se estar\u00e1n presentando una vez m\u00e1s en nuestro pa\u00eds junto a la Roots Radic Band, con un \u00fanico concierto en Groove de Palermo.<\/div>\n<\/div>\n<\/td>\n<\/tr>\n<\/tbody>\n<\/table>\n<table border=\"0\" cellspacing=\"0\" cellpadding=\"0\">\n<tbody>\n<tr>\n<td class=\"stack-column\" valign=\"top\">\n<div>\n<div>Produce Rock&amp;Reggae<\/div>\n<\/div>\n<div>\n<div>Prensa y difusi\u00f3n<\/div>\n<div>Antonela Barchiesi<\/div>\n<div>tone@rockyreggae.com.ar<\/div>\n<div>Nicolas Becerra<\/div>\n<div>nicobecerra@rockyreggae.com.ar<\/div>\n<\/div>\n<\/td>\n<\/tr>\n<\/tbody>\n<\/table>\n","protected":false},"excerpt":{"rendered":"<p>Israel Vibration &amp; Roots Radics Band y NONPALIDECE \u00a1JUNTOS EN BUENOS AIRES! Mi\u00e9rcoles 9 de mayo, 19hs. Groove, Av. Santa Fe 4389, Palermo. Anticipadas por Ticketek https:\/\/www.ticketek.com.ar\/israel-vibration\/groove Los grandes referentes del reggae jamaiquino, regresan a nuestro pa\u00eds en el marco de una nueva gira por Am\u00e9rica, presentando las canciones de su \u00faltimo disco \u00abPlay It&hellip;<\/p>\n","protected":false},"author":1,"featured_media":78124,"comment_status":"open","ping_status":"open","sticky":false,"template":"","format":"standard","meta":{"footnotes":""},"categories":[15],"tags":[13797,28829,19438],"class_list":["post-78123","post","type-post","status-publish","format-standard","has-post-thumbnail","hentry","category-espectaculos","tag-groove","tag-israel-vibration","tag-nonpalidece"],"_links":{"self":[{"href":"https:\/\/www.elsindical.com.ar\/notas\/wp-json\/wp\/v2\/posts\/78123","targetHints":{"allow":["GET"]}}],"collection":[{"href":"https:\/\/www.elsindical.com.ar\/notas\/wp-json\/wp\/v2\/posts"}],"about":[{"href":"https:\/\/www.elsindical.com.ar\/notas\/wp-json\/wp\/v2\/types\/post"}],"author":[{"embeddable":true,"href":"https:\/\/www.elsindical.com.ar\/notas\/wp-json\/wp\/v2\/users\/1"}],"replies":[{"embeddable":true,"href":"https:\/\/www.elsindical.com.ar\/notas\/wp-json\/wp\/v2\/comments?post=78123"}],"version-history":[{"count":1,"href":"https:\/\/www.elsindical.com.ar\/notas\/wp-json\/wp\/v2\/posts\/78123\/revisions"}],"predecessor-version":[{"id":78125,"href":"https:\/\/www.elsindical.com.ar\/notas\/wp-json\/wp\/v2\/posts\/78123\/revisions\/78125"}],"wp:featuredmedia":[{"embeddable":true,"href":"https:\/\/www.elsindical.com.ar\/notas\/wp-json\/wp\/v2\/media\/78124"}],"wp:attachment":[{"href":"https:\/\/www.elsindical.com.ar\/notas\/wp-json\/wp\/v2\/media?parent=78123"}],"wp:term":[{"taxonomy":"category","embeddable":true,"href":"https:\/\/www.elsindical.com.ar\/notas\/wp-json\/wp\/v2\/categories?post=78123"},{"taxonomy":"post_tag","embeddable":true,"href":"https:\/\/www.elsindical.com.ar\/notas\/wp-json\/wp\/v2\/tags?post=78123"}],"curies":[{"name":"wp","href":"https:\/\/api.w.org\/{rel}","templated":true}]}}