{"id":78049,"date":"2018-05-02T17:32:42","date_gmt":"2018-05-02T20:32:42","guid":{"rendered":"http:\/\/www.elsindical.com.ar\/notas\/?p=78049"},"modified":"2018-05-02T17:32:42","modified_gmt":"2018-05-02T20:32:42","slug":"quilmes-tiroteo-con-policias-que-intentaron-robar-garita-policial","status":"publish","type":"post","link":"https:\/\/www.elsindical.com.ar\/notas\/quilmes-tiroteo-con-policias-que-intentaron-robar-garita-policial\/","title":{"rendered":"Quilmes: Tiroteo con polic\u00edas que intentaron robar garita policial"},"content":{"rendered":"<p><em>\u00a0 <a href=\"http:\/\/www.elsindical.com.ar\/notas\/var\/www\/html\/notas\/wp-content\/uploads\/2018\/05\/tiroteo-en-Quilmes-02.jpg\"><img loading=\"lazy\" decoding=\"async\" class=\"alignnone size-medium wp-image-78051\" src=\"http:\/\/www.elsindical.com.ar\/notas\/var\/www\/html\/notas\/wp-content\/uploads\/2018\/05\/tiroteo-en-Quilmes-02-300x169.jpg\" alt=\"\" width=\"300\" height=\"169\" srcset=\"https:\/\/www.elsindical.com.ar\/notas\/var\/www\/html\/notas\/wp-content\/uploads\/2018\/05\/tiroteo-en-Quilmes-02-300x169.jpg 300w, https:\/\/www.elsindical.com.ar\/notas\/var\/www\/html\/notas\/wp-content\/uploads\/2018\/05\/tiroteo-en-Quilmes-02-768x432.jpg 768w, https:\/\/www.elsindical.com.ar\/notas\/var\/www\/html\/notas\/wp-content\/uploads\/2018\/05\/tiroteo-en-Quilmes-02-500x281.jpg 500w, https:\/\/www.elsindical.com.ar\/notas\/var\/www\/html\/notas\/wp-content\/uploads\/2018\/05\/tiroteo-en-Quilmes-02-460x260.jpg 460w, https:\/\/www.elsindical.com.ar\/notas\/var\/www\/html\/notas\/wp-content\/uploads\/2018\/05\/tiroteo-en-Quilmes-02.jpg 960w\" sizes=\"auto, (max-width: 300px) 100vw, 300px\" \/><\/a>Delincuentes ingresaron a los tiros a una unidad en ese partido bonaerense y los efectivos respondieron con fuego. Un polic\u00eda y un ladr\u00f3n resultaron heridos de bala.<\/em><\/p>\n<p>Un delincuente result\u00f3 herido de dos balazos al irrumpir esta tarde en el interior de un destacamento policial, tipo contenedor, del partido bonaerense de Quilmes y enfrentarse con dos efectivos, uno de los cuales recibi\u00f3 un tiro en su chaleco antibalas, informaron fuentes de la fuerza.<\/p>\n<p>Dos delincuentes ingresaron a la garita policial situada en las avenidas La Plata y Smith y generaron un tiroteo contra los efectivos. En medio de la violenta situaci\u00f3n, un polic\u00eda recibi\u00f3 una bala en su chaleco y un ladr\u00f3n result\u00f3 herido. El c\u00f3mplice del afectado logr\u00f3 escapar.<\/p>\n<p><a href=\"http:\/\/www.elsindical.com.ar\/notas\/var\/www\/html\/notas\/wp-content\/uploads\/2018\/05\/tiroteo-en-Quilmes.jpg\"><img loading=\"lazy\" decoding=\"async\" class=\"alignnone size-medium wp-image-78054\" src=\"http:\/\/www.elsindical.com.ar\/notas\/var\/www\/html\/notas\/wp-content\/uploads\/2018\/05\/tiroteo-en-Quilmes-300x169.jpg\" alt=\"\" width=\"300\" height=\"169\" srcset=\"https:\/\/www.elsindical.com.ar\/notas\/var\/www\/html\/notas\/wp-content\/uploads\/2018\/05\/tiroteo-en-Quilmes-300x169.jpg 300w, https:\/\/www.elsindical.com.ar\/notas\/var\/www\/html\/notas\/wp-content\/uploads\/2018\/05\/tiroteo-en-Quilmes-500x281.jpg 500w, https:\/\/www.elsindical.com.ar\/notas\/var\/www\/html\/notas\/wp-content\/uploads\/2018\/05\/tiroteo-en-Quilmes-460x260.jpg 460w, https:\/\/www.elsindical.com.ar\/notas\/var\/www\/html\/notas\/wp-content\/uploads\/2018\/05\/tiroteo-en-Quilmes.jpg 745w\" sizes=\"auto, (max-width: 300px) 100vw, 300px\" \/><\/a> <a href=\"http:\/\/www.elsindical.com.ar\/notas\/var\/www\/html\/notas\/wp-content\/uploads\/2018\/05\/tiroteo-en-Quilmes-01.jpg\"><img loading=\"lazy\" decoding=\"async\" class=\"alignnone size-medium wp-image-78053\" src=\"http:\/\/www.elsindical.com.ar\/notas\/var\/www\/html\/notas\/wp-content\/uploads\/2018\/05\/tiroteo-en-Quilmes-01-225x300.jpg\" alt=\"\" width=\"225\" height=\"300\" srcset=\"https:\/\/www.elsindical.com.ar\/notas\/var\/www\/html\/notas\/wp-content\/uploads\/2018\/05\/tiroteo-en-Quilmes-01-225x300.jpg 225w, https:\/\/www.elsindical.com.ar\/notas\/var\/www\/html\/notas\/wp-content\/uploads\/2018\/05\/tiroteo-en-Quilmes-01.jpg 745w\" sizes=\"auto, (max-width: 225px) 100vw, 225px\" \/><\/a> <a href=\"http:\/\/www.elsindical.com.ar\/notas\/var\/www\/html\/notas\/wp-content\/uploads\/2018\/05\/pistola-numeraci\u00f3n-suprimida.jpg\"><img loading=\"lazy\" decoding=\"async\" class=\"alignnone size-medium wp-image-78052\" src=\"http:\/\/www.elsindical.com.ar\/notas\/var\/www\/html\/notas\/wp-content\/uploads\/2018\/05\/pistola-numeraci\u00f3n-suprimida-169x300.jpg\" alt=\"\" width=\"169\" height=\"300\" srcset=\"https:\/\/www.elsindical.com.ar\/notas\/var\/www\/html\/notas\/wp-content\/uploads\/2018\/05\/pistola-numeraci\u00f3n-suprimida-169x300.jpg 169w, https:\/\/www.elsindical.com.ar\/notas\/var\/www\/html\/notas\/wp-content\/uploads\/2018\/05\/pistola-numeraci\u00f3n-suprimida-576x1024.jpg 576w, https:\/\/www.elsindical.com.ar\/notas\/var\/www\/html\/notas\/wp-content\/uploads\/2018\/05\/pistola-numeraci\u00f3n-suprimida.jpg 720w\" sizes=\"auto, (max-width: 169px) 100vw, 169px\" \/><\/a> <a href=\"http:\/\/www.elsindical.com.ar\/notas\/var\/www\/html\/notas\/wp-content\/uploads\/2018\/05\/tiroteo-en-Quilmes-03.jpg\"><img loading=\"lazy\" decoding=\"async\" class=\"alignnone size-medium wp-image-78050\" src=\"http:\/\/www.elsindical.com.ar\/notas\/var\/www\/html\/notas\/wp-content\/uploads\/2018\/05\/tiroteo-en-Quilmes-03-225x300.jpg\" alt=\"\" width=\"225\" height=\"300\" srcset=\"https:\/\/www.elsindical.com.ar\/notas\/var\/www\/html\/notas\/wp-content\/uploads\/2018\/05\/tiroteo-en-Quilmes-03-225x300.jpg 225w, https:\/\/www.elsindical.com.ar\/notas\/var\/www\/html\/notas\/wp-content\/uploads\/2018\/05\/tiroteo-en-Quilmes-03.jpg 720w\" sizes=\"auto, (max-width: 225px) 100vw, 225px\" \/><\/a><\/p>\n<p>&nbsp;<\/p>\n","protected":false},"excerpt":{"rendered":"<p>\u00a0 Delincuentes ingresaron a los tiros a una unidad en ese partido bonaerense y los efectivos respondieron con fuego. Un polic\u00eda y un ladr\u00f3n resultaron heridos de bala. Un delincuente result\u00f3 herido de dos balazos al irrumpir esta tarde en el interior de un destacamento policial, tipo contenedor, del partido bonaerense de Quilmes y enfrentarse&hellip;<\/p>\n","protected":false},"author":1,"featured_media":78051,"comment_status":"open","ping_status":"open","sticky":false,"template":"","format":"standard","meta":{"footnotes":""},"categories":[22],"tags":[1211,28789,148,21009,684,238],"class_list":["post-78049","post","type-post","status-publish","format-standard","has-post-thumbnail","hentry","category-policiales","tag-chaleco-antibalas","tag-garita","tag-herido","tag-policia-local","tag-quilmes","tag-tiroteo"],"_links":{"self":[{"href":"https:\/\/www.elsindical.com.ar\/notas\/wp-json\/wp\/v2\/posts\/78049","targetHints":{"allow":["GET"]}}],"collection":[{"href":"https:\/\/www.elsindical.com.ar\/notas\/wp-json\/wp\/v2\/posts"}],"about":[{"href":"https:\/\/www.elsindical.com.ar\/notas\/wp-json\/wp\/v2\/types\/post"}],"author":[{"embeddable":true,"href":"https:\/\/www.elsindical.com.ar\/notas\/wp-json\/wp\/v2\/users\/1"}],"replies":[{"embeddable":true,"href":"https:\/\/www.elsindical.com.ar\/notas\/wp-json\/wp\/v2\/comments?post=78049"}],"version-history":[{"count":1,"href":"https:\/\/www.elsindical.com.ar\/notas\/wp-json\/wp\/v2\/posts\/78049\/revisions"}],"predecessor-version":[{"id":78055,"href":"https:\/\/www.elsindical.com.ar\/notas\/wp-json\/wp\/v2\/posts\/78049\/revisions\/78055"}],"wp:featuredmedia":[{"embeddable":true,"href":"https:\/\/www.elsindical.com.ar\/notas\/wp-json\/wp\/v2\/media\/78051"}],"wp:attachment":[{"href":"https:\/\/www.elsindical.com.ar\/notas\/wp-json\/wp\/v2\/media?parent=78049"}],"wp:term":[{"taxonomy":"category","embeddable":true,"href":"https:\/\/www.elsindical.com.ar\/notas\/wp-json\/wp\/v2\/categories?post=78049"},{"taxonomy":"post_tag","embeddable":true,"href":"https:\/\/www.elsindical.com.ar\/notas\/wp-json\/wp\/v2\/tags?post=78049"}],"curies":[{"name":"wp","href":"https:\/\/api.w.org\/{rel}","templated":true}]}}