{"id":78045,"date":"2018-05-02T17:25:38","date_gmt":"2018-05-02T20:25:38","guid":{"rendered":"http:\/\/www.elsindical.com.ar\/notas\/?p=78045"},"modified":"2018-05-02T17:25:38","modified_gmt":"2018-05-02T20:25:38","slug":"efectivos-de-la-policia-de-la-ciudad-capturaron-al-profugo-pinocho-jefe-de-la-barra-de-arsenal","status":"publish","type":"post","link":"https:\/\/www.elsindical.com.ar\/notas\/efectivos-de-la-policia-de-la-ciudad-capturaron-al-profugo-pinocho-jefe-de-la-barra-de-arsenal\/","title":{"rendered":"Efectivos de la Polic\u00eda de la Ciudad capturaron al pr\u00f3fugo \u00abPinocho\u00bb jefe de la barra de Arsenal"},"content":{"rendered":"<p><em><a href=\"http:\/\/www.elsindical.com.ar\/notas\/var\/www\/html\/notas\/wp-content\/uploads\/2018\/05\/detenci\u00f3n-de-Pinocho-2.jpeg\"><img loading=\"lazy\" decoding=\"async\" class=\"alignnone size-medium wp-image-78046\" src=\"http:\/\/www.elsindical.com.ar\/notas\/var\/www\/html\/notas\/wp-content\/uploads\/2018\/05\/detenci\u00f3n-de-Pinocho-2-300x169.jpeg\" alt=\"\" width=\"300\" height=\"169\" srcset=\"https:\/\/www.elsindical.com.ar\/notas\/var\/www\/html\/notas\/wp-content\/uploads\/2018\/05\/detenci\u00f3n-de-Pinocho-2-300x169.jpeg 300w, https:\/\/www.elsindical.com.ar\/notas\/var\/www\/html\/notas\/wp-content\/uploads\/2018\/05\/detenci\u00f3n-de-Pinocho-2-768x432.jpeg 768w, https:\/\/www.elsindical.com.ar\/notas\/var\/www\/html\/notas\/wp-content\/uploads\/2018\/05\/detenci\u00f3n-de-Pinocho-2-500x281.jpeg 500w, https:\/\/www.elsindical.com.ar\/notas\/var\/www\/html\/notas\/wp-content\/uploads\/2018\/05\/detenci\u00f3n-de-Pinocho-2-460x260.jpeg 460w, https:\/\/www.elsindical.com.ar\/notas\/var\/www\/html\/notas\/wp-content\/uploads\/2018\/05\/detenci\u00f3n-de-Pinocho-2.jpeg 970w\" sizes=\"auto, (max-width: 300px) 100vw, 300px\" \/><\/a>\u00a0 Se trata de <strong>Javier Alejandro Beliz\u00e1n<\/strong>, quien estaba pr\u00f3fugo hace m\u00e1s de dos a\u00f1os por el asesinato a uno de los integrantes de otra facci\u00f3n de la hinchada violenta del elenco de Sarand\u00ed.<\/em><\/p>\n<p>La Polic\u00eda de la Ciudad logr\u00f3 detener\u00a0al jefe de la barra brava de Arsenal, <strong>Javier Alejandro Beliz\u00e1n<\/strong>, alias <em>Pinocho<\/em>, quien\u00a0estaba pr\u00f3fugo desde 2016 por homicidio agravado contra su\u00a0segundo hombre al mando en la barra del club de Sarand\u00ed, <strong>Uriel \u00c1lvarez<\/strong>.<\/p>\n<p>El hecho ocurri\u00f3 a mediados de 2016 por una diferencia econ\u00f3mica con Alvarez, que habr\u00eda terminado con el asesinato con arma de fuego por parte de <em>Pinocho<\/em>.<\/p>\n<p>Tras una extensa investigaci\u00f3n, se logr\u00f3 recabar diversa informaci\u00f3n. El delincuente, quien se mudo de domicilio en varias oportunidades para evitar ser detenido, prend\u00eda y apagaba el celular a 2 km de donde dorm\u00eda y cambiaba de auto\u00a0todos los meses.<\/p>\n<p>A trav\u00e9s de una investigaci\u00f3n sobre la gente cercana de Beliz\u00e1n, no solo se dio con su paradero, sino que surgieron\u00a0diferentes il\u00edcitos que a\u00fan se est\u00e1n investigando, entre los que se destacan salideras bancarias, venta de drogas y robos a mano armada.<\/p>\n<p><a href=\"http:\/\/www.elsindical.com.ar\/notas\/var\/www\/html\/notas\/wp-content\/uploads\/2018\/05\/detenci\u00f3n-de-Pinocho.jpeg\"><img loading=\"lazy\" decoding=\"async\" class=\"alignnone size-medium wp-image-78047\" src=\"http:\/\/www.elsindical.com.ar\/notas\/var\/www\/html\/notas\/wp-content\/uploads\/2018\/05\/detenci\u00f3n-de-Pinocho-300x169.jpeg\" alt=\"\" width=\"300\" height=\"169\" srcset=\"https:\/\/www.elsindical.com.ar\/notas\/var\/www\/html\/notas\/wp-content\/uploads\/2018\/05\/detenci\u00f3n-de-Pinocho-300x169.jpeg 300w, https:\/\/www.elsindical.com.ar\/notas\/var\/www\/html\/notas\/wp-content\/uploads\/2018\/05\/detenci\u00f3n-de-Pinocho-768x432.jpeg 768w, https:\/\/www.elsindical.com.ar\/notas\/var\/www\/html\/notas\/wp-content\/uploads\/2018\/05\/detenci\u00f3n-de-Pinocho-500x281.jpeg 500w, https:\/\/www.elsindical.com.ar\/notas\/var\/www\/html\/notas\/wp-content\/uploads\/2018\/05\/detenci\u00f3n-de-Pinocho-460x260.jpeg 460w, https:\/\/www.elsindical.com.ar\/notas\/var\/www\/html\/notas\/wp-content\/uploads\/2018\/05\/detenci\u00f3n-de-Pinocho.jpeg 970w\" sizes=\"auto, (max-width: 300px) 100vw, 300px\" \/><\/a><\/p>\n","protected":false},"excerpt":{"rendered":"<p>\u00a0 Se trata de Javier Alejandro Beliz\u00e1n, quien estaba pr\u00f3fugo hace m\u00e1s de dos a\u00f1os por el asesinato a uno de los integrantes de otra facci\u00f3n de la hinchada violenta del elenco de Sarand\u00ed. La Polic\u00eda de la Ciudad logr\u00f3 detener\u00a0al jefe de la barra brava de Arsenal, Javier Alejandro Beliz\u00e1n, alias Pinocho, quien\u00a0estaba pr\u00f3fugo&hellip;<\/p>\n","protected":false},"author":1,"featured_media":78046,"comment_status":"open","ping_status":"open","sticky":false,"template":"","format":"standard","meta":{"footnotes":""},"categories":[22],"tags":[4266,91,28787,6236,24537,658,28788],"class_list":["post-78045","post","type-post","status-publish","format-standard","has-post-thumbnail","hentry","category-policiales","tag-arsenal","tag-detenido","tag-javier-alejandro-belizan","tag-pinocho","tag-policia-de-la-ciudad","tag-profugo","tag-uriel-alvarez"],"_links":{"self":[{"href":"https:\/\/www.elsindical.com.ar\/notas\/wp-json\/wp\/v2\/posts\/78045","targetHints":{"allow":["GET"]}}],"collection":[{"href":"https:\/\/www.elsindical.com.ar\/notas\/wp-json\/wp\/v2\/posts"}],"about":[{"href":"https:\/\/www.elsindical.com.ar\/notas\/wp-json\/wp\/v2\/types\/post"}],"author":[{"embeddable":true,"href":"https:\/\/www.elsindical.com.ar\/notas\/wp-json\/wp\/v2\/users\/1"}],"replies":[{"embeddable":true,"href":"https:\/\/www.elsindical.com.ar\/notas\/wp-json\/wp\/v2\/comments?post=78045"}],"version-history":[{"count":1,"href":"https:\/\/www.elsindical.com.ar\/notas\/wp-json\/wp\/v2\/posts\/78045\/revisions"}],"predecessor-version":[{"id":78048,"href":"https:\/\/www.elsindical.com.ar\/notas\/wp-json\/wp\/v2\/posts\/78045\/revisions\/78048"}],"wp:featuredmedia":[{"embeddable":true,"href":"https:\/\/www.elsindical.com.ar\/notas\/wp-json\/wp\/v2\/media\/78046"}],"wp:attachment":[{"href":"https:\/\/www.elsindical.com.ar\/notas\/wp-json\/wp\/v2\/media?parent=78045"}],"wp:term":[{"taxonomy":"category","embeddable":true,"href":"https:\/\/www.elsindical.com.ar\/notas\/wp-json\/wp\/v2\/categories?post=78045"},{"taxonomy":"post_tag","embeddable":true,"href":"https:\/\/www.elsindical.com.ar\/notas\/wp-json\/wp\/v2\/tags?post=78045"}],"curies":[{"name":"wp","href":"https:\/\/api.w.org\/{rel}","templated":true}]}}