{"id":78021,"date":"2018-05-02T03:11:38","date_gmt":"2018-05-02T06:11:38","guid":{"rendered":"http:\/\/www.elsindical.com.ar\/notas\/?p=78021"},"modified":"2018-05-02T03:11:38","modified_gmt":"2018-05-02T06:11:38","slug":"el-efectivo-de-la-policia-de-la-ciudad-que-mato-a-un-delincuente-en-retiro-quedo-detenido","status":"publish","type":"post","link":"https:\/\/www.elsindical.com.ar\/notas\/el-efectivo-de-la-policia-de-la-ciudad-que-mato-a-un-delincuente-en-retiro-quedo-detenido\/","title":{"rendered":"El efectivo de la Polic\u00eda de la Ciudad que mat\u00f3 a un delincuente en Retiro qued\u00f3 detenido"},"content":{"rendered":"<p><em><a href=\"http:\/\/www.elsindical.com.ar\/notas\/var\/www\/html\/notas\/wp-content\/uploads\/2018\/05\/delincuente-muerto-en-Retiro.jpg\"><img loading=\"lazy\" decoding=\"async\" class=\"alignnone size-medium wp-image-78022\" src=\"http:\/\/www.elsindical.com.ar\/notas\/var\/www\/html\/notas\/wp-content\/uploads\/2018\/05\/delincuente-muerto-en-Retiro-300x283.jpg\" alt=\"\" width=\"300\" height=\"283\" srcset=\"https:\/\/www.elsindical.com.ar\/notas\/var\/www\/html\/notas\/wp-content\/uploads\/2018\/05\/delincuente-muerto-en-Retiro-300x283.jpg 300w, https:\/\/www.elsindical.com.ar\/notas\/var\/www\/html\/notas\/wp-content\/uploads\/2018\/05\/delincuente-muerto-en-Retiro-768x724.jpg 768w, https:\/\/www.elsindical.com.ar\/notas\/var\/www\/html\/notas\/wp-content\/uploads\/2018\/05\/delincuente-muerto-en-Retiro-318x300.jpg 318w, https:\/\/www.elsindical.com.ar\/notas\/var\/www\/html\/notas\/wp-content\/uploads\/2018\/05\/delincuente-muerto-en-Retiro.jpg 960w\" sizes=\"auto, (max-width: 300px) 100vw, 300px\" \/><\/a>\u00a0 El efectivo de la Polic\u00eda de la Ciudad que mat\u00f3 de un balazo a un hombre que lo asalt\u00f3 a bordo de un tren del ferrocarril Belgrano Norte, en la estaci\u00f3n de Retiro qued\u00f3 detenido y ser\u00eda indagado esta ma\u00f1ana.<\/em><\/p>\n<p>El incidente ocurri\u00f3 cerca de las 05:30 en una formaci\u00f3n del Belgrano Norte que arribaba a la estaci\u00f3n de Retiro. El oficial de la Divisi\u00f3n Subterr\u00e1neos, vestido de civil, fue sorprendido por dos delincuentes con fines de robo, uno de ellos armado con un cuchillo tipo Tramontina.<\/p>\n<p>Seg\u00fan las fuentes, al verse superado en n\u00famero, el polic\u00eda extrajo su arma y realiz\u00f3 un disparo hacia los ladrones, uno de los cuales result\u00f3 herido en el t\u00f3rax.<\/p>\n<p>Los asaltantes bajaron del tren para huir, aunque el herido cay\u00f3 en el and\u00e9n y el otro fue detenido por un agente de la Polic\u00eda Federal.<\/p>\n<p>Personal del SAME que acudi\u00f3 al lugar determin\u00f3 que el hombre baleado hab\u00eda muerto, al tiempo que constat\u00f3 que ni el polic\u00eda ni el detenido, de 56 a\u00f1os, presentaban lesiones.<\/p>\n<p>La v\u00edctima fue identificada como Marcelo Ariel Viveros, de nacionalidad paraguaya. La Polic\u00eda Federal confirm\u00f3 adem\u00e1s antecedentes por tentativa de robo. En tanto, el otro asaltante que fuera detenido tiene antecedentes por drogas.<\/p>\n","protected":false},"excerpt":{"rendered":"<p>\u00a0 El efectivo de la Polic\u00eda de la Ciudad que mat\u00f3 de un balazo a un hombre que lo asalt\u00f3 a bordo de un tren del ferrocarril Belgrano Norte, en la estaci\u00f3n de Retiro qued\u00f3 detenido y ser\u00eda indagado esta ma\u00f1ana. El incidente ocurri\u00f3 cerca de las 05:30 en una formaci\u00f3n del Belgrano Norte que&hellip;<\/p>\n","protected":false},"author":1,"featured_media":78022,"comment_status":"open","ping_status":"open","sticky":false,"template":"","format":"standard","meta":{"footnotes":""},"categories":[22],"tags":[1550,27659,1515,196,91,1983,1838,24537,532,116],"class_list":["post-78021","post","type-post","status-publish","format-standard","has-post-thumbnail","hentry","category-policiales","tag-antecedentes","tag-belgrano-norte","tag-cuchillo","tag-delincuente","tag-detenido","tag-indagatoria","tag-muerto","tag-policia-de-la-ciudad","tag-retiro","tag-robo"],"_links":{"self":[{"href":"https:\/\/www.elsindical.com.ar\/notas\/wp-json\/wp\/v2\/posts\/78021","targetHints":{"allow":["GET"]}}],"collection":[{"href":"https:\/\/www.elsindical.com.ar\/notas\/wp-json\/wp\/v2\/posts"}],"about":[{"href":"https:\/\/www.elsindical.com.ar\/notas\/wp-json\/wp\/v2\/types\/post"}],"author":[{"embeddable":true,"href":"https:\/\/www.elsindical.com.ar\/notas\/wp-json\/wp\/v2\/users\/1"}],"replies":[{"embeddable":true,"href":"https:\/\/www.elsindical.com.ar\/notas\/wp-json\/wp\/v2\/comments?post=78021"}],"version-history":[{"count":1,"href":"https:\/\/www.elsindical.com.ar\/notas\/wp-json\/wp\/v2\/posts\/78021\/revisions"}],"predecessor-version":[{"id":78023,"href":"https:\/\/www.elsindical.com.ar\/notas\/wp-json\/wp\/v2\/posts\/78021\/revisions\/78023"}],"wp:featuredmedia":[{"embeddable":true,"href":"https:\/\/www.elsindical.com.ar\/notas\/wp-json\/wp\/v2\/media\/78022"}],"wp:attachment":[{"href":"https:\/\/www.elsindical.com.ar\/notas\/wp-json\/wp\/v2\/media?parent=78021"}],"wp:term":[{"taxonomy":"category","embeddable":true,"href":"https:\/\/www.elsindical.com.ar\/notas\/wp-json\/wp\/v2\/categories?post=78021"},{"taxonomy":"post_tag","embeddable":true,"href":"https:\/\/www.elsindical.com.ar\/notas\/wp-json\/wp\/v2\/tags?post=78021"}],"curies":[{"name":"wp","href":"https:\/\/api.w.org\/{rel}","templated":true}]}}