{"id":77984,"date":"2018-04-30T21:54:11","date_gmt":"2018-05-01T00:54:11","guid":{"rendered":"http:\/\/www.elsindical.com.ar\/notas\/?p=77984"},"modified":"2018-04-30T21:54:11","modified_gmt":"2018-05-01T00:54:11","slug":"llega-el-terror-al-distrito-de-las-artes","status":"publish","type":"post","link":"https:\/\/www.elsindical.com.ar\/notas\/llega-el-terror-al-distrito-de-las-artes\/","title":{"rendered":"Llega el terror al Distrito de las Artes"},"content":{"rendered":"<p><strong><a href=\"http:\/\/www.elsindical.com.ar\/notas\/var\/www\/html\/notas\/wp-content\/uploads\/2018\/04\/La-Casa-H.jpg\"><img loading=\"lazy\" decoding=\"async\" class=\"alignnone size-medium wp-image-77985\" src=\"http:\/\/www.elsindical.com.ar\/notas\/var\/www\/html\/notas\/wp-content\/uploads\/2018\/04\/La-Casa-H-300x252.jpg\" alt=\"\" width=\"300\" height=\"252\" srcset=\"https:\/\/www.elsindical.com.ar\/notas\/var\/www\/html\/notas\/wp-content\/uploads\/2018\/04\/La-Casa-H-300x252.jpg 300w, https:\/\/www.elsindical.com.ar\/notas\/var\/www\/html\/notas\/wp-content\/uploads\/2018\/04\/La-Casa-H-357x300.jpg 357w, https:\/\/www.elsindical.com.ar\/notas\/var\/www\/html\/notas\/wp-content\/uploads\/2018\/04\/La-Casa-H.jpg 453w\" sizes=\"auto, (max-width: 300px) 100vw, 300px\" \/><\/a>LA CASA ACHE<\/strong><\/p>\n<p><strong>La Revelaci\u00f3n<\/strong><\/p>\n<p>-Nueva temporada y renovada-<\/p>\n<p><strong>Desde el s\u00e1bado 5 de mayo.<br \/>\n<\/strong>Todos los s\u00e1bados<\/p>\n<p>a las 20.00 hs<\/p>\n<p>en <strong>Teatro ArteBrin<\/strong> &#8211; Ministro Brin 741<\/p>\n<p>Distrito de las Artes &#8211; La Boca &#8211; Buenos Aires<\/p>\n<p>Informes y reservas: tel. 2053-3549<\/p>\n<p>O por AlternativaTeatral<\/p>\n<p><strong>Trailer:<\/strong> <a href=\"https:\/\/www.youtube.com\/watch?v=I9MQiIruoWo&amp;feature=youtu.be\">https:\/\/www.youtube.com\/watch?v=I9MQiIruoWo&amp;feature=youtu.be<\/a><\/p>\n<p>Una noche tormentosa, una casa abandonada y un grupo de j\u00f3venes entre los cuales se desata -a trav\u00e9s de una inesperada revelaci\u00f3n- un sorpresivo suceso que cambiar\u00e1 el rumbo de sus vidas.<\/p>\n<p><strong>Ficha t\u00e9cnica:<\/strong><\/p>\n<p>Dramaturgia y direcci\u00f3n: Fabiana Micheloud<\/p>\n<p>Asistente de direcci\u00f3n: N\u00e9stor Rosendo<\/p>\n<p>Luces y sonido: Macarena Rosendo<\/p>\n<p>Act\u00faan: Candela Rosendo, Diana D&#8217; Virgilio, Cristhian Karpiuk, Daniel Ferrigno, Nestor Rosendo.<\/p>\n<p><a href=\"http:\/\/www.elsindical.com.ar\/notas\/var\/www\/html\/notas\/wp-content\/uploads\/2018\/04\/image007.jpg\"><img loading=\"lazy\" decoding=\"async\" class=\"alignnone size-medium wp-image-77986\" src=\"http:\/\/www.elsindical.com.ar\/notas\/var\/www\/html\/notas\/wp-content\/uploads\/2018\/04\/image007-300x231.jpg\" alt=\"\" width=\"300\" height=\"231\" srcset=\"https:\/\/www.elsindical.com.ar\/notas\/var\/www\/html\/notas\/wp-content\/uploads\/2018\/04\/image007-300x231.jpg 300w, https:\/\/www.elsindical.com.ar\/notas\/var\/www\/html\/notas\/wp-content\/uploads\/2018\/04\/image007-389x300.jpg 389w, https:\/\/www.elsindical.com.ar\/notas\/var\/www\/html\/notas\/wp-content\/uploads\/2018\/04\/image007.jpg 518w\" sizes=\"auto, (max-width: 300px) 100vw, 300px\" \/><\/a><\/p>\n<p><a href=\"http:\/\/www.elsindical.com.ar\/notas\/var\/www\/html\/notas\/wp-content\/uploads\/2018\/04\/image0021.png\"><img loading=\"lazy\" decoding=\"async\" class=\"alignnone size-full wp-image-77987\" src=\"http:\/\/www.elsindical.com.ar\/notas\/var\/www\/html\/notas\/wp-content\/uploads\/2018\/04\/image0021.png\" alt=\"\" width=\"164\" height=\"116\" \/><\/a><\/p>\n","protected":false},"excerpt":{"rendered":"<p>LA CASA ACHE La Revelaci\u00f3n -Nueva temporada y renovada- Desde el s\u00e1bado 5 de mayo. Todos los s\u00e1bados a las 20.00 hs en Teatro ArteBrin &#8211; Ministro Brin 741 Distrito de las Artes &#8211; La Boca &#8211; Buenos Aires Informes y reservas: tel. 2053-3549 O por AlternativaTeatral Trailer: https:\/\/www.youtube.com\/watch?v=I9MQiIruoWo&amp;feature=youtu.be Una noche tormentosa, una casa abandonada&hellip;<\/p>\n","protected":false},"author":1,"featured_media":77985,"comment_status":"open","ping_status":"open","sticky":false,"template":"","format":"standard","meta":{"footnotes":""},"categories":[15],"tags":[28770,2433,28768,28769],"class_list":["post-77984","post","type-post","status-publish","format-standard","has-post-thumbnail","hentry","category-espectaculos","tag-distrito-las-artes","tag-la-boca","tag-la-casa-ache","tag-teatro-artebrin"],"_links":{"self":[{"href":"https:\/\/www.elsindical.com.ar\/notas\/wp-json\/wp\/v2\/posts\/77984","targetHints":{"allow":["GET"]}}],"collection":[{"href":"https:\/\/www.elsindical.com.ar\/notas\/wp-json\/wp\/v2\/posts"}],"about":[{"href":"https:\/\/www.elsindical.com.ar\/notas\/wp-json\/wp\/v2\/types\/post"}],"author":[{"embeddable":true,"href":"https:\/\/www.elsindical.com.ar\/notas\/wp-json\/wp\/v2\/users\/1"}],"replies":[{"embeddable":true,"href":"https:\/\/www.elsindical.com.ar\/notas\/wp-json\/wp\/v2\/comments?post=77984"}],"version-history":[{"count":1,"href":"https:\/\/www.elsindical.com.ar\/notas\/wp-json\/wp\/v2\/posts\/77984\/revisions"}],"predecessor-version":[{"id":77988,"href":"https:\/\/www.elsindical.com.ar\/notas\/wp-json\/wp\/v2\/posts\/77984\/revisions\/77988"}],"wp:featuredmedia":[{"embeddable":true,"href":"https:\/\/www.elsindical.com.ar\/notas\/wp-json\/wp\/v2\/media\/77985"}],"wp:attachment":[{"href":"https:\/\/www.elsindical.com.ar\/notas\/wp-json\/wp\/v2\/media?parent=77984"}],"wp:term":[{"taxonomy":"category","embeddable":true,"href":"https:\/\/www.elsindical.com.ar\/notas\/wp-json\/wp\/v2\/categories?post=77984"},{"taxonomy":"post_tag","embeddable":true,"href":"https:\/\/www.elsindical.com.ar\/notas\/wp-json\/wp\/v2\/tags?post=77984"}],"curies":[{"name":"wp","href":"https:\/\/api.w.org\/{rel}","templated":true}]}}