{"id":77981,"date":"2018-04-30T12:27:16","date_gmt":"2018-04-30T15:27:16","guid":{"rendered":"http:\/\/www.elsindical.com.ar\/notas\/?p=77981"},"modified":"2018-04-30T12:27:16","modified_gmt":"2018-04-30T15:27:16","slug":"drogas-y-detenidos-en-el-estadio-malvinas-argentinas","status":"publish","type":"post","link":"https:\/\/www.elsindical.com.ar\/notas\/drogas-y-detenidos-en-el-estadio-malvinas-argentinas\/","title":{"rendered":"Drogas y detenidos en el Estadio Malvinas Argentinas"},"content":{"rendered":"<p><em>\u00a0<a href=\"http:\/\/www.elsindical.com.ar\/notas\/var\/www\/html\/notas\/wp-content\/uploads\/2018\/04\/secuestro-de-drogas-recital.jpg\"><img loading=\"lazy\" decoding=\"async\" class=\"alignnone size-medium wp-image-77982\" src=\"http:\/\/www.elsindical.com.ar\/notas\/var\/www\/html\/notas\/wp-content\/uploads\/2018\/04\/secuestro-de-drogas-recital-300x169.jpg\" alt=\"\" width=\"300\" height=\"169\" srcset=\"https:\/\/www.elsindical.com.ar\/notas\/var\/www\/html\/notas\/wp-content\/uploads\/2018\/04\/secuestro-de-drogas-recital-300x169.jpg 300w, https:\/\/www.elsindical.com.ar\/notas\/var\/www\/html\/notas\/wp-content\/uploads\/2018\/04\/secuestro-de-drogas-recital-768x432.jpg 768w, https:\/\/www.elsindical.com.ar\/notas\/var\/www\/html\/notas\/wp-content\/uploads\/2018\/04\/secuestro-de-drogas-recital-500x281.jpg 500w, https:\/\/www.elsindical.com.ar\/notas\/var\/www\/html\/notas\/wp-content\/uploads\/2018\/04\/secuestro-de-drogas-recital-460x260.jpg 460w, https:\/\/www.elsindical.com.ar\/notas\/var\/www\/html\/notas\/wp-content\/uploads\/2018\/04\/secuestro-de-drogas-recital.jpg 970w\" sizes=\"auto, (max-width: 300px) 100vw, 300px\" \/><\/a> Ocurri\u00f3 en la \u00abBuenos Aires Trance XV\u00bb que se iba a realizar el Estadio Malvinas Argentinas y que se suspendi\u00f3 por el temporal.<\/em><\/p>\n<p>El fin de semana, en el festival <em>\u201cBuenos Aires Trance XV\u201d <\/em>en el estadio abierto de Malvinas Argentinas, se detuvieron a 10 personas que llevaban distintas <em>\u201cdrogas de dise\u00f1o\u201d<\/em>, como popper, ketamina y marihuana.\u00a0Esto sucedi\u00f3 durante el ingreso del p\u00fablico al evento, que horas m\u00e1s tarde tuvo que ser suspendido por la ca\u00edda de un rayo.<\/p>\n<p>Entre las diez personas que quedaron detenidos llamaron la atenci\u00f3n algunos casos como el de un joven de 28 a\u00f1os de ascendencia asi\u00e1tica que, mientras era revisado, intent\u00f3 escapar y arroj\u00f3 las drogas por el aire. A pesar del piso mojado, pudieron recuperarse 11 de las pastillas de \u00e9xtasis que llevaba.<\/p>\n<p>Otro aprehendido fue un joven de 27 a\u00f1os que llevaba la droga escondida en una peluca. Ten\u00eda un peinado de rastas, pero cuando fue revisado por la polic\u00eda result\u00f3 que no eran propias, sino que se trataba de una peluca que funcionaba como escondite de drogas. Entre las trenzas hab\u00eda seis pastillas de \u00e9xtasis y dos frascos de popper. El popper\u00a0es un l\u00edquido incoloro que se administra por la nariz, generando una sensaci\u00f3n de euforia y mareo que dura unos pocos segundos luego de su inhalaci\u00f3n.<\/p>\n<p>Los escondites que eligen\u00a0para ocultar las drogas son dobles fondos en los bolsillos, en las medias, debajo de las plantillas en las zapatillas, estuches que simulan contener caramelos, o simplemente en alg\u00fan rinc\u00f3n de la billetera.<\/p>\n<p>Otro de los detenidos fue un hombre de 41 a\u00f1os que ten\u00eda 22 pastillas de \u00e9xtasis y quince gramos de ketamina. La ketamina es una sustancia de efecto disociativo (separa la mente del cuerpo) que originalmente se utiliza como anest\u00e9sico para animales, pero en este tipo de fiestas se consume de modo recreativo.<\/p>\n<p>Todos los detenidos fueron trasladados a la comisaria 39. El operativo estuvo a cargo de la Divisi\u00f3n Precursores Qu\u00edmicos de la Direcci\u00f3n de Lucha contra el Narcotr\u00e1fico de la Polic\u00eda de la Ciudad.<\/p>\n","protected":false},"excerpt":{"rendered":"<p>\u00a0 Ocurri\u00f3 en la \u00abBuenos Aires Trance XV\u00bb que se iba a realizar el Estadio Malvinas Argentinas y que se suspendi\u00f3 por el temporal. El fin de semana, en el festival \u201cBuenos Aires Trance XV\u201d en el estadio abierto de Malvinas Argentinas, se detuvieron a 10 personas que llevaban distintas \u201cdrogas de dise\u00f1o\u201d, como popper,&hellip;<\/p>\n","protected":false},"author":1,"featured_media":77982,"comment_status":"open","ping_status":"open","sticky":false,"template":"","format":"standard","meta":{"footnotes":""},"categories":[22],"tags":[28767,742,382,21494,24537],"class_list":["post-77981","post","type-post","status-publish","format-standard","has-post-thumbnail","hentry","category-policiales","tag-buenos-aires-trance-xv","tag-detenidos","tag-drogas","tag-estadio-malvinas-argentinas","tag-policia-de-la-ciudad"],"_links":{"self":[{"href":"https:\/\/www.elsindical.com.ar\/notas\/wp-json\/wp\/v2\/posts\/77981","targetHints":{"allow":["GET"]}}],"collection":[{"href":"https:\/\/www.elsindical.com.ar\/notas\/wp-json\/wp\/v2\/posts"}],"about":[{"href":"https:\/\/www.elsindical.com.ar\/notas\/wp-json\/wp\/v2\/types\/post"}],"author":[{"embeddable":true,"href":"https:\/\/www.elsindical.com.ar\/notas\/wp-json\/wp\/v2\/users\/1"}],"replies":[{"embeddable":true,"href":"https:\/\/www.elsindical.com.ar\/notas\/wp-json\/wp\/v2\/comments?post=77981"}],"version-history":[{"count":1,"href":"https:\/\/www.elsindical.com.ar\/notas\/wp-json\/wp\/v2\/posts\/77981\/revisions"}],"predecessor-version":[{"id":77983,"href":"https:\/\/www.elsindical.com.ar\/notas\/wp-json\/wp\/v2\/posts\/77981\/revisions\/77983"}],"wp:featuredmedia":[{"embeddable":true,"href":"https:\/\/www.elsindical.com.ar\/notas\/wp-json\/wp\/v2\/media\/77982"}],"wp:attachment":[{"href":"https:\/\/www.elsindical.com.ar\/notas\/wp-json\/wp\/v2\/media?parent=77981"}],"wp:term":[{"taxonomy":"category","embeddable":true,"href":"https:\/\/www.elsindical.com.ar\/notas\/wp-json\/wp\/v2\/categories?post=77981"},{"taxonomy":"post_tag","embeddable":true,"href":"https:\/\/www.elsindical.com.ar\/notas\/wp-json\/wp\/v2\/tags?post=77981"}],"curies":[{"name":"wp","href":"https:\/\/api.w.org\/{rel}","templated":true}]}}