{"id":77970,"date":"2018-04-30T11:00:39","date_gmt":"2018-04-30T14:00:39","guid":{"rendered":"http:\/\/www.elsindical.com.ar\/notas\/?p=77970"},"modified":"2018-04-30T11:00:39","modified_gmt":"2018-04-30T14:00:39","slug":"insolito-por-impuesto-a-las-ganacias-investigadores-de-conicet-cobraron-001","status":"publish","type":"post","link":"https:\/\/www.elsindical.com.ar\/notas\/insolito-por-impuesto-a-las-ganacias-investigadores-de-conicet-cobraron-001\/","title":{"rendered":"Ins\u00f3lito: por Impuesto a las Ganacias, investigadores de Conicet cobraron $0,01"},"content":{"rendered":"<p><em><span class=\"text description col-xs-8 col-lg-9\"><a href=\"http:\/\/www.elsindical.com.ar\/notas\/var\/www\/html\/notas\/wp-content\/uploads\/2018\/04\/CONICET.jpg\"><img loading=\"lazy\" decoding=\"async\" class=\"alignnone size-medium wp-image-77971\" src=\"http:\/\/www.elsindical.com.ar\/notas\/var\/www\/html\/notas\/wp-content\/uploads\/2018\/04\/CONICET-300x193.jpg\" alt=\"\" width=\"300\" height=\"193\" srcset=\"https:\/\/www.elsindical.com.ar\/notas\/var\/www\/html\/notas\/wp-content\/uploads\/2018\/04\/CONICET-300x193.jpg 300w, https:\/\/www.elsindical.com.ar\/notas\/var\/www\/html\/notas\/wp-content\/uploads\/2018\/04\/CONICET-768x493.jpg 768w, https:\/\/www.elsindical.com.ar\/notas\/var\/www\/html\/notas\/wp-content\/uploads\/2018\/04\/CONICET-467x300.jpg 467w, https:\/\/www.elsindical.com.ar\/notas\/var\/www\/html\/notas\/wp-content\/uploads\/2018\/04\/CONICET.jpg 1000w\" sizes=\"auto, (max-width: 300px) 100vw, 300px\" \/><\/a>\u00a0 Por un descuento a sus haberes habituales en concepto \u00abRetenci\u00f3n Impuesto a las Ganancias a\u00f1o anterior\u00bb, 93 investigadores del Conicet, cobraron un centavo de salario. Ins\u00f3lito.<\/span><\/em><\/p>\n<p>Por un <strong>descuento a sus haberes<\/strong> habituales\u00a0en concepto <strong>\u00abRetenci\u00f3n Impuesto a las Ganancias a\u00f1o anterior\u00bb<\/strong>, 93 investigadores del <strong>Conicet<\/strong>, cobraron <strong>un centavo de salario<\/strong>.<\/p>\n<p>Desde el organismo que depende del Ministerio de Ciencia, Tecnolog\u00eda e Innovaci\u00f3n Productiva argumentaron que, de los 10.000 investigadores que se desempe\u00f1an all\u00ed, unos<strong> 6.000 vieron afectado su ingreso mensual por no haber realizado a tiempo su declaraci\u00f3n de Ganancias<\/strong>, con todas las deducciones correspondientes, public\u00f3 el diario Clar\u00edn.<\/p>\n<p>Seg\u00fan argumentaron, se trata de una <strong>cuesti\u00f3n administrativa<\/strong> y el mi\u00e9rcoles -primer d\u00eda h\u00e1bil luego de que se liquidaran los sueldos- habr\u00e1 una resoluci\u00f3n a esta situaci\u00f3n.<\/p>\n<p>Seg\u00fan detallaron desde el Conicet, unos <strong>2.200<\/strong> investigadores recibieron un salario m\u00e1s alto que el habitual porque se les hab\u00eda liquidado mal el impuesto.<\/p>\n<p>En tanto, unos <strong>3.800<\/strong> se encontraron un recorte en sus salarios habituales: en este caso, los ajustes m\u00e1s extremos implicaron pagos de s\u00f3lo un centavo.<\/p>\n<p>Los recibos de sueldo de algunos de esos investigadores circularon en las \u00faltimas horas en redes sociales y motivaron la sorpresa de los usuarios de esas plataformas.<\/p>\n","protected":false},"excerpt":{"rendered":"<p>\u00a0 Por un descuento a sus haberes habituales en concepto \u00abRetenci\u00f3n Impuesto a las Ganancias a\u00f1o anterior\u00bb, 93 investigadores del Conicet, cobraron un centavo de salario. Ins\u00f3lito. Por un descuento a sus haberes habituales\u00a0en concepto \u00abRetenci\u00f3n Impuesto a las Ganancias a\u00f1o anterior\u00bb, 93 investigadores del Conicet, cobraron un centavo de salario. Desde el organismo que&hellip;<\/p>\n","protected":false},"author":1,"featured_media":77971,"comment_status":"open","ping_status":"open","sticky":false,"template":"","format":"standard","meta":{"footnotes":""},"categories":[9],"tags":[5614,1423,1720,28764],"class_list":["post-77970","post","type-post","status-publish","format-standard","has-post-thumbnail","hentry","category-economia","tag-conicet","tag-descuentos","tag-haberes","tag-retencion-impuesto-a-las-ganancias"],"_links":{"self":[{"href":"https:\/\/www.elsindical.com.ar\/notas\/wp-json\/wp\/v2\/posts\/77970","targetHints":{"allow":["GET"]}}],"collection":[{"href":"https:\/\/www.elsindical.com.ar\/notas\/wp-json\/wp\/v2\/posts"}],"about":[{"href":"https:\/\/www.elsindical.com.ar\/notas\/wp-json\/wp\/v2\/types\/post"}],"author":[{"embeddable":true,"href":"https:\/\/www.elsindical.com.ar\/notas\/wp-json\/wp\/v2\/users\/1"}],"replies":[{"embeddable":true,"href":"https:\/\/www.elsindical.com.ar\/notas\/wp-json\/wp\/v2\/comments?post=77970"}],"version-history":[{"count":1,"href":"https:\/\/www.elsindical.com.ar\/notas\/wp-json\/wp\/v2\/posts\/77970\/revisions"}],"predecessor-version":[{"id":77972,"href":"https:\/\/www.elsindical.com.ar\/notas\/wp-json\/wp\/v2\/posts\/77970\/revisions\/77972"}],"wp:featuredmedia":[{"embeddable":true,"href":"https:\/\/www.elsindical.com.ar\/notas\/wp-json\/wp\/v2\/media\/77971"}],"wp:attachment":[{"href":"https:\/\/www.elsindical.com.ar\/notas\/wp-json\/wp\/v2\/media?parent=77970"}],"wp:term":[{"taxonomy":"category","embeddable":true,"href":"https:\/\/www.elsindical.com.ar\/notas\/wp-json\/wp\/v2\/categories?post=77970"},{"taxonomy":"post_tag","embeddable":true,"href":"https:\/\/www.elsindical.com.ar\/notas\/wp-json\/wp\/v2\/tags?post=77970"}],"curies":[{"name":"wp","href":"https:\/\/api.w.org\/{rel}","templated":true}]}}